{"id":9978,"date":"2013-01-05T17:21:19","date_gmt":"2013-01-05T16:21:19","guid":{"rendered":"https:\/\/www.mobilimariani.com\/?p=9978"},"modified":"2023-08-12T09:47:06","modified_gmt":"2023-08-12T07:47:06","slug":"dada-cuisine-mod-banco","status":"publish","type":"post","link":"https:\/\/www.mobilimariani.com\/fr\/dada-cuisine-mod-banco\/","title":{"rendered":"DADA CUISINE mod. BANCO"},"content":{"rendered":"<p>Dada cuisine mod. Banco cm. 326&#215;45\/68x224h<\/p>\n<p>Composition mat portes blanc laqu\u00e9, cuisine lin\u00e9aire, plateau lamin\u00e9 toutes \u00e9paisseur Basi suspendue sur une structure en aluminium. Barre lumineuse \u00e9quip\u00e9e de prises \u00e9lectriques, bar porte-ustenstiles, crochet seul et \u00e9tag\u00e8re en verre 45 cm.<br \/>\nplaques Franke PTI54GAV -TC cm.70<br \/>\nFour Siemens HB21AB520J<br \/>\nMaxfire hotte Compact MC 800 \/ H<br \/>\nFranke \u00e9vier 1 bac 1\/2 salle de bain + + \u00e9gouttoir inox<br \/>\nrobinets Franke<\/p>\n<p>PRIX CATALOGUE \u20ac<br \/>\nPRIX R\u00c9DUIT \u20ac<\/p>\n<p>PRIX EXTRA PROMO \u20ac<\/p>\n<p>Hors frais de transport et de montage<br \/>\nLes appareils indiqu\u00e9s peuvent \u00eatre remplac\u00e9s par des mod\u00e8les \u00e9quivalents<br \/>\nPour d\u00e9couvrir la marque Dada <a href=\"https:\/\/www.mobilimariani.com\/fr\/concessionnaire-dada\/\">cliquer ici<\/a><\/p>\n<p>Pour nos clients suisses, il sera d\u00e9duit l&#8217;IVA italienne \u00e0 hauteur de 22%<\/p>\n","protected":false},"excerpt":{"rendered":"Dada cuisine mod. Banco cm. 326&#215;45\/68x224h Composition mat portes blanc laqu\u00e9, cuisine lin\u00e9aire, plateau lamin\u00e9 toutes \u00e9paisseur Basi suspendue sur une structure en aluminium. Barre lumineuse \u00e9quip\u00e9e de prises \u00e9lectriques, bar porte-ustenstiles, crochet seul et \u00e9tag\u00e8re en verre 45 cm. plaques Franke PTI54GAV -TC cm.70 Four Siemens HB21AB520J Maxfire hotte Compact MC 800 \/ H&#8230; <a class=\"view-article\" href=\"https:\/\/www.mobilimariani.com\/fr\/dada-cuisine-mod-banco\/\">Voir l&#8217;article<\/a>","protected":false},"author":1,"featured_media":315,"comment_status":"closed","ping_status":"closed","sticky":false,"template":"","format":"standard","meta":[],"categories":[50,14],"tags":[],"yoast_head":"<!-- This site is optimized with the Yoast SEO plugin v16.2 - https:\/\/yoast.com\/wordpress\/plugins\/seo\/ -->\n<meta name=\"description\" content=\"Dada cuisine mod. Banco cm. 326x45\/68x224h Composition mat portes blanc laqu\u00e9, cuisine lin\u00e9aire, plateau lamin\u00e9 toutes \u00e9paisseur Basi suspendue sur une\" \/>\n<meta name=\"robots\" content=\"index, follow, max-snippet:-1, max-image-preview:large, max-video-preview:-1\" \/>\n<link rel=\"canonical\" href=\"https:\/\/www.mobilimariani.com\/fr\/dada-cuisine-mod-banco\/\" \/>\n<meta property=\"og:locale\" content=\"fr_FR\" \/>\n<meta property=\"og:type\" content=\"article\" \/>\n<meta property=\"og:title\" content=\"DADA CUISINE mod. BANCO | Mobili Mariani\" \/>\n<meta property=\"og:description\" content=\"Dada cuisine mod. Banco cm. 326x45\/68x224h Composition mat portes blanc laqu\u00e9, cuisine lin\u00e9aire, plateau lamin\u00e9 toutes \u00e9paisseur Basi suspendue sur une\" \/>\n<meta property=\"og:url\" content=\"https:\/\/www.mobilimariani.com\/fr\/dada-cuisine-mod-banco\/\" \/>\n<meta property=\"og:site_name\" content=\"Mobili Mariani\" \/>\n<meta property=\"article:published_time\" content=\"2013-01-05T16:21:19+00:00\" \/>\n<meta property=\"article:modified_time\" content=\"2023-08-12T07:47:06+00:00\" \/>\n<meta property=\"og:image\" content=\"https:\/\/www.mobilimariani.com\/wp-content\/uploads\/2014\/11\/banco-dada-P2120023.jpg\" \/>\n\t<meta property=\"og:image:width\" content=\"2048\" \/>\n\t<meta property=\"og:image:height\" content=\"1536\" \/>\n<meta name=\"twitter:label1\" content=\"Est. reading time\">\n\t<meta name=\"twitter:data1\" content=\"1 minute\">\n<script type=\"application\/ld+json\" class=\"yoast-schema-graph\">{\"@context\":\"https:\/\/schema.org\",\"@graph\":[{\"@type\":\"Organization\",\"@id\":\"https:\/\/www.mobilimariani.com\/#organization\",\"name\":\"Mobili Mariani\",\"url\":\"https:\/\/www.mobilimariani.com\/\",\"sameAs\":[],\"logo\":{\"@type\":\"ImageObject\",\"@id\":\"https:\/\/www.mobilimariani.com\/#logo\",\"inLanguage\":\"fr-CH\",\"url\":\"https:\/\/www.mobilimariani.com\/wp-content\/uploads\/2015\/12\/logo.png\",\"contentUrl\":\"https:\/\/www.mobilimariani.com\/wp-content\/uploads\/2015\/12\/logo.png\",\"width\":160,\"height\":110,\"caption\":\"Mobili Mariani\"},\"image\":{\"@id\":\"https:\/\/www.mobilimariani.com\/#logo\"}},{\"@type\":\"WebSite\",\"@id\":\"https:\/\/www.mobilimariani.com\/#website\",\"url\":\"https:\/\/www.mobilimariani.com\/\",\"name\":\"Mobili Mariani\",\"description\":\"Mobili Italia Svizzera\",\"publisher\":{\"@id\":\"https:\/\/www.mobilimariani.com\/#organization\"},\"potentialAction\":[{\"@type\":\"SearchAction\",\"target\":\"https:\/\/www.mobilimariani.com\/?s={search_term_string}\",\"query-input\":\"required name=search_term_string\"}],\"inLanguage\":\"fr-CH\"},{\"@type\":\"ImageObject\",\"@id\":\"https:\/\/www.mobilimariani.com\/fr\/dada-cuisine-mod-banco\/#primaryimage\",\"inLanguage\":\"fr-CH\",\"url\":\"https:\/\/www.mobilimariani.com\/wp-content\/uploads\/2014\/11\/banco-dada-P2120023.jpg\",\"contentUrl\":\"https:\/\/www.mobilimariani.com\/wp-content\/uploads\/2014\/11\/banco-dada-P2120023.jpg\",\"width\":2048,\"height\":1536,\"caption\":\"DADA CUCINA mod. BANCO\"},{\"@type\":\"WebPage\",\"@id\":\"https:\/\/www.mobilimariani.com\/fr\/dada-cuisine-mod-banco\/#webpage\",\"url\":\"https:\/\/www.mobilimariani.com\/fr\/dada-cuisine-mod-banco\/\",\"name\":\"DADA CUISINE mod. BANCO | Mobili Mariani\",\"isPartOf\":{\"@id\":\"https:\/\/www.mobilimariani.com\/#website\"},\"primaryImageOfPage\":{\"@id\":\"https:\/\/www.mobilimariani.com\/fr\/dada-cuisine-mod-banco\/#primaryimage\"},\"datePublished\":\"2013-01-05T16:21:19+00:00\",\"dateModified\":\"2023-08-12T07:47:06+00:00\",\"description\":\"Dada cuisine mod. Banco cm. 326x45\/68x224h Composition mat portes blanc laqu\\u00e9, cuisine lin\\u00e9aire, plateau lamin\\u00e9 toutes \\u00e9paisseur Basi suspendue sur une\",\"breadcrumb\":{\"@id\":\"https:\/\/www.mobilimariani.com\/fr\/dada-cuisine-mod-banco\/#breadcrumb\"},\"inLanguage\":\"fr-CH\",\"potentialAction\":[{\"@type\":\"ReadAction\",\"target\":[\"https:\/\/www.mobilimariani.com\/fr\/dada-cuisine-mod-banco\/\"]}]},{\"@type\":\"BreadcrumbList\",\"@id\":\"https:\/\/www.mobilimariani.com\/fr\/dada-cuisine-mod-banco\/#breadcrumb\",\"itemListElement\":[{\"@type\":\"ListItem\",\"position\":1,\"item\":{\"@type\":\"WebPage\",\"@id\":\"https:\/\/www.mobilimariani.com\/\",\"url\":\"https:\/\/www.mobilimariani.com\/\",\"name\":\"Home\"}},{\"@type\":\"ListItem\",\"position\":2,\"item\":{\"@id\":\"https:\/\/www.mobilimariani.com\/fr\/dada-cuisine-mod-banco\/#webpage\"}}]},{\"@type\":\"Article\",\"@id\":\"https:\/\/www.mobilimariani.com\/fr\/dada-cuisine-mod-banco\/#article\",\"isPartOf\":{\"@id\":\"https:\/\/www.mobilimariani.com\/fr\/dada-cuisine-mod-banco\/#webpage\"},\"author\":{\"@id\":\"https:\/\/www.mobilimariani.com\/#\/schema\/person\/4685d9f51269134e53f988c9122315f4\"},\"headline\":\"DADA CUISINE mod. BANCO\",\"datePublished\":\"2013-01-05T16:21:19+00:00\",\"dateModified\":\"2023-08-12T07:47:06+00:00\",\"mainEntityOfPage\":{\"@id\":\"https:\/\/www.mobilimariani.com\/fr\/dada-cuisine-mod-banco\/#webpage\"},\"publisher\":{\"@id\":\"https:\/\/www.mobilimariani.com\/#organization\"},\"image\":{\"@id\":\"https:\/\/www.mobilimariani.com\/fr\/dada-cuisine-mod-banco\/#primaryimage\"},\"articleSection\":[\"Offres Cuisines \",\"Outlet\"],\"inLanguage\":\"fr-CH\"},{\"@type\":\"Person\",\"@id\":\"https:\/\/www.mobilimariani.com\/#\/schema\/person\/4685d9f51269134e53f988c9122315f4\",\"name\":\"14m4rC008\",\"image\":{\"@type\":\"ImageObject\",\"@id\":\"https:\/\/www.mobilimariani.com\/#personlogo\",\"inLanguage\":\"fr-CH\",\"url\":\"https:\/\/secure.gravatar.com\/avatar\/dfaa6e536fec7030712cf850e9ddef45?s=96&d=mm&r=g\",\"contentUrl\":\"https:\/\/secure.gravatar.com\/avatar\/dfaa6e536fec7030712cf850e9ddef45?s=96&d=mm&r=g\",\"caption\":\"14m4rC008\"}}]}<\/script>\n<!-- \/ Yoast SEO plugin. -->","_links":{"self":[{"href":"https:\/\/www.mobilimariani.com\/fr\/wp-json\/wp\/v2\/posts\/9978"}],"collection":[{"href":"https:\/\/www.mobilimariani.com\/fr\/wp-json\/wp\/v2\/posts"}],"about":[{"href":"https:\/\/www.mobilimariani.com\/fr\/wp-json\/wp\/v2\/types\/post"}],"author":[{"embeddable":true,"href":"https:\/\/www.mobilimariani.com\/fr\/wp-json\/wp\/v2\/users\/1"}],"replies":[{"embeddable":true,"href":"https:\/\/www.mobilimariani.com\/fr\/wp-json\/wp\/v2\/comments?post=9978"}],"version-history":[{"count":3,"href":"https:\/\/www.mobilimariani.com\/fr\/wp-json\/wp\/v2\/posts\/9978\/revisions"}],"predecessor-version":[{"id":29780,"href":"https:\/\/www.mobilimariani.com\/fr\/wp-json\/wp\/v2\/posts\/9978\/revisions\/29780"}],"wp:featuredmedia":[{"embeddable":true,"href":"https:\/\/www.mobilimariani.com\/fr\/wp-json\/wp\/v2\/media\/315"}],"wp:attachment":[{"href":"https:\/\/www.mobilimariani.com\/fr\/wp-json\/wp\/v2\/media?parent=9978"}],"wp:term":[{"taxonomy":"category","embeddable":true,"href":"https:\/\/www.mobilimariani.com\/fr\/wp-json\/wp\/v2\/categories?post=9978"},{"taxonomy":"post_tag","embeddable":true,"href":"https:\/\/www.mobilimariani.com\/fr\/wp-json\/wp\/v2\/tags?post=9978"}],"curies":[{"name":"wp","href":"https:\/\/api.w.org\/{rel}","templated":true}]}}