{"id":9934,"date":"2016-02-06T13:41:12","date_gmt":"2016-02-06T12:41:12","guid":{"rendered":"https:\/\/www.mobilimariani.com\/?p=9934"},"modified":"2017-04-11T20:21:26","modified_gmt":"2017-04-11T18:21:26","slug":"realisation-descalier-interne","status":"publish","type":"post","link":"https:\/\/www.mobilimariani.com\/fr\/realisation-descalier-interne\/","title":{"rendered":"R\u00c9ALISATION D&#8217;ESCALIER INTERNE"},"content":{"rendered":"<p>R\u00c9ALISATION D&#8217;ESCALIER INTERNE<\/p>\n<p>La capacit\u00e9 d&#8217;intervenir dans le processus de construction de ce manoir \u00e0 Val Chiusella, nous a permis de concevoir un grand escalier permettant d&#8217;acc\u00e9der \u00e0 la grande salle de s\u00e9jour de la chambre.<\/p>\n<p>La caract\u00e9ristique \u00e9clairage &#8220;segna passo&#8221; combin\u00e9s aux LED du lambris en teck, r\u00e9alise un \u00e9chiquier en relief sur plusieurs niveaux, et en particulier un garde-corps en acier inoxydable\u00a0 &#8220;PININFARINA DESIGN&#8221;, donne \u00e0 cet escalier une touche d&#8217;\u00e9l\u00e9gance.<\/p>\n","protected":false},"excerpt":{"rendered":"R\u00c9ALISATION D&#8217;ESCALIER INTERNE La capacit\u00e9 d&#8217;intervenir dans le processus de construction de ce manoir \u00e0 Val Chiusella, nous a permis de concevoir un grand escalier permettant d&#8217;acc\u00e9der \u00e0 la grande salle de s\u00e9jour de la chambre. La caract\u00e9ristique \u00e9clairage &#8220;segna passo&#8221; combin\u00e9s aux LED du lambris en teck, r\u00e9alise un \u00e9chiquier en relief sur plusieurs&#8230; <a class=\"view-article\" href=\"https:\/\/www.mobilimariani.com\/fr\/realisation-descalier-interne\/\">Voir l&#8217;article<\/a>","protected":false},"author":1,"featured_media":7917,"comment_status":"closed","ping_status":"closed","sticky":false,"template":"","format":"standard","meta":[],"categories":[23,15],"tags":[],"yoast_head":"<!-- This site is optimized with the Yoast SEO plugin v16.2 - https:\/\/yoast.com\/wordpress\/plugins\/seo\/ -->\n<meta name=\"description\" content=\"R\u00c9ALISATION D&#039;ESCALIER INTERNE La capacit\u00e9 d&#039;intervenir dans le processus de construction de ce manoir \u00e0 Val Chiusella, nous a permis de concevoir un\" \/>\n<meta name=\"robots\" content=\"index, follow, max-snippet:-1, max-image-preview:large, max-video-preview:-1\" \/>\n<link rel=\"canonical\" href=\"https:\/\/www.mobilimariani.com\/fr\/realisation-descalier-interne\/\" \/>\n<meta property=\"og:locale\" content=\"fr_FR\" \/>\n<meta property=\"og:type\" content=\"article\" \/>\n<meta property=\"og:title\" content=\"R\u00c9ALISATION D&#039;ESCALIER INTERNE | Mobili Mariani\" \/>\n<meta property=\"og:description\" content=\"R\u00c9ALISATION D&#039;ESCALIER INTERNE La capacit\u00e9 d&#039;intervenir dans le processus de construction de ce manoir \u00e0 Val Chiusella, nous a permis de concevoir un\" \/>\n<meta property=\"og:url\" content=\"https:\/\/www.mobilimariani.com\/fr\/realisation-descalier-interne\/\" \/>\n<meta property=\"og:site_name\" content=\"Mobili Mariani\" \/>\n<meta property=\"article:published_time\" content=\"2016-02-06T12:41:12+00:00\" \/>\n<meta property=\"article:modified_time\" content=\"2017-04-11T18:21:26+00:00\" \/>\n<meta property=\"og:image\" content=\"https:\/\/www.mobilimariani.com\/wp-content\/uploads\/2014\/11\/pianta-scala-martino-2.jpg\" \/>\n\t<meta property=\"og:image:width\" content=\"819\" \/>\n\t<meta property=\"og:image:height\" content=\"611\" \/>\n<script type=\"application\/ld+json\" class=\"yoast-schema-graph\">{\"@context\":\"https:\/\/schema.org\",\"@graph\":[{\"@type\":\"Organization\",\"@id\":\"https:\/\/www.mobilimariani.com\/#organization\",\"name\":\"Mobili Mariani\",\"url\":\"https:\/\/www.mobilimariani.com\/\",\"sameAs\":[],\"logo\":{\"@type\":\"ImageObject\",\"@id\":\"https:\/\/www.mobilimariani.com\/#logo\",\"inLanguage\":\"fr-CH\",\"url\":\"https:\/\/www.mobilimariani.com\/wp-content\/uploads\/2015\/12\/logo.png\",\"contentUrl\":\"https:\/\/www.mobilimariani.com\/wp-content\/uploads\/2015\/12\/logo.png\",\"width\":160,\"height\":110,\"caption\":\"Mobili Mariani\"},\"image\":{\"@id\":\"https:\/\/www.mobilimariani.com\/#logo\"}},{\"@type\":\"WebSite\",\"@id\":\"https:\/\/www.mobilimariani.com\/#website\",\"url\":\"https:\/\/www.mobilimariani.com\/\",\"name\":\"Mobili Mariani\",\"description\":\"Mobili Italia Svizzera\",\"publisher\":{\"@id\":\"https:\/\/www.mobilimariani.com\/#organization\"},\"potentialAction\":[{\"@type\":\"SearchAction\",\"target\":\"https:\/\/www.mobilimariani.com\/?s={search_term_string}\",\"query-input\":\"required name=search_term_string\"}],\"inLanguage\":\"fr-CH\"},{\"@type\":\"ImageObject\",\"@id\":\"https:\/\/www.mobilimariani.com\/fr\/realisation-descalier-interne\/#primaryimage\",\"inLanguage\":\"fr-CH\",\"url\":\"https:\/\/www.mobilimariani.com\/wp-content\/uploads\/2014\/11\/pianta-scala-martino-2.jpg\",\"contentUrl\":\"https:\/\/www.mobilimariani.com\/wp-content\/uploads\/2014\/11\/pianta-scala-martino-2.jpg\",\"width\":819,\"height\":611,\"caption\":\"REALIZZAZIONE SCALA INTERNA\"},{\"@type\":\"WebPage\",\"@id\":\"https:\/\/www.mobilimariani.com\/fr\/realisation-descalier-interne\/#webpage\",\"url\":\"https:\/\/www.mobilimariani.com\/fr\/realisation-descalier-interne\/\",\"name\":\"R\\u00c9ALISATION D'ESCALIER INTERNE | Mobili Mariani\",\"isPartOf\":{\"@id\":\"https:\/\/www.mobilimariani.com\/#website\"},\"primaryImageOfPage\":{\"@id\":\"https:\/\/www.mobilimariani.com\/fr\/realisation-descalier-interne\/#primaryimage\"},\"datePublished\":\"2016-02-06T12:41:12+00:00\",\"dateModified\":\"2017-04-11T18:21:26+00:00\",\"description\":\"R\\u00c9ALISATION D'ESCALIER INTERNE La capacit\\u00e9 d'intervenir dans le processus de construction de ce manoir \\u00e0 Val Chiusella, nous a permis de concevoir un\",\"breadcrumb\":{\"@id\":\"https:\/\/www.mobilimariani.com\/fr\/realisation-descalier-interne\/#breadcrumb\"},\"inLanguage\":\"fr-CH\",\"potentialAction\":[{\"@type\":\"ReadAction\",\"target\":[\"https:\/\/www.mobilimariani.com\/fr\/realisation-descalier-interne\/\"]}]},{\"@type\":\"BreadcrumbList\",\"@id\":\"https:\/\/www.mobilimariani.com\/fr\/realisation-descalier-interne\/#breadcrumb\",\"itemListElement\":[{\"@type\":\"ListItem\",\"position\":1,\"item\":{\"@type\":\"WebPage\",\"@id\":\"https:\/\/www.mobilimariani.com\/\",\"url\":\"https:\/\/www.mobilimariani.com\/\",\"name\":\"Home\"}},{\"@type\":\"ListItem\",\"position\":2,\"item\":{\"@id\":\"https:\/\/www.mobilimariani.com\/fr\/realisation-descalier-interne\/#webpage\"}}]},{\"@type\":\"Article\",\"@id\":\"https:\/\/www.mobilimariani.com\/fr\/realisation-descalier-interne\/#article\",\"isPartOf\":{\"@id\":\"https:\/\/www.mobilimariani.com\/fr\/realisation-descalier-interne\/#webpage\"},\"author\":{\"@id\":\"https:\/\/www.mobilimariani.com\/#\/schema\/person\/4685d9f51269134e53f988c9122315f4\"},\"headline\":\"R\\u00c9ALISATION D&#8217;ESCALIER INTERNE\",\"datePublished\":\"2016-02-06T12:41:12+00:00\",\"dateModified\":\"2017-04-11T18:21:26+00:00\",\"mainEntityOfPage\":{\"@id\":\"https:\/\/www.mobilimariani.com\/fr\/realisation-descalier-interne\/#webpage\"},\"publisher\":{\"@id\":\"https:\/\/www.mobilimariani.com\/#organization\"},\"image\":{\"@id\":\"https:\/\/www.mobilimariani.com\/fr\/realisation-descalier-interne\/#primaryimage\"},\"articleSection\":[\"Autre\",\"Conception\"],\"inLanguage\":\"fr-CH\"},{\"@type\":\"Person\",\"@id\":\"https:\/\/www.mobilimariani.com\/#\/schema\/person\/4685d9f51269134e53f988c9122315f4\",\"name\":\"14m4rC008\",\"image\":{\"@type\":\"ImageObject\",\"@id\":\"https:\/\/www.mobilimariani.com\/#personlogo\",\"inLanguage\":\"fr-CH\",\"url\":\"https:\/\/secure.gravatar.com\/avatar\/dfaa6e536fec7030712cf850e9ddef45?s=96&d=mm&r=g\",\"contentUrl\":\"https:\/\/secure.gravatar.com\/avatar\/dfaa6e536fec7030712cf850e9ddef45?s=96&d=mm&r=g\",\"caption\":\"14m4rC008\"}}]}<\/script>\n<!-- \/ Yoast SEO plugin. -->","_links":{"self":[{"href":"https:\/\/www.mobilimariani.com\/fr\/wp-json\/wp\/v2\/posts\/9934"}],"collection":[{"href":"https:\/\/www.mobilimariani.com\/fr\/wp-json\/wp\/v2\/posts"}],"about":[{"href":"https:\/\/www.mobilimariani.com\/fr\/wp-json\/wp\/v2\/types\/post"}],"author":[{"embeddable":true,"href":"https:\/\/www.mobilimariani.com\/fr\/wp-json\/wp\/v2\/users\/1"}],"replies":[{"embeddable":true,"href":"https:\/\/www.mobilimariani.com\/fr\/wp-json\/wp\/v2\/comments?post=9934"}],"version-history":[{"count":1,"href":"https:\/\/www.mobilimariani.com\/fr\/wp-json\/wp\/v2\/posts\/9934\/revisions"}],"predecessor-version":[{"id":9935,"href":"https:\/\/www.mobilimariani.com\/fr\/wp-json\/wp\/v2\/posts\/9934\/revisions\/9935"}],"wp:featuredmedia":[{"embeddable":true,"href":"https:\/\/www.mobilimariani.com\/fr\/wp-json\/wp\/v2\/media\/7917"}],"wp:attachment":[{"href":"https:\/\/www.mobilimariani.com\/fr\/wp-json\/wp\/v2\/media?parent=9934"}],"wp:term":[{"taxonomy":"category","embeddable":true,"href":"https:\/\/www.mobilimariani.com\/fr\/wp-json\/wp\/v2\/categories?post=9934"},{"taxonomy":"post_tag","embeddable":true,"href":"https:\/\/www.mobilimariani.com\/fr\/wp-json\/wp\/v2\/tags?post=9934"}],"curies":[{"name":"wp","href":"https:\/\/api.w.org\/{rel}","templated":true}]}}