{"id":9873,"date":"2016-02-05T17:43:12","date_gmt":"2016-02-05T16:43:12","guid":{"rendered":"https:\/\/www.mobilimariani.com\/?p=9873"},"modified":"2018-04-06T10:33:59","modified_gmt":"2018-04-06T08:33:59","slug":"realisation-de-salle-de-bain","status":"publish","type":"post","link":"https:\/\/www.mobilimariani.com\/fr\/realisation-de-salle-de-bain\/","title":{"rendered":"RENOVATION DE SALLE DE BAIN"},"content":{"rendered":"<p>R\u00c9ALISATION DE SALLE DE BAIN<\/p>\n<p>Typique de salle de bain\u00a0&#8221; a corridor &#8221; dans un\u00a0b\u00e2timent historique du centre de Milan. La r\u00e9novation comprenait le remplacement de la salle de bain avec une grande douche et la division en deux zones distinctes : la premi\u00e8re \u00e9quip\u00e9e d&#8217;un lavabo, d&#8217;une armoire pour lave-linge\/ s\u00e8che-linge, et de sa lumi\u00e8re ; la seconde, pour aller \u00e0 la douche et aux sanitaires, fait plus priv\u00e9 en cr\u00e9ant une cloison couverte avec des inserts en mosa\u00efque dans le bloc de verre et un \u00e9clairage ind\u00e9pendant.<\/p>\n","protected":false},"excerpt":{"rendered":"R\u00c9ALISATION DE SALLE DE BAIN Typique de salle de bain\u00a0&#8221; a corridor &#8221; dans un\u00a0b\u00e2timent historique du centre de Milan. La r\u00e9novation comprenait le remplacement de la salle de bain avec une grande douche et la division en deux zones distinctes : la premi\u00e8re \u00e9quip\u00e9e d&#8217;un lavabo, d&#8217;une armoire pour lave-linge\/ s\u00e8che-linge, et de sa&#8230; <a class=\"view-article\" href=\"https:\/\/www.mobilimariani.com\/fr\/realisation-de-salle-de-bain\/\">Voir l&#8217;article<\/a>","protected":false},"author":1,"featured_media":505,"comment_status":"closed","ping_status":"closed","sticky":false,"template":"","format":"standard","meta":[],"categories":[22,15],"tags":[],"yoast_head":"<!-- This site is optimized with the Yoast SEO plugin v16.2 - https:\/\/yoast.com\/wordpress\/plugins\/seo\/ -->\n<meta name=\"description\" content=\"R\u00c9ALISATION DE SALLE DE BAIN Typique de salle de bain\u00a0&quot; a corridor &quot; dans un\u00a0b\u00e2timent historique du centre de Milan. La r\u00e9novation comprenait le\" \/>\n<meta name=\"robots\" content=\"index, follow, max-snippet:-1, max-image-preview:large, max-video-preview:-1\" \/>\n<link rel=\"canonical\" href=\"https:\/\/www.mobilimariani.com\/fr\/realisation-de-salle-de-bain\/\" \/>\n<meta property=\"og:locale\" content=\"fr_FR\" \/>\n<meta property=\"og:type\" content=\"article\" \/>\n<meta property=\"og:title\" content=\"RENOVATION DE SALLE DE BAIN | Mobili Mariani\" \/>\n<meta property=\"og:description\" content=\"R\u00c9ALISATION DE SALLE DE BAIN Typique de salle de bain\u00a0&quot; a corridor &quot; dans un\u00a0b\u00e2timent historique du centre de Milan. La r\u00e9novation comprenait le\" \/>\n<meta property=\"og:url\" content=\"https:\/\/www.mobilimariani.com\/fr\/realisation-de-salle-de-bain\/\" \/>\n<meta property=\"og:site_name\" content=\"Mobili Mariani\" \/>\n<meta property=\"article:published_time\" content=\"2016-02-05T16:43:12+00:00\" \/>\n<meta property=\"article:modified_time\" content=\"2018-04-06T08:33:59+00:00\" \/>\n<meta property=\"og:image\" content=\"https:\/\/www.mobilimariani.com\/wp-content\/uploads\/2014\/11\/500-bagnoped.jpg\" \/>\n\t<meta property=\"og:image:width\" content=\"622\" \/>\n\t<meta property=\"og:image:height\" content=\"430\" \/>\n<script type=\"application\/ld+json\" class=\"yoast-schema-graph\">{\"@context\":\"https:\/\/schema.org\",\"@graph\":[{\"@type\":\"Organization\",\"@id\":\"https:\/\/www.mobilimariani.com\/#organization\",\"name\":\"Mobili Mariani\",\"url\":\"https:\/\/www.mobilimariani.com\/\",\"sameAs\":[],\"logo\":{\"@type\":\"ImageObject\",\"@id\":\"https:\/\/www.mobilimariani.com\/#logo\",\"inLanguage\":\"fr-CH\",\"url\":\"https:\/\/www.mobilimariani.com\/wp-content\/uploads\/2015\/12\/logo.png\",\"contentUrl\":\"https:\/\/www.mobilimariani.com\/wp-content\/uploads\/2015\/12\/logo.png\",\"width\":160,\"height\":110,\"caption\":\"Mobili Mariani\"},\"image\":{\"@id\":\"https:\/\/www.mobilimariani.com\/#logo\"}},{\"@type\":\"WebSite\",\"@id\":\"https:\/\/www.mobilimariani.com\/#website\",\"url\":\"https:\/\/www.mobilimariani.com\/\",\"name\":\"Mobili Mariani\",\"description\":\"Mobili Italia Svizzera\",\"publisher\":{\"@id\":\"https:\/\/www.mobilimariani.com\/#organization\"},\"potentialAction\":[{\"@type\":\"SearchAction\",\"target\":\"https:\/\/www.mobilimariani.com\/?s={search_term_string}\",\"query-input\":\"required name=search_term_string\"}],\"inLanguage\":\"fr-CH\"},{\"@type\":\"ImageObject\",\"@id\":\"https:\/\/www.mobilimariani.com\/fr\/realisation-de-salle-de-bain\/#primaryimage\",\"inLanguage\":\"fr-CH\",\"url\":\"https:\/\/www.mobilimariani.com\/wp-content\/uploads\/2014\/11\/500-bagnoped.jpg\",\"contentUrl\":\"https:\/\/www.mobilimariani.com\/wp-content\/uploads\/2014\/11\/500-bagnoped.jpg\",\"width\":622,\"height\":430,\"caption\":\"REALIZZAZIONE BAGNO\"},{\"@type\":\"WebPage\",\"@id\":\"https:\/\/www.mobilimariani.com\/fr\/realisation-de-salle-de-bain\/#webpage\",\"url\":\"https:\/\/www.mobilimariani.com\/fr\/realisation-de-salle-de-bain\/\",\"name\":\"RENOVATION DE SALLE DE BAIN | Mobili Mariani\",\"isPartOf\":{\"@id\":\"https:\/\/www.mobilimariani.com\/#website\"},\"primaryImageOfPage\":{\"@id\":\"https:\/\/www.mobilimariani.com\/fr\/realisation-de-salle-de-bain\/#primaryimage\"},\"datePublished\":\"2016-02-05T16:43:12+00:00\",\"dateModified\":\"2018-04-06T08:33:59+00:00\",\"description\":\"R\\u00c9ALISATION DE SALLE DE BAIN Typique de salle de bain\\u00a0\\\" a corridor \\\" dans un\\u00a0b\\u00e2timent historique du centre de Milan. La r\\u00e9novation comprenait le\",\"breadcrumb\":{\"@id\":\"https:\/\/www.mobilimariani.com\/fr\/realisation-de-salle-de-bain\/#breadcrumb\"},\"inLanguage\":\"fr-CH\",\"potentialAction\":[{\"@type\":\"ReadAction\",\"target\":[\"https:\/\/www.mobilimariani.com\/fr\/realisation-de-salle-de-bain\/\"]}]},{\"@type\":\"BreadcrumbList\",\"@id\":\"https:\/\/www.mobilimariani.com\/fr\/realisation-de-salle-de-bain\/#breadcrumb\",\"itemListElement\":[{\"@type\":\"ListItem\",\"position\":1,\"item\":{\"@type\":\"WebPage\",\"@id\":\"https:\/\/www.mobilimariani.com\/\",\"url\":\"https:\/\/www.mobilimariani.com\/\",\"name\":\"Home\"}},{\"@type\":\"ListItem\",\"position\":2,\"item\":{\"@id\":\"https:\/\/www.mobilimariani.com\/fr\/realisation-de-salle-de-bain\/#webpage\"}}]},{\"@type\":\"Article\",\"@id\":\"https:\/\/www.mobilimariani.com\/fr\/realisation-de-salle-de-bain\/#article\",\"isPartOf\":{\"@id\":\"https:\/\/www.mobilimariani.com\/fr\/realisation-de-salle-de-bain\/#webpage\"},\"author\":{\"@id\":\"https:\/\/www.mobilimariani.com\/#\/schema\/person\/4685d9f51269134e53f988c9122315f4\"},\"headline\":\"RENOVATION DE SALLE DE BAIN\",\"datePublished\":\"2016-02-05T16:43:12+00:00\",\"dateModified\":\"2018-04-06T08:33:59+00:00\",\"mainEntityOfPage\":{\"@id\":\"https:\/\/www.mobilimariani.com\/fr\/realisation-de-salle-de-bain\/#webpage\"},\"publisher\":{\"@id\":\"https:\/\/www.mobilimariani.com\/#organization\"},\"image\":{\"@id\":\"https:\/\/www.mobilimariani.com\/fr\/realisation-de-salle-de-bain\/#primaryimage\"},\"articleSection\":[\"Bain\",\"Conception\"],\"inLanguage\":\"fr-CH\"},{\"@type\":\"Person\",\"@id\":\"https:\/\/www.mobilimariani.com\/#\/schema\/person\/4685d9f51269134e53f988c9122315f4\",\"name\":\"14m4rC008\",\"image\":{\"@type\":\"ImageObject\",\"@id\":\"https:\/\/www.mobilimariani.com\/#personlogo\",\"inLanguage\":\"fr-CH\",\"url\":\"https:\/\/secure.gravatar.com\/avatar\/dfaa6e536fec7030712cf850e9ddef45?s=96&d=mm&r=g\",\"contentUrl\":\"https:\/\/secure.gravatar.com\/avatar\/dfaa6e536fec7030712cf850e9ddef45?s=96&d=mm&r=g\",\"caption\":\"14m4rC008\"}}]}<\/script>\n<!-- \/ Yoast SEO plugin. -->","_links":{"self":[{"href":"https:\/\/www.mobilimariani.com\/fr\/wp-json\/wp\/v2\/posts\/9873"}],"collection":[{"href":"https:\/\/www.mobilimariani.com\/fr\/wp-json\/wp\/v2\/posts"}],"about":[{"href":"https:\/\/www.mobilimariani.com\/fr\/wp-json\/wp\/v2\/types\/post"}],"author":[{"embeddable":true,"href":"https:\/\/www.mobilimariani.com\/fr\/wp-json\/wp\/v2\/users\/1"}],"replies":[{"embeddable":true,"href":"https:\/\/www.mobilimariani.com\/fr\/wp-json\/wp\/v2\/comments?post=9873"}],"version-history":[{"count":1,"href":"https:\/\/www.mobilimariani.com\/fr\/wp-json\/wp\/v2\/posts\/9873\/revisions"}],"predecessor-version":[{"id":9874,"href":"https:\/\/www.mobilimariani.com\/fr\/wp-json\/wp\/v2\/posts\/9873\/revisions\/9874"}],"wp:featuredmedia":[{"embeddable":true,"href":"https:\/\/www.mobilimariani.com\/fr\/wp-json\/wp\/v2\/media\/505"}],"wp:attachment":[{"href":"https:\/\/www.mobilimariani.com\/fr\/wp-json\/wp\/v2\/media?parent=9873"}],"wp:term":[{"taxonomy":"category","embeddable":true,"href":"https:\/\/www.mobilimariani.com\/fr\/wp-json\/wp\/v2\/categories?post=9873"},{"taxonomy":"post_tag","embeddable":true,"href":"https:\/\/www.mobilimariani.com\/fr\/wp-json\/wp\/v2\/tags?post=9873"}],"curies":[{"name":"wp","href":"https:\/\/api.w.org\/{rel}","templated":true}]}}