{"id":9865,"date":"2014-02-05T12:54:30","date_gmt":"2014-02-05T11:54:30","guid":{"rendered":"https:\/\/www.mobilimariani.com\/?p=9865"},"modified":"2017-08-26T16:25:24","modified_gmt":"2017-08-26T14:25:24","slug":"dada-cuisine-vela","status":"publish","type":"post","link":"https:\/\/www.mobilimariani.com\/fr\/dada-cuisine-vela\/","title":{"rendered":"DADA CUISINE VELA"},"content":{"rendered":"<p>Dada cuisine\u00a0Vela design Luca Meda<\/p>\n<p>Vela\u00a0est d&#8217;une infini modularit\u00e9, des \u00e9l\u00e9ments flexibles, une technologie de pointe.<\/p>\n<p>Tous les conteneurs sont gris clair ou en ch\u00eane noir. Les meubles sont planes soit avec une ouverture \u00e0 volet soit avec portes battantes, la base en aluminium anodis\u00e9, stratifi\u00e9s et finitions laqu\u00e9es, mat ou brillant, les bois sont de\u00a0nombreuses esp\u00e8ces, l&#8217;acier est inoxydable. De plus, les colonnes : pivotantes et \u00e9quip\u00e9es, coin et \u00e9tag\u00e8res r\u00e9glables, de\u00a0toutes les tailles, accueillent un four, r\u00e9frig\u00e9rateur, cave \u00e0 vin.<\/p>\n<p>Pour d\u00e9couvrir la marque Dada <a href=\"https:\/\/www.mobilimariani.com\/fr\/concessionnaire-dada\/\">cliquer ici<\/a><\/p>\n<p>Vous \u00eates amoureux de cet article?<\/p>\n<p><a href=\"https:\/\/www.mobilimariani.com\/fr\/contacts\/\">Cliquez ici et demandez notre meilleur prix<\/a><\/p>\n<p>Disant\u00a0o\u00f9 sera faite la livraison et si vous avez aussi besoin du montage.<\/p>\n","protected":false},"excerpt":{"rendered":"Dada cuisine\u00a0Vela design Luca Meda Vela\u00a0est d&#8217;une infini modularit\u00e9, des \u00e9l\u00e9ments flexibles, une technologie de pointe. Tous les conteneurs sont gris clair ou en ch\u00eane noir. Les meubles sont planes soit avec une ouverture \u00e0 volet soit avec portes battantes, la base en aluminium anodis\u00e9, stratifi\u00e9s et finitions laqu\u00e9es, mat ou brillant, les bois sont&#8230; <a class=\"view-article\" href=\"https:\/\/www.mobilimariani.com\/fr\/dada-cuisine-vela\/\">Voir l&#8217;article<\/a>","protected":false},"author":1,"featured_media":575,"comment_status":"closed","ping_status":"closed","sticky":false,"template":"","format":"standard","meta":[],"categories":[1,16],"tags":[],"yoast_head":"<!-- This site is optimized with the Yoast SEO plugin v16.2 - https:\/\/yoast.com\/wordpress\/plugins\/seo\/ -->\n<meta name=\"description\" content=\"Dada cuisine\u00a0Vela design Luca Meda Vela\u00a0est d&#039;une infini modularit\u00e9, des \u00e9l\u00e9ments flexibles, une technologie de pointe. Tous les conteneurs sont gris\" \/>\n<meta name=\"robots\" content=\"index, follow, max-snippet:-1, max-image-preview:large, max-video-preview:-1\" \/>\n<link rel=\"canonical\" href=\"https:\/\/www.mobilimariani.com\/fr\/dada-cuisine-vela\/\" \/>\n<meta property=\"og:locale\" content=\"fr_FR\" \/>\n<meta property=\"og:type\" content=\"article\" \/>\n<meta property=\"og:title\" content=\"DADA CUISINE VELA | Mobili Mariani\" \/>\n<meta property=\"og:description\" content=\"Dada cuisine\u00a0Vela design Luca Meda Vela\u00a0est d&#039;une infini modularit\u00e9, des \u00e9l\u00e9ments flexibles, une technologie de pointe. Tous les conteneurs sont gris\" \/>\n<meta property=\"og:url\" content=\"https:\/\/www.mobilimariani.com\/fr\/dada-cuisine-vela\/\" \/>\n<meta property=\"og:site_name\" content=\"Mobili Mariani\" \/>\n<meta property=\"article:published_time\" content=\"2014-02-05T11:54:30+00:00\" \/>\n<meta property=\"article:modified_time\" content=\"2017-08-26T14:25:24+00:00\" \/>\n<meta property=\"og:image\" content=\"https:\/\/www.mobilimariani.com\/wp-content\/uploads\/2014\/11\/1-vela.jpg\" \/>\n\t<meta property=\"og:image:width\" content=\"426\" \/>\n\t<meta property=\"og:image:height\" content=\"222\" \/>\n<meta name=\"twitter:label1\" content=\"Est. reading time\">\n\t<meta name=\"twitter:data1\" content=\"1 minute\">\n<script type=\"application\/ld+json\" class=\"yoast-schema-graph\">{\"@context\":\"https:\/\/schema.org\",\"@graph\":[{\"@type\":\"Organization\",\"@id\":\"https:\/\/www.mobilimariani.com\/#organization\",\"name\":\"Mobili Mariani\",\"url\":\"https:\/\/www.mobilimariani.com\/\",\"sameAs\":[],\"logo\":{\"@type\":\"ImageObject\",\"@id\":\"https:\/\/www.mobilimariani.com\/#logo\",\"inLanguage\":\"fr-CH\",\"url\":\"https:\/\/www.mobilimariani.com\/wp-content\/uploads\/2015\/12\/logo.png\",\"contentUrl\":\"https:\/\/www.mobilimariani.com\/wp-content\/uploads\/2015\/12\/logo.png\",\"width\":160,\"height\":110,\"caption\":\"Mobili Mariani\"},\"image\":{\"@id\":\"https:\/\/www.mobilimariani.com\/#logo\"}},{\"@type\":\"WebSite\",\"@id\":\"https:\/\/www.mobilimariani.com\/#website\",\"url\":\"https:\/\/www.mobilimariani.com\/\",\"name\":\"Mobili Mariani\",\"description\":\"Mobili Italia Svizzera\",\"publisher\":{\"@id\":\"https:\/\/www.mobilimariani.com\/#organization\"},\"potentialAction\":[{\"@type\":\"SearchAction\",\"target\":\"https:\/\/www.mobilimariani.com\/?s={search_term_string}\",\"query-input\":\"required name=search_term_string\"}],\"inLanguage\":\"fr-CH\"},{\"@type\":\"ImageObject\",\"@id\":\"https:\/\/www.mobilimariani.com\/fr\/dada-cuisine-vela\/#primaryimage\",\"inLanguage\":\"fr-CH\",\"url\":\"https:\/\/www.mobilimariani.com\/wp-content\/uploads\/2014\/11\/1-vela.jpg\",\"contentUrl\":\"https:\/\/www.mobilimariani.com\/wp-content\/uploads\/2014\/11\/1-vela.jpg\",\"width\":426,\"height\":222,\"caption\":\"DADA CUCINA VELA\"},{\"@type\":\"WebPage\",\"@id\":\"https:\/\/www.mobilimariani.com\/fr\/dada-cuisine-vela\/#webpage\",\"url\":\"https:\/\/www.mobilimariani.com\/fr\/dada-cuisine-vela\/\",\"name\":\"DADA CUISINE VELA | Mobili Mariani\",\"isPartOf\":{\"@id\":\"https:\/\/www.mobilimariani.com\/#website\"},\"primaryImageOfPage\":{\"@id\":\"https:\/\/www.mobilimariani.com\/fr\/dada-cuisine-vela\/#primaryimage\"},\"datePublished\":\"2014-02-05T11:54:30+00:00\",\"dateModified\":\"2017-08-26T14:25:24+00:00\",\"description\":\"Dada cuisine\\u00a0Vela design Luca Meda Vela\\u00a0est d'une infini modularit\\u00e9, des \\u00e9l\\u00e9ments flexibles, une technologie de pointe. Tous les conteneurs sont gris\",\"breadcrumb\":{\"@id\":\"https:\/\/www.mobilimariani.com\/fr\/dada-cuisine-vela\/#breadcrumb\"},\"inLanguage\":\"fr-CH\",\"potentialAction\":[{\"@type\":\"ReadAction\",\"target\":[\"https:\/\/www.mobilimariani.com\/fr\/dada-cuisine-vela\/\"]}]},{\"@type\":\"BreadcrumbList\",\"@id\":\"https:\/\/www.mobilimariani.com\/fr\/dada-cuisine-vela\/#breadcrumb\",\"itemListElement\":[{\"@type\":\"ListItem\",\"position\":1,\"item\":{\"@type\":\"WebPage\",\"@id\":\"https:\/\/www.mobilimariani.com\/\",\"url\":\"https:\/\/www.mobilimariani.com\/\",\"name\":\"Home\"}},{\"@type\":\"ListItem\",\"position\":2,\"item\":{\"@id\":\"https:\/\/www.mobilimariani.com\/fr\/dada-cuisine-vela\/#webpage\"}}]},{\"@type\":\"Article\",\"@id\":\"https:\/\/www.mobilimariani.com\/fr\/dada-cuisine-vela\/#article\",\"isPartOf\":{\"@id\":\"https:\/\/www.mobilimariani.com\/fr\/dada-cuisine-vela\/#webpage\"},\"author\":{\"@id\":\"https:\/\/www.mobilimariani.com\/#\/schema\/person\/4685d9f51269134e53f988c9122315f4\"},\"headline\":\"DADA CUISINE VELA\",\"datePublished\":\"2014-02-05T11:54:30+00:00\",\"dateModified\":\"2017-08-26T14:25:24+00:00\",\"mainEntityOfPage\":{\"@id\":\"https:\/\/www.mobilimariani.com\/fr\/dada-cuisine-vela\/#webpage\"},\"publisher\":{\"@id\":\"https:\/\/www.mobilimariani.com\/#organization\"},\"image\":{\"@id\":\"https:\/\/www.mobilimariani.com\/fr\/dada-cuisine-vela\/#primaryimage\"},\"articleSection\":[\"Catalogue\",\"Cuisines\"],\"inLanguage\":\"fr-CH\"},{\"@type\":\"Person\",\"@id\":\"https:\/\/www.mobilimariani.com\/#\/schema\/person\/4685d9f51269134e53f988c9122315f4\",\"name\":\"14m4rC008\",\"image\":{\"@type\":\"ImageObject\",\"@id\":\"https:\/\/www.mobilimariani.com\/#personlogo\",\"inLanguage\":\"fr-CH\",\"url\":\"https:\/\/secure.gravatar.com\/avatar\/dfaa6e536fec7030712cf850e9ddef45?s=96&d=mm&r=g\",\"contentUrl\":\"https:\/\/secure.gravatar.com\/avatar\/dfaa6e536fec7030712cf850e9ddef45?s=96&d=mm&r=g\",\"caption\":\"14m4rC008\"}}]}<\/script>\n<!-- \/ Yoast SEO plugin. -->","_links":{"self":[{"href":"https:\/\/www.mobilimariani.com\/fr\/wp-json\/wp\/v2\/posts\/9865"}],"collection":[{"href":"https:\/\/www.mobilimariani.com\/fr\/wp-json\/wp\/v2\/posts"}],"about":[{"href":"https:\/\/www.mobilimariani.com\/fr\/wp-json\/wp\/v2\/types\/post"}],"author":[{"embeddable":true,"href":"https:\/\/www.mobilimariani.com\/fr\/wp-json\/wp\/v2\/users\/1"}],"replies":[{"embeddable":true,"href":"https:\/\/www.mobilimariani.com\/fr\/wp-json\/wp\/v2\/comments?post=9865"}],"version-history":[{"count":1,"href":"https:\/\/www.mobilimariani.com\/fr\/wp-json\/wp\/v2\/posts\/9865\/revisions"}],"predecessor-version":[{"id":9866,"href":"https:\/\/www.mobilimariani.com\/fr\/wp-json\/wp\/v2\/posts\/9865\/revisions\/9866"}],"wp:featuredmedia":[{"embeddable":true,"href":"https:\/\/www.mobilimariani.com\/fr\/wp-json\/wp\/v2\/media\/575"}],"wp:attachment":[{"href":"https:\/\/www.mobilimariani.com\/fr\/wp-json\/wp\/v2\/media?parent=9865"}],"wp:term":[{"taxonomy":"category","embeddable":true,"href":"https:\/\/www.mobilimariani.com\/fr\/wp-json\/wp\/v2\/categories?post=9865"},{"taxonomy":"post_tag","embeddable":true,"href":"https:\/\/www.mobilimariani.com\/fr\/wp-json\/wp\/v2\/tags?post=9865"}],"curies":[{"name":"wp","href":"https:\/\/api.w.org\/{rel}","templated":true}]}}