{"id":9857,"date":"2014-02-05T11:07:17","date_gmt":"2014-02-05T10:07:17","guid":{"rendered":"https:\/\/www.mobilimariani.com\/?p=9857"},"modified":"2017-08-26T16:28:45","modified_gmt":"2017-08-26T14:28:45","slug":"dada-cuisine-dada","status":"publish","type":"post","link":"https:\/\/www.mobilimariani.com\/fr\/dada-cuisine-dada\/","title":{"rendered":"DADA CUISINE IN DADA"},"content":{"rendered":"<p>Dada cuisine\u00a0In Dada.<\/p>\n<p>Les cuisines Dada sont polyvalents et capables de s&#8217;adapter\u00a0harmonieusement \u00e0 n&#8217;importe quel environnement, int\u00e9grant haute performance technique et design exclusif \u00e0 fa\u00e7onner des espaces fonctionnels, mais aussi de conversation, de lecture et de convivialit\u00e9.<\/p>\n<p>La modularit\u00e9 simple et rigoureuse des composants de base permet organisation souple et efficace des zones de travail, gr\u00e2ce \u00e0 un syst\u00e8me rationnel de conteneurs et de surfaces de contact qui re\u00e7oivent tout ce dont vous avez besoin dans l&#8217;espace \u00e0 droite, sans gaspillage ni d\u00e9rogations.<\/p>\n<p>Pour d\u00e9couvrir la marque Dada <a href=\"https:\/\/www.mobilimariani.com\/fr\/concessionnaire-dada\/\">cliquer ici<\/a><\/p>\n<p>Vous \u00eates en amour avec cette histoire?<\/p>\n<p><a href=\"https:\/\/www.mobilimariani.com\/fr\/contacts\/\">Cliquez ici et demandez notre meilleur prix<\/a><\/p>\n<p>Disant\u00a0o\u00f9 sera faite la livraison et si vous avez aussi besoin du montage.<\/p>\n<p>&nbsp;<\/p>\n","protected":false},"excerpt":{"rendered":"Dada cuisine\u00a0In Dada. Les cuisines Dada sont polyvalents et capables de s&#8217;adapter\u00a0harmonieusement \u00e0 n&#8217;importe quel environnement, int\u00e9grant haute performance technique et design exclusif \u00e0 fa\u00e7onner des espaces fonctionnels, mais aussi de conversation, de lecture et de convivialit\u00e9. La modularit\u00e9 simple et rigoureuse des composants de base permet organisation souple et efficace des zones de travail,&#8230; <a class=\"view-article\" href=\"https:\/\/www.mobilimariani.com\/fr\/dada-cuisine-dada\/\">Voir l&#8217;article<\/a>","protected":false},"author":1,"featured_media":580,"comment_status":"closed","ping_status":"closed","sticky":false,"template":"","format":"standard","meta":[],"categories":[1,16],"tags":[],"yoast_head":"<!-- This site is optimized with the Yoast SEO plugin v16.2 - https:\/\/yoast.com\/wordpress\/plugins\/seo\/ -->\n<meta name=\"description\" content=\"Dada cuisine\u00a0In Dada. Les cuisines Dada sont polyvalents et capables de s&#039;adapter\u00a0harmonieusement \u00e0 n&#039;importe quel environnement, int\u00e9grant haute\" \/>\n<meta name=\"robots\" content=\"index, follow, max-snippet:-1, max-image-preview:large, max-video-preview:-1\" \/>\n<link rel=\"canonical\" href=\"https:\/\/www.mobilimariani.com\/fr\/dada-cuisine-dada\/\" \/>\n<meta property=\"og:locale\" content=\"fr_FR\" \/>\n<meta property=\"og:type\" content=\"article\" \/>\n<meta property=\"og:title\" content=\"DADA CUISINE IN DADA | Mobili Mariani\" \/>\n<meta property=\"og:description\" content=\"Dada cuisine\u00a0In Dada. Les cuisines Dada sont polyvalents et capables de s&#039;adapter\u00a0harmonieusement \u00e0 n&#039;importe quel environnement, int\u00e9grant haute\" \/>\n<meta property=\"og:url\" content=\"https:\/\/www.mobilimariani.com\/fr\/dada-cuisine-dada\/\" \/>\n<meta property=\"og:site_name\" content=\"Mobili Mariani\" \/>\n<meta property=\"article:published_time\" content=\"2014-02-05T10:07:17+00:00\" \/>\n<meta property=\"article:modified_time\" content=\"2017-08-26T14:28:45+00:00\" \/>\n<meta property=\"og:image\" content=\"https:\/\/www.mobilimariani.com\/wp-content\/uploads\/2014\/11\/1-in-dada.jpg\" \/>\n\t<meta property=\"og:image:width\" content=\"363\" \/>\n\t<meta property=\"og:image:height\" content=\"201\" \/>\n<meta name=\"twitter:label1\" content=\"Est. reading time\">\n\t<meta name=\"twitter:data1\" content=\"1 minute\">\n<script type=\"application\/ld+json\" class=\"yoast-schema-graph\">{\"@context\":\"https:\/\/schema.org\",\"@graph\":[{\"@type\":\"Organization\",\"@id\":\"https:\/\/www.mobilimariani.com\/#organization\",\"name\":\"Mobili Mariani\",\"url\":\"https:\/\/www.mobilimariani.com\/\",\"sameAs\":[],\"logo\":{\"@type\":\"ImageObject\",\"@id\":\"https:\/\/www.mobilimariani.com\/#logo\",\"inLanguage\":\"fr-CH\",\"url\":\"https:\/\/www.mobilimariani.com\/wp-content\/uploads\/2015\/12\/logo.png\",\"contentUrl\":\"https:\/\/www.mobilimariani.com\/wp-content\/uploads\/2015\/12\/logo.png\",\"width\":160,\"height\":110,\"caption\":\"Mobili Mariani\"},\"image\":{\"@id\":\"https:\/\/www.mobilimariani.com\/#logo\"}},{\"@type\":\"WebSite\",\"@id\":\"https:\/\/www.mobilimariani.com\/#website\",\"url\":\"https:\/\/www.mobilimariani.com\/\",\"name\":\"Mobili Mariani\",\"description\":\"Mobili Italia Svizzera\",\"publisher\":{\"@id\":\"https:\/\/www.mobilimariani.com\/#organization\"},\"potentialAction\":[{\"@type\":\"SearchAction\",\"target\":\"https:\/\/www.mobilimariani.com\/?s={search_term_string}\",\"query-input\":\"required name=search_term_string\"}],\"inLanguage\":\"fr-CH\"},{\"@type\":\"ImageObject\",\"@id\":\"https:\/\/www.mobilimariani.com\/fr\/dada-cuisine-dada\/#primaryimage\",\"inLanguage\":\"fr-CH\",\"url\":\"https:\/\/www.mobilimariani.com\/wp-content\/uploads\/2014\/11\/1-in-dada.jpg\",\"contentUrl\":\"https:\/\/www.mobilimariani.com\/wp-content\/uploads\/2014\/11\/1-in-dada.jpg\",\"width\":363,\"height\":201,\"caption\":\"DADA CUCINA IN DADA\"},{\"@type\":\"WebPage\",\"@id\":\"https:\/\/www.mobilimariani.com\/fr\/dada-cuisine-dada\/#webpage\",\"url\":\"https:\/\/www.mobilimariani.com\/fr\/dada-cuisine-dada\/\",\"name\":\"DADA CUISINE IN DADA | Mobili Mariani\",\"isPartOf\":{\"@id\":\"https:\/\/www.mobilimariani.com\/#website\"},\"primaryImageOfPage\":{\"@id\":\"https:\/\/www.mobilimariani.com\/fr\/dada-cuisine-dada\/#primaryimage\"},\"datePublished\":\"2014-02-05T10:07:17+00:00\",\"dateModified\":\"2017-08-26T14:28:45+00:00\",\"description\":\"Dada cuisine\\u00a0In Dada. Les cuisines Dada sont polyvalents et capables de s'adapter\\u00a0harmonieusement \\u00e0 n'importe quel environnement, int\\u00e9grant haute\",\"breadcrumb\":{\"@id\":\"https:\/\/www.mobilimariani.com\/fr\/dada-cuisine-dada\/#breadcrumb\"},\"inLanguage\":\"fr-CH\",\"potentialAction\":[{\"@type\":\"ReadAction\",\"target\":[\"https:\/\/www.mobilimariani.com\/fr\/dada-cuisine-dada\/\"]}]},{\"@type\":\"BreadcrumbList\",\"@id\":\"https:\/\/www.mobilimariani.com\/fr\/dada-cuisine-dada\/#breadcrumb\",\"itemListElement\":[{\"@type\":\"ListItem\",\"position\":1,\"item\":{\"@type\":\"WebPage\",\"@id\":\"https:\/\/www.mobilimariani.com\/\",\"url\":\"https:\/\/www.mobilimariani.com\/\",\"name\":\"Home\"}},{\"@type\":\"ListItem\",\"position\":2,\"item\":{\"@id\":\"https:\/\/www.mobilimariani.com\/fr\/dada-cuisine-dada\/#webpage\"}}]},{\"@type\":\"Article\",\"@id\":\"https:\/\/www.mobilimariani.com\/fr\/dada-cuisine-dada\/#article\",\"isPartOf\":{\"@id\":\"https:\/\/www.mobilimariani.com\/fr\/dada-cuisine-dada\/#webpage\"},\"author\":{\"@id\":\"https:\/\/www.mobilimariani.com\/#\/schema\/person\/4685d9f51269134e53f988c9122315f4\"},\"headline\":\"DADA CUISINE IN DADA\",\"datePublished\":\"2014-02-05T10:07:17+00:00\",\"dateModified\":\"2017-08-26T14:28:45+00:00\",\"mainEntityOfPage\":{\"@id\":\"https:\/\/www.mobilimariani.com\/fr\/dada-cuisine-dada\/#webpage\"},\"publisher\":{\"@id\":\"https:\/\/www.mobilimariani.com\/#organization\"},\"image\":{\"@id\":\"https:\/\/www.mobilimariani.com\/fr\/dada-cuisine-dada\/#primaryimage\"},\"articleSection\":[\"Catalogue\",\"Cuisines\"],\"inLanguage\":\"fr-CH\"},{\"@type\":\"Person\",\"@id\":\"https:\/\/www.mobilimariani.com\/#\/schema\/person\/4685d9f51269134e53f988c9122315f4\",\"name\":\"14m4rC008\",\"image\":{\"@type\":\"ImageObject\",\"@id\":\"https:\/\/www.mobilimariani.com\/#personlogo\",\"inLanguage\":\"fr-CH\",\"url\":\"https:\/\/secure.gravatar.com\/avatar\/dfaa6e536fec7030712cf850e9ddef45?s=96&d=mm&r=g\",\"contentUrl\":\"https:\/\/secure.gravatar.com\/avatar\/dfaa6e536fec7030712cf850e9ddef45?s=96&d=mm&r=g\",\"caption\":\"14m4rC008\"}}]}<\/script>\n<!-- \/ Yoast SEO plugin. -->","_links":{"self":[{"href":"https:\/\/www.mobilimariani.com\/fr\/wp-json\/wp\/v2\/posts\/9857"}],"collection":[{"href":"https:\/\/www.mobilimariani.com\/fr\/wp-json\/wp\/v2\/posts"}],"about":[{"href":"https:\/\/www.mobilimariani.com\/fr\/wp-json\/wp\/v2\/types\/post"}],"author":[{"embeddable":true,"href":"https:\/\/www.mobilimariani.com\/fr\/wp-json\/wp\/v2\/users\/1"}],"replies":[{"embeddable":true,"href":"https:\/\/www.mobilimariani.com\/fr\/wp-json\/wp\/v2\/comments?post=9857"}],"version-history":[{"count":1,"href":"https:\/\/www.mobilimariani.com\/fr\/wp-json\/wp\/v2\/posts\/9857\/revisions"}],"predecessor-version":[{"id":9858,"href":"https:\/\/www.mobilimariani.com\/fr\/wp-json\/wp\/v2\/posts\/9857\/revisions\/9858"}],"wp:featuredmedia":[{"embeddable":true,"href":"https:\/\/www.mobilimariani.com\/fr\/wp-json\/wp\/v2\/media\/580"}],"wp:attachment":[{"href":"https:\/\/www.mobilimariani.com\/fr\/wp-json\/wp\/v2\/media?parent=9857"}],"wp:term":[{"taxonomy":"category","embeddable":true,"href":"https:\/\/www.mobilimariani.com\/fr\/wp-json\/wp\/v2\/categories?post=9857"},{"taxonomy":"post_tag","embeddable":true,"href":"https:\/\/www.mobilimariani.com\/fr\/wp-json\/wp\/v2\/tags?post=9857"}],"curies":[{"name":"wp","href":"https:\/\/api.w.org\/{rel}","templated":true}]}}