{"id":9803,"date":"2016-02-04T17:09:52","date_gmt":"2016-02-04T16:09:52","guid":{"rendered":"https:\/\/www.mobilimariani.com\/?p=9803"},"modified":"2016-02-04T17:09:52","modified_gmt":"2016-02-04T16:09:52","slug":"molteni-fortepiano-2","status":"publish","type":"post","link":"https:\/\/www.mobilimariani.com\/fr\/molteni-fortepiano\/","title":{"rendered":"MOLTENI Fortepiano"},"content":{"rendered":"<p>Molteni Fortepiano design Rodolfo Dordoni.<\/p>\n<p>Un syst\u00e8me librement modulaire bas\u00e9e sur trois \u00e9l\u00e9ments de base : r\u00e9cipients au sol ou suspendus, \u00e9tag\u00e8res modulaires et plateau\u00a0\u00e9pais. De nouvelles solutions sans fin et personnalis\u00e9es, gr\u00e2ce \u00e0 une large gamme de finitions : laqu\u00e9, bois et verre de diff\u00e9rentes couleurs.<\/p>\n<p>Un syst\u00e8me qui se trouve au sommet de la flexibilit\u00e9 sans sacrifier la fonctionnalit\u00e9 li\u00e9e au confinement.<\/p>\n<p>Afin de\u00a0compl\u00e9ter une s\u00e9rie de cloisons en verre qui vous permettent de cr\u00e9er d&#8217;agr\u00e9ables contrastes color\u00e9s trouvant une place \u00e0 chaque objet de petite taille. Un syst\u00e8me con\u00e7u pour stocker de fa\u00e7on transparente tous les objets qui remplissent nos maisons.<\/p>\n<p>Pour d\u00e9couvrir la marque Molteni <a href=\"https:\/\/www.mobilimariani.com\/fr\/concessionnaire-molteni-2\/\">cliquer ici<\/a><\/p>\n<p>Vous \u00eates amoureux de cet article?<\/p>\n<p><a href=\"https:\/\/www.mobilimariani.com\/fr\/contacts\/\">Cliquez ici et demandez notre meilleur prix<\/a><\/p>\n<p>Disant\u00a0o\u00f9 sera faite la livraison et si vous avez aussi besoin du montage.<\/p>\n","protected":false},"excerpt":{"rendered":"Molteni Fortepiano design Rodolfo Dordoni. Un syst\u00e8me librement modulaire bas\u00e9e sur trois \u00e9l\u00e9ments de base : r\u00e9cipients au sol ou suspendus, \u00e9tag\u00e8res modulaires et plateau\u00a0\u00e9pais. De nouvelles solutions sans fin et personnalis\u00e9es, gr\u00e2ce \u00e0 une large gamme de finitions : laqu\u00e9, bois et verre de diff\u00e9rentes couleurs. Un syst\u00e8me qui se trouve au sommet de&#8230; <a class=\"view-article\" href=\"https:\/\/www.mobilimariani.com\/fr\/molteni-fortepiano\/\">Voir l&#8217;article<\/a>","protected":false},"author":1,"featured_media":632,"comment_status":"closed","ping_status":"closed","sticky":false,"template":"","format":"standard","meta":[],"categories":[1,6],"tags":[],"yoast_head":"<!-- This site is optimized with the Yoast SEO plugin v16.2 - https:\/\/yoast.com\/wordpress\/plugins\/seo\/ -->\n<meta name=\"description\" content=\"Molteni Fortepiano design Rodolfo Dordoni. Un syst\u00e8me librement modulaire bas\u00e9e sur trois \u00e9l\u00e9ments de base : r\u00e9cipients au sol ou suspendus, \u00e9tag\u00e8res\" \/>\n<meta name=\"robots\" content=\"index, follow, max-snippet:-1, max-image-preview:large, max-video-preview:-1\" \/>\n<link rel=\"canonical\" href=\"https:\/\/www.mobilimariani.com\/fr\/molteni-fortepiano\/\" \/>\n<meta property=\"og:locale\" content=\"fr_FR\" \/>\n<meta property=\"og:type\" content=\"article\" \/>\n<meta property=\"og:title\" content=\"MOLTENI Fortepiano | Mobili Mariani\" \/>\n<meta property=\"og:description\" content=\"Molteni Fortepiano design Rodolfo Dordoni. Un syst\u00e8me librement modulaire bas\u00e9e sur trois \u00e9l\u00e9ments de base : r\u00e9cipients au sol ou suspendus, \u00e9tag\u00e8res\" \/>\n<meta property=\"og:url\" content=\"https:\/\/www.mobilimariani.com\/fr\/molteni-fortepiano\/\" \/>\n<meta property=\"og:site_name\" content=\"Mobili Mariani\" \/>\n<meta property=\"article:published_time\" content=\"2016-02-04T16:09:52+00:00\" \/>\n<meta property=\"og:image\" content=\"https:\/\/www.mobilimariani.com\/wp-content\/uploads\/2014\/11\/fortepiano-1.jpg\" \/>\n\t<meta property=\"og:image:width\" content=\"377\" \/>\n\t<meta property=\"og:image:height\" content=\"201\" \/>\n<meta name=\"twitter:label1\" content=\"Est. reading time\">\n\t<meta name=\"twitter:data1\" content=\"1 minute\">\n<script type=\"application\/ld+json\" class=\"yoast-schema-graph\">{\"@context\":\"https:\/\/schema.org\",\"@graph\":[{\"@type\":\"Organization\",\"@id\":\"https:\/\/www.mobilimariani.com\/#organization\",\"name\":\"Mobili Mariani\",\"url\":\"https:\/\/www.mobilimariani.com\/\",\"sameAs\":[],\"logo\":{\"@type\":\"ImageObject\",\"@id\":\"https:\/\/www.mobilimariani.com\/#logo\",\"inLanguage\":\"fr-CH\",\"url\":\"https:\/\/www.mobilimariani.com\/wp-content\/uploads\/2015\/12\/logo.png\",\"contentUrl\":\"https:\/\/www.mobilimariani.com\/wp-content\/uploads\/2015\/12\/logo.png\",\"width\":160,\"height\":110,\"caption\":\"Mobili Mariani\"},\"image\":{\"@id\":\"https:\/\/www.mobilimariani.com\/#logo\"}},{\"@type\":\"WebSite\",\"@id\":\"https:\/\/www.mobilimariani.com\/#website\",\"url\":\"https:\/\/www.mobilimariani.com\/\",\"name\":\"Mobili Mariani\",\"description\":\"Mobili Italia Svizzera\",\"publisher\":{\"@id\":\"https:\/\/www.mobilimariani.com\/#organization\"},\"potentialAction\":[{\"@type\":\"SearchAction\",\"target\":\"https:\/\/www.mobilimariani.com\/?s={search_term_string}\",\"query-input\":\"required name=search_term_string\"}],\"inLanguage\":\"fr-CH\"},{\"@type\":\"ImageObject\",\"@id\":\"https:\/\/www.mobilimariani.com\/fr\/molteni-fortepiano\/#primaryimage\",\"inLanguage\":\"fr-CH\",\"url\":\"https:\/\/www.mobilimariani.com\/wp-content\/uploads\/2014\/11\/fortepiano-1.jpg\",\"contentUrl\":\"https:\/\/www.mobilimariani.com\/wp-content\/uploads\/2014\/11\/fortepiano-1.jpg\",\"width\":377,\"height\":201,\"caption\":\"MOLTENI Fortepiano\"},{\"@type\":\"WebPage\",\"@id\":\"https:\/\/www.mobilimariani.com\/fr\/molteni-fortepiano\/#webpage\",\"url\":\"https:\/\/www.mobilimariani.com\/fr\/molteni-fortepiano\/\",\"name\":\"MOLTENI Fortepiano | Mobili Mariani\",\"isPartOf\":{\"@id\":\"https:\/\/www.mobilimariani.com\/#website\"},\"primaryImageOfPage\":{\"@id\":\"https:\/\/www.mobilimariani.com\/fr\/molteni-fortepiano\/#primaryimage\"},\"datePublished\":\"2016-02-04T16:09:52+00:00\",\"dateModified\":\"2016-02-04T16:09:52+00:00\",\"description\":\"Molteni Fortepiano design Rodolfo Dordoni. Un syst\\u00e8me librement modulaire bas\\u00e9e sur trois \\u00e9l\\u00e9ments de base : r\\u00e9cipients au sol ou suspendus, \\u00e9tag\\u00e8res\",\"breadcrumb\":{\"@id\":\"https:\/\/www.mobilimariani.com\/fr\/molteni-fortepiano\/#breadcrumb\"},\"inLanguage\":\"fr-CH\",\"potentialAction\":[{\"@type\":\"ReadAction\",\"target\":[\"https:\/\/www.mobilimariani.com\/fr\/molteni-fortepiano\/\"]}]},{\"@type\":\"BreadcrumbList\",\"@id\":\"https:\/\/www.mobilimariani.com\/fr\/molteni-fortepiano\/#breadcrumb\",\"itemListElement\":[{\"@type\":\"ListItem\",\"position\":1,\"item\":{\"@type\":\"WebPage\",\"@id\":\"https:\/\/www.mobilimariani.com\/\",\"url\":\"https:\/\/www.mobilimariani.com\/\",\"name\":\"Home\"}},{\"@type\":\"ListItem\",\"position\":2,\"item\":{\"@id\":\"https:\/\/www.mobilimariani.com\/fr\/molteni-fortepiano\/#webpage\"}}]},{\"@type\":\"Article\",\"@id\":\"https:\/\/www.mobilimariani.com\/fr\/molteni-fortepiano\/#article\",\"isPartOf\":{\"@id\":\"https:\/\/www.mobilimariani.com\/fr\/molteni-fortepiano\/#webpage\"},\"author\":{\"@id\":\"https:\/\/www.mobilimariani.com\/#\/schema\/person\/4685d9f51269134e53f988c9122315f4\"},\"headline\":\"MOLTENI Fortepiano\",\"datePublished\":\"2016-02-04T16:09:52+00:00\",\"dateModified\":\"2016-02-04T16:09:52+00:00\",\"mainEntityOfPage\":{\"@id\":\"https:\/\/www.mobilimariani.com\/fr\/molteni-fortepiano\/#webpage\"},\"publisher\":{\"@id\":\"https:\/\/www.mobilimariani.com\/#organization\"},\"image\":{\"@id\":\"https:\/\/www.mobilimariani.com\/fr\/molteni-fortepiano\/#primaryimage\"},\"articleSection\":[\"Catalogue\",\"Salle jour\"],\"inLanguage\":\"fr-CH\"},{\"@type\":\"Person\",\"@id\":\"https:\/\/www.mobilimariani.com\/#\/schema\/person\/4685d9f51269134e53f988c9122315f4\",\"name\":\"14m4rC008\",\"image\":{\"@type\":\"ImageObject\",\"@id\":\"https:\/\/www.mobilimariani.com\/#personlogo\",\"inLanguage\":\"fr-CH\",\"url\":\"https:\/\/secure.gravatar.com\/avatar\/dfaa6e536fec7030712cf850e9ddef45?s=96&d=mm&r=g\",\"contentUrl\":\"https:\/\/secure.gravatar.com\/avatar\/dfaa6e536fec7030712cf850e9ddef45?s=96&d=mm&r=g\",\"caption\":\"14m4rC008\"}}]}<\/script>\n<!-- \/ Yoast SEO plugin. -->","_links":{"self":[{"href":"https:\/\/www.mobilimariani.com\/fr\/wp-json\/wp\/v2\/posts\/9803"}],"collection":[{"href":"https:\/\/www.mobilimariani.com\/fr\/wp-json\/wp\/v2\/posts"}],"about":[{"href":"https:\/\/www.mobilimariani.com\/fr\/wp-json\/wp\/v2\/types\/post"}],"author":[{"embeddable":true,"href":"https:\/\/www.mobilimariani.com\/fr\/wp-json\/wp\/v2\/users\/1"}],"replies":[{"embeddable":true,"href":"https:\/\/www.mobilimariani.com\/fr\/wp-json\/wp\/v2\/comments?post=9803"}],"version-history":[{"count":1,"href":"https:\/\/www.mobilimariani.com\/fr\/wp-json\/wp\/v2\/posts\/9803\/revisions"}],"predecessor-version":[{"id":9804,"href":"https:\/\/www.mobilimariani.com\/fr\/wp-json\/wp\/v2\/posts\/9803\/revisions\/9804"}],"wp:featuredmedia":[{"embeddable":true,"href":"https:\/\/www.mobilimariani.com\/fr\/wp-json\/wp\/v2\/media\/632"}],"wp:attachment":[{"href":"https:\/\/www.mobilimariani.com\/fr\/wp-json\/wp\/v2\/media?parent=9803"}],"wp:term":[{"taxonomy":"category","embeddable":true,"href":"https:\/\/www.mobilimariani.com\/fr\/wp-json\/wp\/v2\/categories?post=9803"},{"taxonomy":"post_tag","embeddable":true,"href":"https:\/\/www.mobilimariani.com\/fr\/wp-json\/wp\/v2\/tags?post=9803"}],"curies":[{"name":"wp","href":"https:\/\/api.w.org\/{rel}","templated":true}]}}