{"id":9799,"date":"2016-02-04T16:57:12","date_gmt":"2016-02-04T15:57:12","guid":{"rendered":"https:\/\/www.mobilimariani.com\/?p=9799"},"modified":"2016-02-04T16:57:12","modified_gmt":"2016-02-04T15:57:12","slug":"molteni-canape-reversi","status":"publish","type":"post","link":"https:\/\/www.mobilimariani.com\/fr\/molteni-canape-reversi\/","title":{"rendered":"MOLTENI CANAPE REVERSI"},"content":{"rendered":"<p>Molteni canap\u00e9\u00a0Reversi design Hannes Wettstein.<\/p>\n<p>Volumes \u00e9quilibr\u00e9s, des proportions contr\u00f4l\u00e9es et un confort extr\u00eame, Reversi est une collection tapiss\u00e9e de \u00e9l\u00e9ments\u00a0modulaires qui multiplient les possibilit\u00e9s d&#8217;utilisation.<\/p>\n<p>Un classique dans l&#8217;architecture, le projet se r\u00e9v\u00e8le contemporain dans les solutions et les r\u00e9glages du si\u00e8ge.<\/p>\n<p>Articul\u00e9 en trois positions diff\u00e9rentes, le dossier offre de nombreuses options au si\u00e8ge : formelle, avec un soutien plus \u00e9lev\u00e9 pour les \u00e9paules, parfait pour la conversation \u00e0 l&#8217;aise ; confort, un cadre id\u00e9al pour la lecture ; relaxation, un si\u00e8ge plus profond pour un maximum de confort.<\/p>\n<p>Pour d\u00e9couvrir la marque Molteni <a href=\"https:\/\/www.mobilimariani.com\/fr\/concessionnaire-molteni-2\/\">cliquer ici<\/a><\/p>\n<p>Vous \u00eates amoureux de ce produit?<\/p>\n<p><a href=\"https:\/\/www.mobilimariani.com\/fr\/contacts\/\">Cliquez ici et demandez notre meilleur prix<\/a><\/p>\n<p>Disant\u00a0o\u00f9 sera\u00a0faite la livraison et si vous avez aussi besoin du montage.<\/p>\n","protected":false},"excerpt":{"rendered":"Molteni canap\u00e9\u00a0Reversi design Hannes Wettstein. Volumes \u00e9quilibr\u00e9s, des proportions contr\u00f4l\u00e9es et un confort extr\u00eame, Reversi est une collection tapiss\u00e9e de \u00e9l\u00e9ments\u00a0modulaires qui multiplient les possibilit\u00e9s d&#8217;utilisation. Un classique dans l&#8217;architecture, le projet se r\u00e9v\u00e8le contemporain dans les solutions et les r\u00e9glages du si\u00e8ge. Articul\u00e9 en trois positions diff\u00e9rentes, le dossier offre de nombreuses options au&#8230; <a class=\"view-article\" href=\"https:\/\/www.mobilimariani.com\/fr\/molteni-canape-reversi\/\">Voir l&#8217;article<\/a>","protected":false},"author":1,"featured_media":629,"comment_status":"closed","ping_status":"closed","sticky":false,"template":"","format":"standard","meta":[],"categories":[1,7,6],"tags":[],"yoast_head":"<!-- This site is optimized with the Yoast SEO plugin v16.2 - https:\/\/yoast.com\/wordpress\/plugins\/seo\/ -->\n<meta name=\"description\" content=\"Molteni canap\u00e9\u00a0Reversi design Hannes Wettstein. Volumes \u00e9quilibr\u00e9s, des proportions contr\u00f4l\u00e9es et un confort extr\u00eame, Reversi est une collection tapiss\u00e9e\" \/>\n<meta name=\"robots\" content=\"index, follow, max-snippet:-1, max-image-preview:large, max-video-preview:-1\" \/>\n<link rel=\"canonical\" href=\"https:\/\/www.mobilimariani.com\/fr\/molteni-canape-reversi\/\" \/>\n<meta property=\"og:locale\" content=\"fr_FR\" \/>\n<meta property=\"og:type\" content=\"article\" \/>\n<meta property=\"og:title\" content=\"MOLTENI CANAPE REVERSI | Mobili Mariani\" \/>\n<meta property=\"og:description\" content=\"Molteni canap\u00e9\u00a0Reversi design Hannes Wettstein. Volumes \u00e9quilibr\u00e9s, des proportions contr\u00f4l\u00e9es et un confort extr\u00eame, Reversi est une collection tapiss\u00e9e\" \/>\n<meta property=\"og:url\" content=\"https:\/\/www.mobilimariani.com\/fr\/molteni-canape-reversi\/\" \/>\n<meta property=\"og:site_name\" content=\"Mobili Mariani\" \/>\n<meta property=\"article:published_time\" content=\"2016-02-04T15:57:12+00:00\" \/>\n<meta property=\"og:image\" content=\"https:\/\/www.mobilimariani.com\/wp-content\/uploads\/2014\/11\/reversi-1.jpg\" \/>\n\t<meta property=\"og:image:width\" content=\"379\" \/>\n\t<meta property=\"og:image:height\" content=\"202\" \/>\n<meta name=\"twitter:label1\" content=\"Est. reading time\">\n\t<meta name=\"twitter:data1\" content=\"1 minute\">\n<script type=\"application\/ld+json\" class=\"yoast-schema-graph\">{\"@context\":\"https:\/\/schema.org\",\"@graph\":[{\"@type\":\"Organization\",\"@id\":\"https:\/\/www.mobilimariani.com\/#organization\",\"name\":\"Mobili Mariani\",\"url\":\"https:\/\/www.mobilimariani.com\/\",\"sameAs\":[],\"logo\":{\"@type\":\"ImageObject\",\"@id\":\"https:\/\/www.mobilimariani.com\/#logo\",\"inLanguage\":\"fr-CH\",\"url\":\"https:\/\/www.mobilimariani.com\/wp-content\/uploads\/2015\/12\/logo.png\",\"contentUrl\":\"https:\/\/www.mobilimariani.com\/wp-content\/uploads\/2015\/12\/logo.png\",\"width\":160,\"height\":110,\"caption\":\"Mobili Mariani\"},\"image\":{\"@id\":\"https:\/\/www.mobilimariani.com\/#logo\"}},{\"@type\":\"WebSite\",\"@id\":\"https:\/\/www.mobilimariani.com\/#website\",\"url\":\"https:\/\/www.mobilimariani.com\/\",\"name\":\"Mobili Mariani\",\"description\":\"Mobili Italia Svizzera\",\"publisher\":{\"@id\":\"https:\/\/www.mobilimariani.com\/#organization\"},\"potentialAction\":[{\"@type\":\"SearchAction\",\"target\":\"https:\/\/www.mobilimariani.com\/?s={search_term_string}\",\"query-input\":\"required name=search_term_string\"}],\"inLanguage\":\"fr-CH\"},{\"@type\":\"ImageObject\",\"@id\":\"https:\/\/www.mobilimariani.com\/fr\/molteni-canape-reversi\/#primaryimage\",\"inLanguage\":\"fr-CH\",\"url\":\"https:\/\/www.mobilimariani.com\/wp-content\/uploads\/2014\/11\/reversi-1.jpg\",\"contentUrl\":\"https:\/\/www.mobilimariani.com\/wp-content\/uploads\/2014\/11\/reversi-1.jpg\",\"width\":379,\"height\":202,\"caption\":\"MOLTENI DIVANO REVERSI\"},{\"@type\":\"WebPage\",\"@id\":\"https:\/\/www.mobilimariani.com\/fr\/molteni-canape-reversi\/#webpage\",\"url\":\"https:\/\/www.mobilimariani.com\/fr\/molteni-canape-reversi\/\",\"name\":\"MOLTENI CANAPE REVERSI | Mobili Mariani\",\"isPartOf\":{\"@id\":\"https:\/\/www.mobilimariani.com\/#website\"},\"primaryImageOfPage\":{\"@id\":\"https:\/\/www.mobilimariani.com\/fr\/molteni-canape-reversi\/#primaryimage\"},\"datePublished\":\"2016-02-04T15:57:12+00:00\",\"dateModified\":\"2016-02-04T15:57:12+00:00\",\"description\":\"Molteni canap\\u00e9\\u00a0Reversi design Hannes Wettstein. Volumes \\u00e9quilibr\\u00e9s, des proportions contr\\u00f4l\\u00e9es et un confort extr\\u00eame, Reversi est une collection tapiss\\u00e9e\",\"breadcrumb\":{\"@id\":\"https:\/\/www.mobilimariani.com\/fr\/molteni-canape-reversi\/#breadcrumb\"},\"inLanguage\":\"fr-CH\",\"potentialAction\":[{\"@type\":\"ReadAction\",\"target\":[\"https:\/\/www.mobilimariani.com\/fr\/molteni-canape-reversi\/\"]}]},{\"@type\":\"BreadcrumbList\",\"@id\":\"https:\/\/www.mobilimariani.com\/fr\/molteni-canape-reversi\/#breadcrumb\",\"itemListElement\":[{\"@type\":\"ListItem\",\"position\":1,\"item\":{\"@type\":\"WebPage\",\"@id\":\"https:\/\/www.mobilimariani.com\/\",\"url\":\"https:\/\/www.mobilimariani.com\/\",\"name\":\"Home\"}},{\"@type\":\"ListItem\",\"position\":2,\"item\":{\"@id\":\"https:\/\/www.mobilimariani.com\/fr\/molteni-canape-reversi\/#webpage\"}}]},{\"@type\":\"Article\",\"@id\":\"https:\/\/www.mobilimariani.com\/fr\/molteni-canape-reversi\/#article\",\"isPartOf\":{\"@id\":\"https:\/\/www.mobilimariani.com\/fr\/molteni-canape-reversi\/#webpage\"},\"author\":{\"@id\":\"https:\/\/www.mobilimariani.com\/#\/schema\/person\/4685d9f51269134e53f988c9122315f4\"},\"headline\":\"MOLTENI CANAPE REVERSI\",\"datePublished\":\"2016-02-04T15:57:12+00:00\",\"dateModified\":\"2016-02-04T15:57:12+00:00\",\"mainEntityOfPage\":{\"@id\":\"https:\/\/www.mobilimariani.com\/fr\/molteni-canape-reversi\/#webpage\"},\"publisher\":{\"@id\":\"https:\/\/www.mobilimariani.com\/#organization\"},\"image\":{\"@id\":\"https:\/\/www.mobilimariani.com\/fr\/molteni-canape-reversi\/#primaryimage\"},\"articleSection\":[\"Catalogue\",\"Sofa\",\"Salle jour\"],\"inLanguage\":\"fr-CH\"},{\"@type\":\"Person\",\"@id\":\"https:\/\/www.mobilimariani.com\/#\/schema\/person\/4685d9f51269134e53f988c9122315f4\",\"name\":\"14m4rC008\",\"image\":{\"@type\":\"ImageObject\",\"@id\":\"https:\/\/www.mobilimariani.com\/#personlogo\",\"inLanguage\":\"fr-CH\",\"url\":\"https:\/\/secure.gravatar.com\/avatar\/dfaa6e536fec7030712cf850e9ddef45?s=96&d=mm&r=g\",\"contentUrl\":\"https:\/\/secure.gravatar.com\/avatar\/dfaa6e536fec7030712cf850e9ddef45?s=96&d=mm&r=g\",\"caption\":\"14m4rC008\"}}]}<\/script>\n<!-- \/ Yoast SEO plugin. -->","_links":{"self":[{"href":"https:\/\/www.mobilimariani.com\/fr\/wp-json\/wp\/v2\/posts\/9799"}],"collection":[{"href":"https:\/\/www.mobilimariani.com\/fr\/wp-json\/wp\/v2\/posts"}],"about":[{"href":"https:\/\/www.mobilimariani.com\/fr\/wp-json\/wp\/v2\/types\/post"}],"author":[{"embeddable":true,"href":"https:\/\/www.mobilimariani.com\/fr\/wp-json\/wp\/v2\/users\/1"}],"replies":[{"embeddable":true,"href":"https:\/\/www.mobilimariani.com\/fr\/wp-json\/wp\/v2\/comments?post=9799"}],"version-history":[{"count":1,"href":"https:\/\/www.mobilimariani.com\/fr\/wp-json\/wp\/v2\/posts\/9799\/revisions"}],"predecessor-version":[{"id":9800,"href":"https:\/\/www.mobilimariani.com\/fr\/wp-json\/wp\/v2\/posts\/9799\/revisions\/9800"}],"wp:featuredmedia":[{"embeddable":true,"href":"https:\/\/www.mobilimariani.com\/fr\/wp-json\/wp\/v2\/media\/629"}],"wp:attachment":[{"href":"https:\/\/www.mobilimariani.com\/fr\/wp-json\/wp\/v2\/media?parent=9799"}],"wp:term":[{"taxonomy":"category","embeddable":true,"href":"https:\/\/www.mobilimariani.com\/fr\/wp-json\/wp\/v2\/categories?post=9799"},{"taxonomy":"post_tag","embeddable":true,"href":"https:\/\/www.mobilimariani.com\/fr\/wp-json\/wp\/v2\/tags?post=9799"}],"curies":[{"name":"wp","href":"https:\/\/api.w.org\/{rel}","templated":true}]}}