{"id":9797,"date":"2016-02-04T16:50:04","date_gmt":"2016-02-04T15:50:04","guid":{"rendered":"https:\/\/www.mobilimariani.com\/?p=9797"},"modified":"2016-02-04T16:50:04","modified_gmt":"2016-02-04T15:50:04","slug":"molteni-canape-hug","status":"publish","type":"post","link":"https:\/\/www.mobilimariani.com\/fr\/molteni-canape-hug\/","title":{"rendered":"MOLTENI CANAPE HUG"},"content":{"rendered":"<p>Molteni canape\u00a0Hug design Arik Levy.<\/p>\n<p>Hug est la r\u00e9interpr\u00e9tation am\u00e9lior\u00e9e,\u00a0de\u00a0Arik Levy, d&#8217;un classique dans un style moderne, qui se caract\u00e9rise par l&#8217;image contemporaine et des si\u00e8ges confort.<\/p>\n<p>Les rev\u00eatements, enti\u00e8rement d\u00e9houssable, en tissu ou en cuir combin\u00e9 \u00e0 des\u00a0pieds disponibles en acier chrom\u00e9 ou en bois de couleur grise solide, rendent\u00a0Hug polyvalent et facilement ins\u00e9rable\u00a0dans un contexte domestique.<\/p>\n<p>Pour d\u00e9couvrir la marque Molteni <a href=\"https:\/\/www.mobilimariani.com\/fr\/concessionnaire-molteni-2\/\">cliquer ici<\/a><\/p>\n<p>Vous \u00eates amoureux de ce produit?<\/p>\n<p><a href=\"https:\/\/www.mobilimariani.com\/fr\/contacts\/\">Cliquez ici et demandez notre meilleur prix<\/a><\/p>\n<p>Disant\u00a0o\u00f9 sera faite la livraison et si vous avez aussi besoin du montage.<\/p>\n<p>Nous livrons dans toute l&#8217;Europe.<\/p>\n","protected":false},"excerpt":{"rendered":"Molteni canape\u00a0Hug design Arik Levy. Hug est la r\u00e9interpr\u00e9tation am\u00e9lior\u00e9e,\u00a0de\u00a0Arik Levy, d&#8217;un classique dans un style moderne, qui se caract\u00e9rise par l&#8217;image contemporaine et des si\u00e8ges confort. Les rev\u00eatements, enti\u00e8rement d\u00e9houssable, en tissu ou en cuir combin\u00e9 \u00e0 des\u00a0pieds disponibles en acier chrom\u00e9 ou en bois de couleur grise solide, rendent\u00a0Hug polyvalent et facilement ins\u00e9rable\u00a0dans&#8230; <a class=\"view-article\" href=\"https:\/\/www.mobilimariani.com\/fr\/molteni-canape-hug\/\">Voir l&#8217;article<\/a>","protected":false},"author":1,"featured_media":626,"comment_status":"closed","ping_status":"closed","sticky":false,"template":"","format":"standard","meta":[],"categories":[1,7,6],"tags":[],"yoast_head":"<!-- This site is optimized with the Yoast SEO plugin v16.2 - https:\/\/yoast.com\/wordpress\/plugins\/seo\/ -->\n<meta name=\"description\" content=\"Molteni canape\u00a0Hug design Arik Levy. Hug est la r\u00e9interpr\u00e9tation am\u00e9lior\u00e9e,\u00a0de\u00a0Arik Levy, d&#039;un classique dans un style moderne, qui se caract\u00e9rise par\" \/>\n<meta name=\"robots\" content=\"index, follow, max-snippet:-1, max-image-preview:large, max-video-preview:-1\" \/>\n<link rel=\"canonical\" href=\"https:\/\/www.mobilimariani.com\/fr\/molteni-canape-hug\/\" \/>\n<meta property=\"og:locale\" content=\"fr_FR\" \/>\n<meta property=\"og:type\" content=\"article\" \/>\n<meta property=\"og:title\" content=\"MOLTENI CANAPE HUG | Mobili Mariani\" \/>\n<meta property=\"og:description\" content=\"Molteni canape\u00a0Hug design Arik Levy. Hug est la r\u00e9interpr\u00e9tation am\u00e9lior\u00e9e,\u00a0de\u00a0Arik Levy, d&#039;un classique dans un style moderne, qui se caract\u00e9rise par\" \/>\n<meta property=\"og:url\" content=\"https:\/\/www.mobilimariani.com\/fr\/molteni-canape-hug\/\" \/>\n<meta property=\"og:site_name\" content=\"Mobili Mariani\" \/>\n<meta property=\"article:published_time\" content=\"2016-02-04T15:50:04+00:00\" \/>\n<meta property=\"og:image\" content=\"https:\/\/www.mobilimariani.com\/wp-content\/uploads\/2014\/11\/hug-1.jpg\" \/>\n\t<meta property=\"og:image:width\" content=\"377\" \/>\n\t<meta property=\"og:image:height\" content=\"200\" \/>\n<meta name=\"twitter:label1\" content=\"Est. reading time\">\n\t<meta name=\"twitter:data1\" content=\"1 minute\">\n<script type=\"application\/ld+json\" class=\"yoast-schema-graph\">{\"@context\":\"https:\/\/schema.org\",\"@graph\":[{\"@type\":\"Organization\",\"@id\":\"https:\/\/www.mobilimariani.com\/#organization\",\"name\":\"Mobili Mariani\",\"url\":\"https:\/\/www.mobilimariani.com\/\",\"sameAs\":[],\"logo\":{\"@type\":\"ImageObject\",\"@id\":\"https:\/\/www.mobilimariani.com\/#logo\",\"inLanguage\":\"fr-CH\",\"url\":\"https:\/\/www.mobilimariani.com\/wp-content\/uploads\/2015\/12\/logo.png\",\"contentUrl\":\"https:\/\/www.mobilimariani.com\/wp-content\/uploads\/2015\/12\/logo.png\",\"width\":160,\"height\":110,\"caption\":\"Mobili Mariani\"},\"image\":{\"@id\":\"https:\/\/www.mobilimariani.com\/#logo\"}},{\"@type\":\"WebSite\",\"@id\":\"https:\/\/www.mobilimariani.com\/#website\",\"url\":\"https:\/\/www.mobilimariani.com\/\",\"name\":\"Mobili Mariani\",\"description\":\"Mobili Italia Svizzera\",\"publisher\":{\"@id\":\"https:\/\/www.mobilimariani.com\/#organization\"},\"potentialAction\":[{\"@type\":\"SearchAction\",\"target\":\"https:\/\/www.mobilimariani.com\/?s={search_term_string}\",\"query-input\":\"required name=search_term_string\"}],\"inLanguage\":\"fr-CH\"},{\"@type\":\"ImageObject\",\"@id\":\"https:\/\/www.mobilimariani.com\/fr\/molteni-canape-hug\/#primaryimage\",\"inLanguage\":\"fr-CH\",\"url\":\"https:\/\/www.mobilimariani.com\/wp-content\/uploads\/2014\/11\/hug-1.jpg\",\"contentUrl\":\"https:\/\/www.mobilimariani.com\/wp-content\/uploads\/2014\/11\/hug-1.jpg\",\"width\":377,\"height\":200,\"caption\":\"MOLTENI DIVANO HUG\"},{\"@type\":\"WebPage\",\"@id\":\"https:\/\/www.mobilimariani.com\/fr\/molteni-canape-hug\/#webpage\",\"url\":\"https:\/\/www.mobilimariani.com\/fr\/molteni-canape-hug\/\",\"name\":\"MOLTENI CANAPE HUG | Mobili Mariani\",\"isPartOf\":{\"@id\":\"https:\/\/www.mobilimariani.com\/#website\"},\"primaryImageOfPage\":{\"@id\":\"https:\/\/www.mobilimariani.com\/fr\/molteni-canape-hug\/#primaryimage\"},\"datePublished\":\"2016-02-04T15:50:04+00:00\",\"dateModified\":\"2016-02-04T15:50:04+00:00\",\"description\":\"Molteni canape\\u00a0Hug design Arik Levy. Hug est la r\\u00e9interpr\\u00e9tation am\\u00e9lior\\u00e9e,\\u00a0de\\u00a0Arik Levy, d'un classique dans un style moderne, qui se caract\\u00e9rise par\",\"breadcrumb\":{\"@id\":\"https:\/\/www.mobilimariani.com\/fr\/molteni-canape-hug\/#breadcrumb\"},\"inLanguage\":\"fr-CH\",\"potentialAction\":[{\"@type\":\"ReadAction\",\"target\":[\"https:\/\/www.mobilimariani.com\/fr\/molteni-canape-hug\/\"]}]},{\"@type\":\"BreadcrumbList\",\"@id\":\"https:\/\/www.mobilimariani.com\/fr\/molteni-canape-hug\/#breadcrumb\",\"itemListElement\":[{\"@type\":\"ListItem\",\"position\":1,\"item\":{\"@type\":\"WebPage\",\"@id\":\"https:\/\/www.mobilimariani.com\/\",\"url\":\"https:\/\/www.mobilimariani.com\/\",\"name\":\"Home\"}},{\"@type\":\"ListItem\",\"position\":2,\"item\":{\"@id\":\"https:\/\/www.mobilimariani.com\/fr\/molteni-canape-hug\/#webpage\"}}]},{\"@type\":\"Article\",\"@id\":\"https:\/\/www.mobilimariani.com\/fr\/molteni-canape-hug\/#article\",\"isPartOf\":{\"@id\":\"https:\/\/www.mobilimariani.com\/fr\/molteni-canape-hug\/#webpage\"},\"author\":{\"@id\":\"https:\/\/www.mobilimariani.com\/#\/schema\/person\/4685d9f51269134e53f988c9122315f4\"},\"headline\":\"MOLTENI CANAPE HUG\",\"datePublished\":\"2016-02-04T15:50:04+00:00\",\"dateModified\":\"2016-02-04T15:50:04+00:00\",\"mainEntityOfPage\":{\"@id\":\"https:\/\/www.mobilimariani.com\/fr\/molteni-canape-hug\/#webpage\"},\"publisher\":{\"@id\":\"https:\/\/www.mobilimariani.com\/#organization\"},\"image\":{\"@id\":\"https:\/\/www.mobilimariani.com\/fr\/molteni-canape-hug\/#primaryimage\"},\"articleSection\":[\"Catalogue\",\"Sofa\",\"Salle jour\"],\"inLanguage\":\"fr-CH\"},{\"@type\":\"Person\",\"@id\":\"https:\/\/www.mobilimariani.com\/#\/schema\/person\/4685d9f51269134e53f988c9122315f4\",\"name\":\"14m4rC008\",\"image\":{\"@type\":\"ImageObject\",\"@id\":\"https:\/\/www.mobilimariani.com\/#personlogo\",\"inLanguage\":\"fr-CH\",\"url\":\"https:\/\/secure.gravatar.com\/avatar\/dfaa6e536fec7030712cf850e9ddef45?s=96&d=mm&r=g\",\"contentUrl\":\"https:\/\/secure.gravatar.com\/avatar\/dfaa6e536fec7030712cf850e9ddef45?s=96&d=mm&r=g\",\"caption\":\"14m4rC008\"}}]}<\/script>\n<!-- \/ Yoast SEO plugin. -->","_links":{"self":[{"href":"https:\/\/www.mobilimariani.com\/fr\/wp-json\/wp\/v2\/posts\/9797"}],"collection":[{"href":"https:\/\/www.mobilimariani.com\/fr\/wp-json\/wp\/v2\/posts"}],"about":[{"href":"https:\/\/www.mobilimariani.com\/fr\/wp-json\/wp\/v2\/types\/post"}],"author":[{"embeddable":true,"href":"https:\/\/www.mobilimariani.com\/fr\/wp-json\/wp\/v2\/users\/1"}],"replies":[{"embeddable":true,"href":"https:\/\/www.mobilimariani.com\/fr\/wp-json\/wp\/v2\/comments?post=9797"}],"version-history":[{"count":1,"href":"https:\/\/www.mobilimariani.com\/fr\/wp-json\/wp\/v2\/posts\/9797\/revisions"}],"predecessor-version":[{"id":9798,"href":"https:\/\/www.mobilimariani.com\/fr\/wp-json\/wp\/v2\/posts\/9797\/revisions\/9798"}],"wp:featuredmedia":[{"embeddable":true,"href":"https:\/\/www.mobilimariani.com\/fr\/wp-json\/wp\/v2\/media\/626"}],"wp:attachment":[{"href":"https:\/\/www.mobilimariani.com\/fr\/wp-json\/wp\/v2\/media?parent=9797"}],"wp:term":[{"taxonomy":"category","embeddable":true,"href":"https:\/\/www.mobilimariani.com\/fr\/wp-json\/wp\/v2\/categories?post=9797"},{"taxonomy":"post_tag","embeddable":true,"href":"https:\/\/www.mobilimariani.com\/fr\/wp-json\/wp\/v2\/tags?post=9797"}],"curies":[{"name":"wp","href":"https:\/\/api.w.org\/{rel}","templated":true}]}}