{"id":9790,"date":"2000-01-01T16:40:52","date_gmt":"2000-01-01T15:40:52","guid":{"rendered":"https:\/\/www.mobilimariani.com\/?p=9790"},"modified":"2021-05-15T19:14:11","modified_gmt":"2021-05-15T17:14:11","slug":"molteni-chaise-glove","status":"publish","type":"post","link":"https:\/\/www.mobilimariani.com\/fr\/molteni-chaise-glove\/","title":{"rendered":"MOLTENI CHAISE GLOVE"},"content":{"rendered":"<p>Molteni chaise Glove design Patricia Urquiola &#8211; INDISPONIBLE<\/p>\n<p>Un cuir technologique avec une technique de\u00a0rembourrage tendue sur\u00a0une structure en m\u00e9tal l\u00e9ger.<\/p>\n<p>Cette id\u00e9e a produit toute une gamme de si\u00e8ges non conventionnelle : chaise, chaise avec bras et fauteuil.<\/p>\n<p>Pour d\u00e9couvrir la marque Molteni <a href=\"https:\/\/www.mobilimariani.com\/fr\/concessionnaire-molteni-2\/\">Cliquez ici<\/a><\/p>\n<p>Pour voir toutes nos chaises\u00a0<a href=\"https:\/\/www.mobilimariani.com\/fr\/search\/chaise\">cliquez ici<\/a><\/p>\n","protected":false},"excerpt":{"rendered":"Molteni chaise Glove design Patricia Urquiola &#8211; INDISPONIBLE Un cuir technologique avec une technique de\u00a0rembourrage tendue sur\u00a0une structure en m\u00e9tal l\u00e9ger. Cette id\u00e9e a produit toute une gamme de si\u00e8ges non conventionnelle : chaise, chaise avec bras et fauteuil. Pour d\u00e9couvrir la marque Molteni Cliquez ici Pour voir toutes nos chaises\u00a0cliquez ici","protected":false},"author":1,"featured_media":617,"comment_status":"closed","ping_status":"closed","sticky":false,"template":"","format":"standard","meta":[],"categories":[1],"tags":[],"yoast_head":"<!-- This site is optimized with the Yoast SEO plugin v16.2 - https:\/\/yoast.com\/wordpress\/plugins\/seo\/ -->\n<meta name=\"description\" content=\"Molteni chaise Glove design Patricia Urquiola - INDISPONIBLE Un cuir technologique avec une technique de\u00a0rembourrage tendue sur\u00a0une structure en m\u00e9tal\" \/>\n<meta name=\"robots\" content=\"index, follow, max-snippet:-1, max-image-preview:large, max-video-preview:-1\" \/>\n<link rel=\"canonical\" href=\"https:\/\/www.mobilimariani.com\/fr\/molteni-chaise-glove\/\" \/>\n<meta property=\"og:locale\" content=\"fr_FR\" \/>\n<meta property=\"og:type\" content=\"article\" \/>\n<meta property=\"og:title\" content=\"MOLTENI CHAISE GLOVE | Mobili Mariani\" \/>\n<meta property=\"og:description\" content=\"Molteni chaise Glove design Patricia Urquiola - INDISPONIBLE Un cuir technologique avec une technique de\u00a0rembourrage tendue sur\u00a0une structure en m\u00e9tal\" \/>\n<meta property=\"og:url\" content=\"https:\/\/www.mobilimariani.com\/fr\/molteni-chaise-glove\/\" \/>\n<meta property=\"og:site_name\" content=\"Mobili Mariani\" \/>\n<meta property=\"article:published_time\" content=\"2000-01-01T15:40:52+00:00\" \/>\n<meta property=\"article:modified_time\" content=\"2021-05-15T17:14:11+00:00\" \/>\n<meta property=\"og:image\" content=\"https:\/\/www.mobilimariani.com\/wp-content\/uploads\/2014\/11\/glove-1.jpg\" \/>\n\t<meta property=\"og:image:width\" content=\"383\" \/>\n\t<meta property=\"og:image:height\" content=\"199\" \/>\n<meta name=\"twitter:label1\" content=\"Est. reading time\">\n\t<meta name=\"twitter:data1\" content=\"1 minute\">\n<script type=\"application\/ld+json\" class=\"yoast-schema-graph\">{\"@context\":\"https:\/\/schema.org\",\"@graph\":[{\"@type\":\"Organization\",\"@id\":\"https:\/\/www.mobilimariani.com\/#organization\",\"name\":\"Mobili Mariani\",\"url\":\"https:\/\/www.mobilimariani.com\/\",\"sameAs\":[],\"logo\":{\"@type\":\"ImageObject\",\"@id\":\"https:\/\/www.mobilimariani.com\/#logo\",\"inLanguage\":\"fr-CH\",\"url\":\"https:\/\/www.mobilimariani.com\/wp-content\/uploads\/2015\/12\/logo.png\",\"contentUrl\":\"https:\/\/www.mobilimariani.com\/wp-content\/uploads\/2015\/12\/logo.png\",\"width\":160,\"height\":110,\"caption\":\"Mobili Mariani\"},\"image\":{\"@id\":\"https:\/\/www.mobilimariani.com\/#logo\"}},{\"@type\":\"WebSite\",\"@id\":\"https:\/\/www.mobilimariani.com\/#website\",\"url\":\"https:\/\/www.mobilimariani.com\/\",\"name\":\"Mobili Mariani\",\"description\":\"Mobili Italia Svizzera\",\"publisher\":{\"@id\":\"https:\/\/www.mobilimariani.com\/#organization\"},\"potentialAction\":[{\"@type\":\"SearchAction\",\"target\":\"https:\/\/www.mobilimariani.com\/?s={search_term_string}\",\"query-input\":\"required name=search_term_string\"}],\"inLanguage\":\"fr-CH\"},{\"@type\":\"ImageObject\",\"@id\":\"https:\/\/www.mobilimariani.com\/fr\/molteni-chaise-glove\/#primaryimage\",\"inLanguage\":\"fr-CH\",\"url\":\"https:\/\/www.mobilimariani.com\/wp-content\/uploads\/2014\/11\/glove-1.jpg\",\"contentUrl\":\"https:\/\/www.mobilimariani.com\/wp-content\/uploads\/2014\/11\/glove-1.jpg\",\"width\":383,\"height\":199,\"caption\":\"MOLTENI SEDIA GLOVE\"},{\"@type\":\"WebPage\",\"@id\":\"https:\/\/www.mobilimariani.com\/fr\/molteni-chaise-glove\/#webpage\",\"url\":\"https:\/\/www.mobilimariani.com\/fr\/molteni-chaise-glove\/\",\"name\":\"MOLTENI CHAISE GLOVE | Mobili Mariani\",\"isPartOf\":{\"@id\":\"https:\/\/www.mobilimariani.com\/#website\"},\"primaryImageOfPage\":{\"@id\":\"https:\/\/www.mobilimariani.com\/fr\/molteni-chaise-glove\/#primaryimage\"},\"datePublished\":\"2000-01-01T15:40:52+00:00\",\"dateModified\":\"2021-05-15T17:14:11+00:00\",\"description\":\"Molteni chaise Glove design Patricia Urquiola - INDISPONIBLE Un cuir technologique avec une technique de\\u00a0rembourrage tendue sur\\u00a0une structure en m\\u00e9tal\",\"breadcrumb\":{\"@id\":\"https:\/\/www.mobilimariani.com\/fr\/molteni-chaise-glove\/#breadcrumb\"},\"inLanguage\":\"fr-CH\",\"potentialAction\":[{\"@type\":\"ReadAction\",\"target\":[\"https:\/\/www.mobilimariani.com\/fr\/molteni-chaise-glove\/\"]}]},{\"@type\":\"BreadcrumbList\",\"@id\":\"https:\/\/www.mobilimariani.com\/fr\/molteni-chaise-glove\/#breadcrumb\",\"itemListElement\":[{\"@type\":\"ListItem\",\"position\":1,\"item\":{\"@type\":\"WebPage\",\"@id\":\"https:\/\/www.mobilimariani.com\/\",\"url\":\"https:\/\/www.mobilimariani.com\/\",\"name\":\"Home\"}},{\"@type\":\"ListItem\",\"position\":2,\"item\":{\"@id\":\"https:\/\/www.mobilimariani.com\/fr\/molteni-chaise-glove\/#webpage\"}}]},{\"@type\":\"Article\",\"@id\":\"https:\/\/www.mobilimariani.com\/fr\/molteni-chaise-glove\/#article\",\"isPartOf\":{\"@id\":\"https:\/\/www.mobilimariani.com\/fr\/molteni-chaise-glove\/#webpage\"},\"author\":{\"@id\":\"https:\/\/www.mobilimariani.com\/#\/schema\/person\/4685d9f51269134e53f988c9122315f4\"},\"headline\":\"MOLTENI CHAISE GLOVE\",\"datePublished\":\"2000-01-01T15:40:52+00:00\",\"dateModified\":\"2021-05-15T17:14:11+00:00\",\"mainEntityOfPage\":{\"@id\":\"https:\/\/www.mobilimariani.com\/fr\/molteni-chaise-glove\/#webpage\"},\"publisher\":{\"@id\":\"https:\/\/www.mobilimariani.com\/#organization\"},\"image\":{\"@id\":\"https:\/\/www.mobilimariani.com\/fr\/molteni-chaise-glove\/#primaryimage\"},\"articleSection\":[\"Catalogue\"],\"inLanguage\":\"fr-CH\"},{\"@type\":\"Person\",\"@id\":\"https:\/\/www.mobilimariani.com\/#\/schema\/person\/4685d9f51269134e53f988c9122315f4\",\"name\":\"14m4rC008\",\"image\":{\"@type\":\"ImageObject\",\"@id\":\"https:\/\/www.mobilimariani.com\/#personlogo\",\"inLanguage\":\"fr-CH\",\"url\":\"https:\/\/secure.gravatar.com\/avatar\/dfaa6e536fec7030712cf850e9ddef45?s=96&d=mm&r=g\",\"contentUrl\":\"https:\/\/secure.gravatar.com\/avatar\/dfaa6e536fec7030712cf850e9ddef45?s=96&d=mm&r=g\",\"caption\":\"14m4rC008\"}}]}<\/script>\n<!-- \/ Yoast SEO plugin. -->","_links":{"self":[{"href":"https:\/\/www.mobilimariani.com\/fr\/wp-json\/wp\/v2\/posts\/9790"}],"collection":[{"href":"https:\/\/www.mobilimariani.com\/fr\/wp-json\/wp\/v2\/posts"}],"about":[{"href":"https:\/\/www.mobilimariani.com\/fr\/wp-json\/wp\/v2\/types\/post"}],"author":[{"embeddable":true,"href":"https:\/\/www.mobilimariani.com\/fr\/wp-json\/wp\/v2\/users\/1"}],"replies":[{"embeddable":true,"href":"https:\/\/www.mobilimariani.com\/fr\/wp-json\/wp\/v2\/comments?post=9790"}],"version-history":[{"count":3,"href":"https:\/\/www.mobilimariani.com\/fr\/wp-json\/wp\/v2\/posts\/9790\/revisions"}],"predecessor-version":[{"id":27020,"href":"https:\/\/www.mobilimariani.com\/fr\/wp-json\/wp\/v2\/posts\/9790\/revisions\/27020"}],"wp:featuredmedia":[{"embeddable":true,"href":"https:\/\/www.mobilimariani.com\/fr\/wp-json\/wp\/v2\/media\/617"}],"wp:attachment":[{"href":"https:\/\/www.mobilimariani.com\/fr\/wp-json\/wp\/v2\/media?parent=9790"}],"wp:term":[{"taxonomy":"category","embeddable":true,"href":"https:\/\/www.mobilimariani.com\/fr\/wp-json\/wp\/v2\/categories?post=9790"},{"taxonomy":"post_tag","embeddable":true,"href":"https:\/\/www.mobilimariani.com\/fr\/wp-json\/wp\/v2\/tags?post=9790"}],"curies":[{"name":"wp","href":"https:\/\/api.w.org\/{rel}","templated":true}]}}