{"id":9743,"date":"2016-02-03T15:35:18","date_gmt":"2016-02-03T14:35:18","guid":{"rendered":"https:\/\/www.mobilimariani.com\/?p=9743"},"modified":"2017-02-21T21:20:15","modified_gmt":"2017-02-21T20:20:15","slug":"molteni-table-arc","status":"publish","type":"post","link":"https:\/\/www.mobilimariani.com\/fr\/molteni-table-arc\/","title":{"rendered":"MOLTENI TABLE ARC"},"content":{"rendered":"<p>Molteni table\u00a0Arc design Foster + Partners diam\u00e8tre\u00a0cm.150x73h.<\/p>\n<p>Gu\u00e9ridon compos\u00e9 de ciment et de fibres, imprim\u00e9\u00a0sur une seule pi\u00e8ce et teint en gris.<\/p>\n<p>plateau en verre extra-clair de 12 mm d&#8217;\u00e9paisseur avec biseau.<\/p>\n<p>Prix \u200b\u200bcatalogue \u20ac 2969,00<\/p>\n<p>Prix \u200b\u200bescompt\u00e9 \u20ac 1999,00<\/p>\n<p>HORS FRAIS de transport et de montage<\/p>\n<p>Pour d\u00e9couvrir la marque Molteni <a href=\"https:\/\/www.mobilimariani.com\/fr\/concessionnaire-molteni-2\/\">cliquer ici<\/a><\/p>\n","protected":false},"excerpt":{"rendered":"Molteni table\u00a0Arc design Foster + Partners diam\u00e8tre\u00a0cm.150x73h. Gu\u00e9ridon compos\u00e9 de ciment et de fibres, imprim\u00e9\u00a0sur une seule pi\u00e8ce et teint en gris. plateau en verre extra-clair de 12 mm d&#8217;\u00e9paisseur avec biseau. Prix \u200b\u200bcatalogue \u20ac 2969,00 Prix \u200b\u200bescompt\u00e9 \u20ac 1999,00 HORS FRAIS de transport et de montage Pour d\u00e9couvrir la marque Molteni cliquer ici","protected":false},"author":1,"featured_media":1285,"comment_status":"closed","ping_status":"closed","sticky":false,"template":"","format":"standard","meta":[],"categories":[48,14],"tags":[],"yoast_head":"<!-- This site is optimized with the Yoast SEO plugin v16.2 - https:\/\/yoast.com\/wordpress\/plugins\/seo\/ -->\n<meta name=\"description\" content=\"Molteni table\u00a0Arc design Foster + Partners diam\u00e8tre\u00a0cm.150x73h. Gu\u00e9ridon compos\u00e9 de ciment et de fibres, imprim\u00e9\u00a0sur une seule pi\u00e8ce et teint en gris.\" \/>\n<meta name=\"robots\" content=\"index, follow, max-snippet:-1, max-image-preview:large, max-video-preview:-1\" \/>\n<link rel=\"canonical\" href=\"https:\/\/www.mobilimariani.com\/fr\/molteni-table-arc\/\" \/>\n<meta property=\"og:locale\" content=\"fr_FR\" \/>\n<meta property=\"og:type\" content=\"article\" \/>\n<meta property=\"og:title\" content=\"MOLTENI TABLE ARC | Mobili Mariani\" \/>\n<meta property=\"og:description\" content=\"Molteni table\u00a0Arc design Foster + Partners diam\u00e8tre\u00a0cm.150x73h. Gu\u00e9ridon compos\u00e9 de ciment et de fibres, imprim\u00e9\u00a0sur une seule pi\u00e8ce et teint en gris.\" \/>\n<meta property=\"og:url\" content=\"https:\/\/www.mobilimariani.com\/fr\/molteni-table-arc\/\" \/>\n<meta property=\"og:site_name\" content=\"Mobili Mariani\" \/>\n<meta property=\"article:published_time\" content=\"2016-02-03T14:35:18+00:00\" \/>\n<meta property=\"article:modified_time\" content=\"2017-02-21T20:20:15+00:00\" \/>\n<meta property=\"og:image\" content=\"https:\/\/www.mobilimariani.com\/wp-content\/uploads\/2015\/02\/MOLTENI-ARC-TAVOLO-1.jpg\" \/>\n\t<meta property=\"og:image:width\" content=\"500\" \/>\n\t<meta property=\"og:image:height\" content=\"375\" \/>\n<script type=\"application\/ld+json\" class=\"yoast-schema-graph\">{\"@context\":\"https:\/\/schema.org\",\"@graph\":[{\"@type\":\"Organization\",\"@id\":\"https:\/\/www.mobilimariani.com\/#organization\",\"name\":\"Mobili Mariani\",\"url\":\"https:\/\/www.mobilimariani.com\/\",\"sameAs\":[],\"logo\":{\"@type\":\"ImageObject\",\"@id\":\"https:\/\/www.mobilimariani.com\/#logo\",\"inLanguage\":\"fr-CH\",\"url\":\"https:\/\/www.mobilimariani.com\/wp-content\/uploads\/2015\/12\/logo.png\",\"contentUrl\":\"https:\/\/www.mobilimariani.com\/wp-content\/uploads\/2015\/12\/logo.png\",\"width\":160,\"height\":110,\"caption\":\"Mobili Mariani\"},\"image\":{\"@id\":\"https:\/\/www.mobilimariani.com\/#logo\"}},{\"@type\":\"WebSite\",\"@id\":\"https:\/\/www.mobilimariani.com\/#website\",\"url\":\"https:\/\/www.mobilimariani.com\/\",\"name\":\"Mobili Mariani\",\"description\":\"Mobili Italia Svizzera\",\"publisher\":{\"@id\":\"https:\/\/www.mobilimariani.com\/#organization\"},\"potentialAction\":[{\"@type\":\"SearchAction\",\"target\":\"https:\/\/www.mobilimariani.com\/?s={search_term_string}\",\"query-input\":\"required name=search_term_string\"}],\"inLanguage\":\"fr-CH\"},{\"@type\":\"ImageObject\",\"@id\":\"https:\/\/www.mobilimariani.com\/fr\/molteni-table-arc\/#primaryimage\",\"inLanguage\":\"fr-CH\",\"url\":\"https:\/\/www.mobilimariani.com\/wp-content\/uploads\/2015\/02\/MOLTENI-ARC-TAVOLO-1.jpg\",\"contentUrl\":\"https:\/\/www.mobilimariani.com\/wp-content\/uploads\/2015\/02\/MOLTENI-ARC-TAVOLO-1.jpg\",\"width\":500,\"height\":375,\"caption\":\"MOLTENI TAVOLO ARC DESIGN FOSTER + PARTNERS\"},{\"@type\":\"WebPage\",\"@id\":\"https:\/\/www.mobilimariani.com\/fr\/molteni-table-arc\/#webpage\",\"url\":\"https:\/\/www.mobilimariani.com\/fr\/molteni-table-arc\/\",\"name\":\"MOLTENI TABLE ARC | Mobili Mariani\",\"isPartOf\":{\"@id\":\"https:\/\/www.mobilimariani.com\/#website\"},\"primaryImageOfPage\":{\"@id\":\"https:\/\/www.mobilimariani.com\/fr\/molteni-table-arc\/#primaryimage\"},\"datePublished\":\"2016-02-03T14:35:18+00:00\",\"dateModified\":\"2017-02-21T20:20:15+00:00\",\"description\":\"Molteni table\\u00a0Arc design Foster + Partners diam\\u00e8tre\\u00a0cm.150x73h. Gu\\u00e9ridon compos\\u00e9 de ciment et de fibres, imprim\\u00e9\\u00a0sur une seule pi\\u00e8ce et teint en gris.\",\"breadcrumb\":{\"@id\":\"https:\/\/www.mobilimariani.com\/fr\/molteni-table-arc\/#breadcrumb\"},\"inLanguage\":\"fr-CH\",\"potentialAction\":[{\"@type\":\"ReadAction\",\"target\":[\"https:\/\/www.mobilimariani.com\/fr\/molteni-table-arc\/\"]}]},{\"@type\":\"BreadcrumbList\",\"@id\":\"https:\/\/www.mobilimariani.com\/fr\/molteni-table-arc\/#breadcrumb\",\"itemListElement\":[{\"@type\":\"ListItem\",\"position\":1,\"item\":{\"@type\":\"WebPage\",\"@id\":\"https:\/\/www.mobilimariani.com\/\",\"url\":\"https:\/\/www.mobilimariani.com\/\",\"name\":\"Home\"}},{\"@type\":\"ListItem\",\"position\":2,\"item\":{\"@id\":\"https:\/\/www.mobilimariani.com\/fr\/molteni-table-arc\/#webpage\"}}]},{\"@type\":\"Article\",\"@id\":\"https:\/\/www.mobilimariani.com\/fr\/molteni-table-arc\/#article\",\"isPartOf\":{\"@id\":\"https:\/\/www.mobilimariani.com\/fr\/molteni-table-arc\/#webpage\"},\"author\":{\"@id\":\"https:\/\/www.mobilimariani.com\/#\/schema\/person\/4685d9f51269134e53f988c9122315f4\"},\"headline\":\"MOLTENI TABLE ARC\",\"datePublished\":\"2016-02-03T14:35:18+00:00\",\"dateModified\":\"2017-02-21T20:20:15+00:00\",\"mainEntityOfPage\":{\"@id\":\"https:\/\/www.mobilimariani.com\/fr\/molteni-table-arc\/#webpage\"},\"publisher\":{\"@id\":\"https:\/\/www.mobilimariani.com\/#organization\"},\"image\":{\"@id\":\"https:\/\/www.mobilimariani.com\/fr\/molteni-table-arc\/#primaryimage\"},\"articleSection\":[\"Offres Zone Jour\",\"Outlet\"],\"inLanguage\":\"fr-CH\"},{\"@type\":\"Person\",\"@id\":\"https:\/\/www.mobilimariani.com\/#\/schema\/person\/4685d9f51269134e53f988c9122315f4\",\"name\":\"14m4rC008\",\"image\":{\"@type\":\"ImageObject\",\"@id\":\"https:\/\/www.mobilimariani.com\/#personlogo\",\"inLanguage\":\"fr-CH\",\"url\":\"https:\/\/secure.gravatar.com\/avatar\/dfaa6e536fec7030712cf850e9ddef45?s=96&d=mm&r=g\",\"contentUrl\":\"https:\/\/secure.gravatar.com\/avatar\/dfaa6e536fec7030712cf850e9ddef45?s=96&d=mm&r=g\",\"caption\":\"14m4rC008\"}}]}<\/script>\n<!-- \/ Yoast SEO plugin. -->","_links":{"self":[{"href":"https:\/\/www.mobilimariani.com\/fr\/wp-json\/wp\/v2\/posts\/9743"}],"collection":[{"href":"https:\/\/www.mobilimariani.com\/fr\/wp-json\/wp\/v2\/posts"}],"about":[{"href":"https:\/\/www.mobilimariani.com\/fr\/wp-json\/wp\/v2\/types\/post"}],"author":[{"embeddable":true,"href":"https:\/\/www.mobilimariani.com\/fr\/wp-json\/wp\/v2\/users\/1"}],"replies":[{"embeddable":true,"href":"https:\/\/www.mobilimariani.com\/fr\/wp-json\/wp\/v2\/comments?post=9743"}],"version-history":[{"count":1,"href":"https:\/\/www.mobilimariani.com\/fr\/wp-json\/wp\/v2\/posts\/9743\/revisions"}],"predecessor-version":[{"id":9744,"href":"https:\/\/www.mobilimariani.com\/fr\/wp-json\/wp\/v2\/posts\/9743\/revisions\/9744"}],"wp:featuredmedia":[{"embeddable":true,"href":"https:\/\/www.mobilimariani.com\/fr\/wp-json\/wp\/v2\/media\/1285"}],"wp:attachment":[{"href":"https:\/\/www.mobilimariani.com\/fr\/wp-json\/wp\/v2\/media?parent=9743"}],"wp:term":[{"taxonomy":"category","embeddable":true,"href":"https:\/\/www.mobilimariani.com\/fr\/wp-json\/wp\/v2\/categories?post=9743"},{"taxonomy":"post_tag","embeddable":true,"href":"https:\/\/www.mobilimariani.com\/fr\/wp-json\/wp\/v2\/tags?post=9743"}],"curies":[{"name":"wp","href":"https:\/\/api.w.org\/{rel}","templated":true}]}}