{"id":9628,"date":"2016-01-26T17:54:41","date_gmt":"2016-01-26T16:54:41","guid":{"rendered":"https:\/\/www.mobilimariani.com\/?p=9628"},"modified":"2017-04-01T18:02:48","modified_gmt":"2017-04-01T16:02:48","slug":"kalla-lavabo-de-terre","status":"publish","type":"post","link":"https:\/\/www.mobilimariani.com\/fr\/kalla-lavabo-de-terre\/","title":{"rendered":"KALLA LAVABO DE TERRE"},"content":{"rendered":"<p>Kalla lavabo de terre design Oriano Favaretto.<\/p>\n<p>La colonne de lavabo Kalla est faite d&#8217;un seul bloc de Cristalplant\u00ae, se r\u00e9pandant comme une vague qui nous entoure. Dimensions \u00a087x70x46\u00a0cm.<\/p>\n<p>Cristalplant\u00ae est un mat\u00e9riau innovant, agr\u00e9able au toucher. La finition et la beaut\u00e9 est semblable \u00e0 la pierre naturelle matte ; c&#8217;est un mat\u00e9riau homog\u00e8ne dans toute son \u00e9paisseur, n&#8217;ayant\u00a0peur ni de la rayure ni de l&#8217;\u00e9caillage et peut \u00eatre nettoyer\u00a0avec la simple utilisation d&#8217;une \u00e9ponge et de produits nettoyants abrasifs commercialement. CRISTALPLANT \u00ae est un mat\u00e9riau form\u00e9 d&#8217;un pourcentage \u00e9lev\u00e9 de min\u00e9raux naturels et un faible pourcentage de polyester et de polym\u00e8res acryliques de haute puret\u00e9 ; Il est un inerte, hypoallerg\u00e9nique et non toxique, 100% recyclable, r\u00e9sistant au feu (classe 1) avec une r\u00e9sistance \u00e9lev\u00e9e aux UV.<\/p>\n<p>Vous voulez conna\u00eetre notre meilleur prix pour cet article?<a href=\"https:\/\/www.mobilimariani.com\/fr\/contacts\/\">\u00a0Cliquez ici<\/a> et envoyez-nous la demande<\/p>\n<p><strong>\u00a0<\/strong><strong>Pour nos clients suisses, il sera d\u00e9duit l&#8217;I.V.A. italienne \u00e0 hauteur de 22%.<\/strong><\/p>\n","protected":false},"excerpt":{"rendered":"Kalla lavabo de terre design Oriano Favaretto. La colonne de lavabo Kalla est faite d&#8217;un seul bloc de Cristalplant\u00ae, se r\u00e9pandant comme une vague qui nous entoure. Dimensions \u00a087x70x46\u00a0cm. Cristalplant\u00ae est un mat\u00e9riau innovant, agr\u00e9able au toucher. La finition et la beaut\u00e9 est semblable \u00e0 la pierre naturelle matte ; c&#8217;est un mat\u00e9riau homog\u00e8ne dans&#8230; <a class=\"view-article\" href=\"https:\/\/www.mobilimariani.com\/fr\/kalla-lavabo-de-terre\/\">Voir l&#8217;article<\/a>","protected":false},"author":1,"featured_media":1814,"comment_status":"closed","ping_status":"closed","sticky":false,"template":"","format":"standard","meta":[],"categories":[17,1],"tags":[],"yoast_head":"<!-- This site is optimized with the Yoast SEO plugin v16.2 - https:\/\/yoast.com\/wordpress\/plugins\/seo\/ -->\n<meta name=\"description\" content=\"Kalla lavabo de terre design Oriano Favaretto. La colonne de lavabo Kalla est faite d&#039;un seul bloc de Cristalplant\u00ae, se r\u00e9pandant comme une vague qui nous\" \/>\n<meta name=\"robots\" content=\"index, follow, max-snippet:-1, max-image-preview:large, max-video-preview:-1\" \/>\n<link rel=\"canonical\" href=\"https:\/\/www.mobilimariani.com\/fr\/kalla-lavabo-de-terre\/\" \/>\n<meta property=\"og:locale\" content=\"fr_FR\" \/>\n<meta property=\"og:type\" content=\"article\" \/>\n<meta property=\"og:title\" content=\"KALLA LAVABO DE TERRE | Mobili Mariani\" \/>\n<meta property=\"og:description\" content=\"Kalla lavabo de terre design Oriano Favaretto. La colonne de lavabo Kalla est faite d&#039;un seul bloc de Cristalplant\u00ae, se r\u00e9pandant comme une vague qui nous\" \/>\n<meta property=\"og:url\" content=\"https:\/\/www.mobilimariani.com\/fr\/kalla-lavabo-de-terre\/\" \/>\n<meta property=\"og:site_name\" content=\"Mobili Mariani\" \/>\n<meta property=\"article:published_time\" content=\"2016-01-26T16:54:41+00:00\" \/>\n<meta property=\"article:modified_time\" content=\"2017-04-01T16:02:48+00:00\" \/>\n<meta property=\"og:image\" content=\"https:\/\/www.mobilimariani.com\/wp-content\/uploads\/2015\/03\/lavandino-kalla-6.jpg\" \/>\n\t<meta property=\"og:image:width\" content=\"661\" \/>\n\t<meta property=\"og:image:height\" content=\"527\" \/>\n<meta name=\"twitter:label1\" content=\"Est. reading time\">\n\t<meta name=\"twitter:data1\" content=\"1 minute\">\n<script type=\"application\/ld+json\" class=\"yoast-schema-graph\">{\"@context\":\"https:\/\/schema.org\",\"@graph\":[{\"@type\":\"Organization\",\"@id\":\"https:\/\/www.mobilimariani.com\/#organization\",\"name\":\"Mobili Mariani\",\"url\":\"https:\/\/www.mobilimariani.com\/\",\"sameAs\":[],\"logo\":{\"@type\":\"ImageObject\",\"@id\":\"https:\/\/www.mobilimariani.com\/#logo\",\"inLanguage\":\"fr-CH\",\"url\":\"https:\/\/www.mobilimariani.com\/wp-content\/uploads\/2015\/12\/logo.png\",\"contentUrl\":\"https:\/\/www.mobilimariani.com\/wp-content\/uploads\/2015\/12\/logo.png\",\"width\":160,\"height\":110,\"caption\":\"Mobili Mariani\"},\"image\":{\"@id\":\"https:\/\/www.mobilimariani.com\/#logo\"}},{\"@type\":\"WebSite\",\"@id\":\"https:\/\/www.mobilimariani.com\/#website\",\"url\":\"https:\/\/www.mobilimariani.com\/\",\"name\":\"Mobili Mariani\",\"description\":\"Mobili Italia Svizzera\",\"publisher\":{\"@id\":\"https:\/\/www.mobilimariani.com\/#organization\"},\"potentialAction\":[{\"@type\":\"SearchAction\",\"target\":\"https:\/\/www.mobilimariani.com\/?s={search_term_string}\",\"query-input\":\"required name=search_term_string\"}],\"inLanguage\":\"fr-CH\"},{\"@type\":\"ImageObject\",\"@id\":\"https:\/\/www.mobilimariani.com\/fr\/kalla-lavabo-de-terre\/#primaryimage\",\"inLanguage\":\"fr-CH\",\"url\":\"https:\/\/www.mobilimariani.com\/wp-content\/uploads\/2015\/03\/lavandino-kalla-6.jpg\",\"contentUrl\":\"https:\/\/www.mobilimariani.com\/wp-content\/uploads\/2015\/03\/lavandino-kalla-6.jpg\",\"width\":661,\"height\":527},{\"@type\":\"WebPage\",\"@id\":\"https:\/\/www.mobilimariani.com\/fr\/kalla-lavabo-de-terre\/#webpage\",\"url\":\"https:\/\/www.mobilimariani.com\/fr\/kalla-lavabo-de-terre\/\",\"name\":\"KALLA LAVABO DE TERRE | Mobili Mariani\",\"isPartOf\":{\"@id\":\"https:\/\/www.mobilimariani.com\/#website\"},\"primaryImageOfPage\":{\"@id\":\"https:\/\/www.mobilimariani.com\/fr\/kalla-lavabo-de-terre\/#primaryimage\"},\"datePublished\":\"2016-01-26T16:54:41+00:00\",\"dateModified\":\"2017-04-01T16:02:48+00:00\",\"description\":\"Kalla lavabo de terre design Oriano Favaretto. La colonne de lavabo Kalla est faite d'un seul bloc de Cristalplant\\u00ae, se r\\u00e9pandant comme une vague qui nous\",\"breadcrumb\":{\"@id\":\"https:\/\/www.mobilimariani.com\/fr\/kalla-lavabo-de-terre\/#breadcrumb\"},\"inLanguage\":\"fr-CH\",\"potentialAction\":[{\"@type\":\"ReadAction\",\"target\":[\"https:\/\/www.mobilimariani.com\/fr\/kalla-lavabo-de-terre\/\"]}]},{\"@type\":\"BreadcrumbList\",\"@id\":\"https:\/\/www.mobilimariani.com\/fr\/kalla-lavabo-de-terre\/#breadcrumb\",\"itemListElement\":[{\"@type\":\"ListItem\",\"position\":1,\"item\":{\"@type\":\"WebPage\",\"@id\":\"https:\/\/www.mobilimariani.com\/\",\"url\":\"https:\/\/www.mobilimariani.com\/\",\"name\":\"Home\"}},{\"@type\":\"ListItem\",\"position\":2,\"item\":{\"@id\":\"https:\/\/www.mobilimariani.com\/fr\/kalla-lavabo-de-terre\/#webpage\"}}]},{\"@type\":\"Article\",\"@id\":\"https:\/\/www.mobilimariani.com\/fr\/kalla-lavabo-de-terre\/#article\",\"isPartOf\":{\"@id\":\"https:\/\/www.mobilimariani.com\/fr\/kalla-lavabo-de-terre\/#webpage\"},\"author\":{\"@id\":\"https:\/\/www.mobilimariani.com\/#\/schema\/person\/4685d9f51269134e53f988c9122315f4\"},\"headline\":\"KALLA LAVABO DE TERRE\",\"datePublished\":\"2016-01-26T16:54:41+00:00\",\"dateModified\":\"2017-04-01T16:02:48+00:00\",\"mainEntityOfPage\":{\"@id\":\"https:\/\/www.mobilimariani.com\/fr\/kalla-lavabo-de-terre\/#webpage\"},\"publisher\":{\"@id\":\"https:\/\/www.mobilimariani.com\/#organization\"},\"image\":{\"@id\":\"https:\/\/www.mobilimariani.com\/fr\/kalla-lavabo-de-terre\/#primaryimage\"},\"articleSection\":[\"Bain\",\"Catalogue\"],\"inLanguage\":\"fr-CH\"},{\"@type\":\"Person\",\"@id\":\"https:\/\/www.mobilimariani.com\/#\/schema\/person\/4685d9f51269134e53f988c9122315f4\",\"name\":\"14m4rC008\",\"image\":{\"@type\":\"ImageObject\",\"@id\":\"https:\/\/www.mobilimariani.com\/#personlogo\",\"inLanguage\":\"fr-CH\",\"url\":\"https:\/\/secure.gravatar.com\/avatar\/dfaa6e536fec7030712cf850e9ddef45?s=96&d=mm&r=g\",\"contentUrl\":\"https:\/\/secure.gravatar.com\/avatar\/dfaa6e536fec7030712cf850e9ddef45?s=96&d=mm&r=g\",\"caption\":\"14m4rC008\"}}]}<\/script>\n<!-- \/ Yoast SEO plugin. -->","_links":{"self":[{"href":"https:\/\/www.mobilimariani.com\/fr\/wp-json\/wp\/v2\/posts\/9628"}],"collection":[{"href":"https:\/\/www.mobilimariani.com\/fr\/wp-json\/wp\/v2\/posts"}],"about":[{"href":"https:\/\/www.mobilimariani.com\/fr\/wp-json\/wp\/v2\/types\/post"}],"author":[{"embeddable":true,"href":"https:\/\/www.mobilimariani.com\/fr\/wp-json\/wp\/v2\/users\/1"}],"replies":[{"embeddable":true,"href":"https:\/\/www.mobilimariani.com\/fr\/wp-json\/wp\/v2\/comments?post=9628"}],"version-history":[{"count":1,"href":"https:\/\/www.mobilimariani.com\/fr\/wp-json\/wp\/v2\/posts\/9628\/revisions"}],"predecessor-version":[{"id":9629,"href":"https:\/\/www.mobilimariani.com\/fr\/wp-json\/wp\/v2\/posts\/9628\/revisions\/9629"}],"wp:featuredmedia":[{"embeddable":true,"href":"https:\/\/www.mobilimariani.com\/fr\/wp-json\/wp\/v2\/media\/1814"}],"wp:attachment":[{"href":"https:\/\/www.mobilimariani.com\/fr\/wp-json\/wp\/v2\/media?parent=9628"}],"wp:term":[{"taxonomy":"category","embeddable":true,"href":"https:\/\/www.mobilimariani.com\/fr\/wp-json\/wp\/v2\/categories?post=9628"},{"taxonomy":"post_tag","embeddable":true,"href":"https:\/\/www.mobilimariani.com\/fr\/wp-json\/wp\/v2\/tags?post=9628"}],"curies":[{"name":"wp","href":"https:\/\/api.w.org\/{rel}","templated":true}]}}