{"id":9568,"date":"2016-01-22T17:16:13","date_gmt":"2016-01-22T16:16:13","guid":{"rendered":"https:\/\/www.mobilimariani.com\/?p=9568"},"modified":"2017-06-12T18:34:17","modified_gmt":"2017-06-12T16:34:17","slug":"lema-armoire-porte-coulissante-2","status":"publish","type":"post","link":"https:\/\/www.mobilimariani.com\/fr\/lema-armoire-porte-coulissante-2\/","title":{"rendered":"LEMA ARMOIRE PORTE COULISSANTE"},"content":{"rendered":"<p>LEMA ARMOIRE PORTE COULISSANTE<\/p>\n<p>Elle peut-\u00eatre en essence, en verre, en cuir .<\/p>\n<p>Elle peut \u00eatre associ\u00e9 avec des cadres en m\u00e9tal ou en bois.<\/p>\n<p>Ils sont disponibles dans toutes les versions, lisse, parfaitement uniforme, finition\u00a0brillante ou mat, dans la gamme de couleurs raffin\u00e9e Lemacolrtrend Lemacolor et poli.<\/p>\n<p>Ils ont des tailles diff\u00e9rentes en fonction des besoins individuels .<\/p>\n<p>Du classique au grandes tailles : grandes surfaces qui acqui\u00e8rent\u00a0un fort impact graphique avec des couleurs et des mat\u00e9riaux.<\/p>\n<p>Les portes coulissantes de la collection Lema n&#8217;est pas seulement un choix de solutions d&#8217;armoire\u00a0est un projet de la conception \u00e0 haut profil.<\/p>\n<p>Pour d\u00e9couvrir la marque Lema, <a href=\"https:\/\/www.mobilimariani.com\/fr\/concessionaire-lema\/\">cliquez ici<\/a><\/p>\n<p>Vous voulez conna\u00eetre notre meilleur prix pour cet article?<a href=\"https:\/\/www.mobilimariani.com\/fr\/contacts\/\">\u00a0Cliquez ici<\/a> et envoyez-nous la demande<\/p>\n<p><strong>Pour nos clients suisses, il sera d\u00e9duit l&#8217;I.V.A. italienne \u00e0 hauteur de 22%.<\/strong><\/p>\n<p>&nbsp;<\/p>\n","protected":false},"excerpt":{"rendered":"LEMA ARMOIRE PORTE COULISSANTE Elle peut-\u00eatre en essence, en verre, en cuir . Elle peut \u00eatre associ\u00e9 avec des cadres en m\u00e9tal ou en bois. Ils sont disponibles dans toutes les versions, lisse, parfaitement uniforme, finition\u00a0brillante ou mat, dans la gamme de couleurs raffin\u00e9e Lemacolrtrend Lemacolor et poli. Ils ont des tailles diff\u00e9rentes en fonction&#8230; <a class=\"view-article\" href=\"https:\/\/www.mobilimariani.com\/fr\/lema-armoire-porte-coulissante-2\/\">Voir l&#8217;article<\/a>","protected":false},"author":1,"featured_media":3395,"comment_status":"closed","ping_status":"closed","sticky":false,"template":"","format":"standard","meta":[],"categories":[3,1,2],"tags":[10],"yoast_head":"<!-- This site is optimized with the Yoast SEO plugin v16.2 - https:\/\/yoast.com\/wordpress\/plugins\/seo\/ -->\n<meta name=\"description\" content=\"LEMA ARMOIRE PORTE COULISSANTE Elle peut-\u00eatre en essence, en verre, en cuir . Elle peut \u00eatre associ\u00e9 avec des cadres en m\u00e9tal ou en bois. Ils sont\" \/>\n<meta name=\"robots\" content=\"index, follow, max-snippet:-1, max-image-preview:large, max-video-preview:-1\" \/>\n<link rel=\"canonical\" href=\"https:\/\/www.mobilimariani.com\/fr\/lema-armoire-porte-coulissante-2\/\" \/>\n<meta property=\"og:locale\" content=\"fr_FR\" \/>\n<meta property=\"og:type\" content=\"article\" \/>\n<meta property=\"og:title\" content=\"LEMA ARMOIRE PORTE COULISSANTE | Mobili Mariani\" \/>\n<meta property=\"og:description\" content=\"LEMA ARMOIRE PORTE COULISSANTE Elle peut-\u00eatre en essence, en verre, en cuir . Elle peut \u00eatre associ\u00e9 avec des cadres en m\u00e9tal ou en bois. Ils sont\" \/>\n<meta property=\"og:url\" content=\"https:\/\/www.mobilimariani.com\/fr\/lema-armoire-porte-coulissante-2\/\" \/>\n<meta property=\"og:site_name\" content=\"Mobili Mariani\" \/>\n<meta property=\"article:published_time\" content=\"2016-01-22T16:16:13+00:00\" \/>\n<meta property=\"article:modified_time\" content=\"2017-06-12T16:34:17+00:00\" \/>\n<meta property=\"og:image\" content=\"https:\/\/www.mobilimariani.com\/wp-content\/uploads\/2015\/05\/12.jpg\" \/>\n\t<meta property=\"og:image:width\" content=\"649\" \/>\n\t<meta property=\"og:image:height\" content=\"351\" \/>\n<meta name=\"twitter:label1\" content=\"Est. reading time\">\n\t<meta name=\"twitter:data1\" content=\"1 minute\">\n<script type=\"application\/ld+json\" class=\"yoast-schema-graph\">{\"@context\":\"https:\/\/schema.org\",\"@graph\":[{\"@type\":\"Organization\",\"@id\":\"https:\/\/www.mobilimariani.com\/#organization\",\"name\":\"Mobili Mariani\",\"url\":\"https:\/\/www.mobilimariani.com\/\",\"sameAs\":[],\"logo\":{\"@type\":\"ImageObject\",\"@id\":\"https:\/\/www.mobilimariani.com\/#logo\",\"inLanguage\":\"fr-CH\",\"url\":\"https:\/\/www.mobilimariani.com\/wp-content\/uploads\/2015\/12\/logo.png\",\"contentUrl\":\"https:\/\/www.mobilimariani.com\/wp-content\/uploads\/2015\/12\/logo.png\",\"width\":160,\"height\":110,\"caption\":\"Mobili Mariani\"},\"image\":{\"@id\":\"https:\/\/www.mobilimariani.com\/#logo\"}},{\"@type\":\"WebSite\",\"@id\":\"https:\/\/www.mobilimariani.com\/#website\",\"url\":\"https:\/\/www.mobilimariani.com\/\",\"name\":\"Mobili Mariani\",\"description\":\"Mobili Italia Svizzera\",\"publisher\":{\"@id\":\"https:\/\/www.mobilimariani.com\/#organization\"},\"potentialAction\":[{\"@type\":\"SearchAction\",\"target\":\"https:\/\/www.mobilimariani.com\/?s={search_term_string}\",\"query-input\":\"required name=search_term_string\"}],\"inLanguage\":\"fr-CH\"},{\"@type\":\"ImageObject\",\"@id\":\"https:\/\/www.mobilimariani.com\/fr\/lema-armoire-porte-coulissante-2\/#primaryimage\",\"inLanguage\":\"fr-CH\",\"url\":\"https:\/\/www.mobilimariani.com\/wp-content\/uploads\/2015\/05\/12.jpg\",\"contentUrl\":\"https:\/\/www.mobilimariani.com\/wp-content\/uploads\/2015\/05\/12.jpg\",\"width\":649,\"height\":351,\"caption\":\"LEMA ARMADIO ANTA SCORREVOLE\"},{\"@type\":\"WebPage\",\"@id\":\"https:\/\/www.mobilimariani.com\/fr\/lema-armoire-porte-coulissante-2\/#webpage\",\"url\":\"https:\/\/www.mobilimariani.com\/fr\/lema-armoire-porte-coulissante-2\/\",\"name\":\"LEMA ARMOIRE PORTE COULISSANTE | Mobili Mariani\",\"isPartOf\":{\"@id\":\"https:\/\/www.mobilimariani.com\/#website\"},\"primaryImageOfPage\":{\"@id\":\"https:\/\/www.mobilimariani.com\/fr\/lema-armoire-porte-coulissante-2\/#primaryimage\"},\"datePublished\":\"2016-01-22T16:16:13+00:00\",\"dateModified\":\"2017-06-12T16:34:17+00:00\",\"description\":\"LEMA ARMOIRE PORTE COULISSANTE Elle peut-\\u00eatre en essence, en verre, en cuir . Elle peut \\u00eatre associ\\u00e9 avec des cadres en m\\u00e9tal ou en bois. Ils sont\",\"breadcrumb\":{\"@id\":\"https:\/\/www.mobilimariani.com\/fr\/lema-armoire-porte-coulissante-2\/#breadcrumb\"},\"inLanguage\":\"fr-CH\",\"potentialAction\":[{\"@type\":\"ReadAction\",\"target\":[\"https:\/\/www.mobilimariani.com\/fr\/lema-armoire-porte-coulissante-2\/\"]}]},{\"@type\":\"BreadcrumbList\",\"@id\":\"https:\/\/www.mobilimariani.com\/fr\/lema-armoire-porte-coulissante-2\/#breadcrumb\",\"itemListElement\":[{\"@type\":\"ListItem\",\"position\":1,\"item\":{\"@type\":\"WebPage\",\"@id\":\"https:\/\/www.mobilimariani.com\/\",\"url\":\"https:\/\/www.mobilimariani.com\/\",\"name\":\"Home\"}},{\"@type\":\"ListItem\",\"position\":2,\"item\":{\"@id\":\"https:\/\/www.mobilimariani.com\/fr\/lema-armoire-porte-coulissante-2\/#webpage\"}}]},{\"@type\":\"Article\",\"@id\":\"https:\/\/www.mobilimariani.com\/fr\/lema-armoire-porte-coulissante-2\/#article\",\"isPartOf\":{\"@id\":\"https:\/\/www.mobilimariani.com\/fr\/lema-armoire-porte-coulissante-2\/#webpage\"},\"author\":{\"@id\":\"https:\/\/www.mobilimariani.com\/#\/schema\/person\/4685d9f51269134e53f988c9122315f4\"},\"headline\":\"LEMA ARMOIRE PORTE COULISSANTE\",\"datePublished\":\"2016-01-22T16:16:13+00:00\",\"dateModified\":\"2017-06-12T16:34:17+00:00\",\"mainEntityOfPage\":{\"@id\":\"https:\/\/www.mobilimariani.com\/fr\/lema-armoire-porte-coulissante-2\/#webpage\"},\"publisher\":{\"@id\":\"https:\/\/www.mobilimariani.com\/#organization\"},\"image\":{\"@id\":\"https:\/\/www.mobilimariani.com\/fr\/lema-armoire-porte-coulissante-2\/#primaryimage\"},\"keywords\":[\"Lema\"],\"articleSection\":[\"Armoires\",\"Catalogue\",\"Zone nuit\"],\"inLanguage\":\"fr-CH\"},{\"@type\":\"Person\",\"@id\":\"https:\/\/www.mobilimariani.com\/#\/schema\/person\/4685d9f51269134e53f988c9122315f4\",\"name\":\"14m4rC008\",\"image\":{\"@type\":\"ImageObject\",\"@id\":\"https:\/\/www.mobilimariani.com\/#personlogo\",\"inLanguage\":\"fr-CH\",\"url\":\"https:\/\/secure.gravatar.com\/avatar\/dfaa6e536fec7030712cf850e9ddef45?s=96&d=mm&r=g\",\"contentUrl\":\"https:\/\/secure.gravatar.com\/avatar\/dfaa6e536fec7030712cf850e9ddef45?s=96&d=mm&r=g\",\"caption\":\"14m4rC008\"}}]}<\/script>\n<!-- \/ Yoast SEO plugin. -->","_links":{"self":[{"href":"https:\/\/www.mobilimariani.com\/fr\/wp-json\/wp\/v2\/posts\/9568"}],"collection":[{"href":"https:\/\/www.mobilimariani.com\/fr\/wp-json\/wp\/v2\/posts"}],"about":[{"href":"https:\/\/www.mobilimariani.com\/fr\/wp-json\/wp\/v2\/types\/post"}],"author":[{"embeddable":true,"href":"https:\/\/www.mobilimariani.com\/fr\/wp-json\/wp\/v2\/users\/1"}],"replies":[{"embeddable":true,"href":"https:\/\/www.mobilimariani.com\/fr\/wp-json\/wp\/v2\/comments?post=9568"}],"version-history":[{"count":4,"href":"https:\/\/www.mobilimariani.com\/fr\/wp-json\/wp\/v2\/posts\/9568\/revisions"}],"predecessor-version":[{"id":9891,"href":"https:\/\/www.mobilimariani.com\/fr\/wp-json\/wp\/v2\/posts\/9568\/revisions\/9891"}],"wp:featuredmedia":[{"embeddable":true,"href":"https:\/\/www.mobilimariani.com\/fr\/wp-json\/wp\/v2\/media\/3395"}],"wp:attachment":[{"href":"https:\/\/www.mobilimariani.com\/fr\/wp-json\/wp\/v2\/media?parent=9568"}],"wp:term":[{"taxonomy":"category","embeddable":true,"href":"https:\/\/www.mobilimariani.com\/fr\/wp-json\/wp\/v2\/categories?post=9568"},{"taxonomy":"post_tag","embeddable":true,"href":"https:\/\/www.mobilimariani.com\/fr\/wp-json\/wp\/v2\/tags?post=9568"}],"curies":[{"name":"wp","href":"https:\/\/api.w.org\/{rel}","templated":true}]}}