{"id":9566,"date":"2017-08-21T17:58:38","date_gmt":"2017-08-21T15:58:38","guid":{"rendered":"https:\/\/www.mobilimariani.com\/?p=9566"},"modified":"2020-01-18T19:11:23","modified_gmt":"2020-01-18T18:11:23","slug":"lema-armoire-au-centimetre-2","status":"publish","type":"post","link":"https:\/\/www.mobilimariani.com\/fr\/lema-armoire-au-centimetre-2\/","title":{"rendered":"LEMA ARMOIRE AU CENTIMETRE"},"content":{"rendered":"<p>LEMA ARMOIRE AU CENTIMETRE<\/p>\n<p>L&#8217;armoire au centim\u00e8tre offre la possibilit\u00e9 de construire un espace domestique priv\u00e9 et personnel. Pour cela, ce projet est ax\u00e9 sur la\u00a0flexibilit\u00e9 de la taille tout d&#8217;abord, mais aussi sur le\u00a0mod\u00e8les, les mat\u00e9riaux, les \u00e9l\u00e9ments, les finitions, accessoires, \u00e9quipements. Une vari\u00e9t\u00e9 de composants garantissent \u00e0 chacun un\u00a0maximum de choix, selon les besoins et les go\u00fbts individuels. Le syst\u00e8me est construit sur\u00a0la base de modules qui composent les structures autour des portes: les portes, le pliage, le glissement, coplanaires. Quatre fa\u00e7ons de mettre en place un environnement con\u00e7u non seulement pour l&#8217;ordre, mais pour le plaisir d&#8217;un lieu consacr\u00e9 \u00e0 soi-m\u00eames et \u00e0 des choses plus personnelles. Voil\u00e0 pourquoi les\u00a0armoires au\u00a0centim\u00e8tre sont magnifiquement d\u00e9taill\u00e9s et cherche \u00e0 associer un maximum de fonctionnalit\u00e9s. Une grande attention est port\u00e9 \u00e0 la conception et l&#8217;esth\u00e9tique.<\/p>\n<p>R\u00e9alisable de\u00a021 types diff\u00e9rents, les armoires au centim\u00e8tre poss\u00e9dant des mod\u00e8les de portes battantes sont modifiables aussi bien dans la hauteur, la largeur que dans la profondeur, selon les diff\u00e9rents mat\u00e9riaux qui les composent.<\/p>\n<p>\u00c9quipement int\u00e9rieur allant du tiroir\u00a0aux quatre \u00e9l\u00e9ments dans un grand tiroir, le\u00a0s\u00e9parateur en\u00a0verre pour les ceintures et cravates;\u00a0du\u00a0porte-pantalons au porte-chaussures amovible; de l&#8217;\u00e9tag\u00e8re avec la lumi\u00e8re int\u00e9gr\u00e9e au c\u00f4t\u00e9 lumineux. L&#8217;offre est compl\u00e9t\u00e9e par des accessoires raffin\u00e9s tels que des tapis de sol en\u00a0cuir ou tissu, tiroirs, bo\u00eetes en cuir pour embrasures, et le tissu pour le changement de saison.<\/p>\n<p>MARIANI CASUAL: meilleur rapport qualit\u00e9 \/ prix pour l&#8217;armoire porte \u00e0 battent \u00a0en m\u00e9lamine avec porte mod\u00e8le Tecna et laqu\u00e9 avec porte mod\u00e8le Liscia et Flago<\/p>\n<p>Pour d\u00e9couvrir la marque Lema, <a href=\"https:\/\/www.mobilimariani.com\/fr\/concessionaire-lema\/\">cliquez ici<\/a><\/p>\n<p>Vous voulez conna\u00eetre notre meilleur prix pour cet article?\u00a0<a href=\"https:\/\/www.mobilimariani.com\/fr\/contacts\/\">Cliquez ici<\/a> et envoyez-nous la demande<\/p>\n<p><strong>Pour nos clients suisses, il sera d\u00e9duit l&#8217;I.V.A. italienne \u00e0 hauteur de 22%.<\/strong><\/p>\n<p>&nbsp;<\/p>\n","protected":false},"excerpt":{"rendered":"LEMA ARMOIRE AU CENTIMETRE L&#8217;armoire au centim\u00e8tre offre la possibilit\u00e9 de construire un espace domestique priv\u00e9 et personnel. Pour cela, ce projet est ax\u00e9 sur la\u00a0flexibilit\u00e9 de la taille tout d&#8217;abord, mais aussi sur le\u00a0mod\u00e8les, les mat\u00e9riaux, les \u00e9l\u00e9ments, les finitions, accessoires, \u00e9quipements. Une vari\u00e9t\u00e9 de composants garantissent \u00e0 chacun un\u00a0maximum de choix, selon les&#8230; <a class=\"view-article\" href=\"https:\/\/www.mobilimariani.com\/fr\/lema-armoire-au-centimetre-2\/\">Voir l&#8217;article<\/a>","protected":false},"author":1,"featured_media":3422,"comment_status":"closed","ping_status":"closed","sticky":false,"template":"","format":"standard","meta":[],"categories":[3,1,39,2],"tags":[10],"yoast_head":"<!-- This site is optimized with the Yoast SEO plugin v16.2 - https:\/\/yoast.com\/wordpress\/plugins\/seo\/ -->\n<meta name=\"description\" content=\"LEMA ARMOIRE AU CENTIMETRE L&#039;armoire au centim\u00e8tre offre la possibilit\u00e9 de construire un espace domestique priv\u00e9 et personnel. Pour cela, ce projet est\" \/>\n<meta name=\"robots\" content=\"index, follow, max-snippet:-1, max-image-preview:large, max-video-preview:-1\" \/>\n<link rel=\"canonical\" href=\"https:\/\/www.mobilimariani.com\/fr\/lema-armoire-au-centimetre-2\/\" \/>\n<meta property=\"og:locale\" content=\"fr_FR\" \/>\n<meta property=\"og:type\" content=\"article\" \/>\n<meta property=\"og:title\" content=\"LEMA ARMOIRE AU CENTIMETRE | Mobili Mariani\" \/>\n<meta property=\"og:description\" content=\"LEMA ARMOIRE AU CENTIMETRE L&#039;armoire au centim\u00e8tre offre la possibilit\u00e9 de construire un espace domestique priv\u00e9 et personnel. Pour cela, ce projet est\" \/>\n<meta property=\"og:url\" content=\"https:\/\/www.mobilimariani.com\/fr\/lema-armoire-au-centimetre-2\/\" \/>\n<meta property=\"og:site_name\" content=\"Mobili Mariani\" \/>\n<meta property=\"article:published_time\" content=\"2017-08-21T15:58:38+00:00\" \/>\n<meta property=\"article:modified_time\" content=\"2020-01-18T18:11:23+00:00\" \/>\n<meta property=\"og:image\" content=\"https:\/\/www.mobilimariani.com\/wp-content\/uploads\/2015\/05\/110.jpg\" \/>\n\t<meta property=\"og:image:width\" content=\"649\" \/>\n\t<meta property=\"og:image:height\" content=\"348\" \/>\n<meta name=\"twitter:label1\" content=\"Est. reading time\">\n\t<meta name=\"twitter:data1\" content=\"2 minutes\">\n<script type=\"application\/ld+json\" class=\"yoast-schema-graph\">{\"@context\":\"https:\/\/schema.org\",\"@graph\":[{\"@type\":\"Organization\",\"@id\":\"https:\/\/www.mobilimariani.com\/#organization\",\"name\":\"Mobili Mariani\",\"url\":\"https:\/\/www.mobilimariani.com\/\",\"sameAs\":[],\"logo\":{\"@type\":\"ImageObject\",\"@id\":\"https:\/\/www.mobilimariani.com\/#logo\",\"inLanguage\":\"fr-CH\",\"url\":\"https:\/\/www.mobilimariani.com\/wp-content\/uploads\/2015\/12\/logo.png\",\"contentUrl\":\"https:\/\/www.mobilimariani.com\/wp-content\/uploads\/2015\/12\/logo.png\",\"width\":160,\"height\":110,\"caption\":\"Mobili Mariani\"},\"image\":{\"@id\":\"https:\/\/www.mobilimariani.com\/#logo\"}},{\"@type\":\"WebSite\",\"@id\":\"https:\/\/www.mobilimariani.com\/#website\",\"url\":\"https:\/\/www.mobilimariani.com\/\",\"name\":\"Mobili Mariani\",\"description\":\"Mobili Italia Svizzera\",\"publisher\":{\"@id\":\"https:\/\/www.mobilimariani.com\/#organization\"},\"potentialAction\":[{\"@type\":\"SearchAction\",\"target\":\"https:\/\/www.mobilimariani.com\/?s={search_term_string}\",\"query-input\":\"required name=search_term_string\"}],\"inLanguage\":\"fr-CH\"},{\"@type\":\"ImageObject\",\"@id\":\"https:\/\/www.mobilimariani.com\/fr\/lema-armoire-au-centimetre-2\/#primaryimage\",\"inLanguage\":\"fr-CH\",\"url\":\"https:\/\/www.mobilimariani.com\/wp-content\/uploads\/2015\/05\/110.jpg\",\"contentUrl\":\"https:\/\/www.mobilimariani.com\/wp-content\/uploads\/2015\/05\/110.jpg\",\"width\":649,\"height\":348,\"caption\":\"LEMA ARMADIO AL CENTIMETRO\"},{\"@type\":\"WebPage\",\"@id\":\"https:\/\/www.mobilimariani.com\/fr\/lema-armoire-au-centimetre-2\/#webpage\",\"url\":\"https:\/\/www.mobilimariani.com\/fr\/lema-armoire-au-centimetre-2\/\",\"name\":\"LEMA ARMOIRE AU CENTIMETRE | Mobili Mariani\",\"isPartOf\":{\"@id\":\"https:\/\/www.mobilimariani.com\/#website\"},\"primaryImageOfPage\":{\"@id\":\"https:\/\/www.mobilimariani.com\/fr\/lema-armoire-au-centimetre-2\/#primaryimage\"},\"datePublished\":\"2017-08-21T15:58:38+00:00\",\"dateModified\":\"2020-01-18T18:11:23+00:00\",\"description\":\"LEMA ARMOIRE AU CENTIMETRE L'armoire au centim\\u00e8tre offre la possibilit\\u00e9 de construire un espace domestique priv\\u00e9 et personnel. Pour cela, ce projet est\",\"breadcrumb\":{\"@id\":\"https:\/\/www.mobilimariani.com\/fr\/lema-armoire-au-centimetre-2\/#breadcrumb\"},\"inLanguage\":\"fr-CH\",\"potentialAction\":[{\"@type\":\"ReadAction\",\"target\":[\"https:\/\/www.mobilimariani.com\/fr\/lema-armoire-au-centimetre-2\/\"]}]},{\"@type\":\"BreadcrumbList\",\"@id\":\"https:\/\/www.mobilimariani.com\/fr\/lema-armoire-au-centimetre-2\/#breadcrumb\",\"itemListElement\":[{\"@type\":\"ListItem\",\"position\":1,\"item\":{\"@type\":\"WebPage\",\"@id\":\"https:\/\/www.mobilimariani.com\/\",\"url\":\"https:\/\/www.mobilimariani.com\/\",\"name\":\"Home\"}},{\"@type\":\"ListItem\",\"position\":2,\"item\":{\"@id\":\"https:\/\/www.mobilimariani.com\/fr\/lema-armoire-au-centimetre-2\/#webpage\"}}]},{\"@type\":\"Article\",\"@id\":\"https:\/\/www.mobilimariani.com\/fr\/lema-armoire-au-centimetre-2\/#article\",\"isPartOf\":{\"@id\":\"https:\/\/www.mobilimariani.com\/fr\/lema-armoire-au-centimetre-2\/#webpage\"},\"author\":{\"@id\":\"https:\/\/www.mobilimariani.com\/#\/schema\/person\/4685d9f51269134e53f988c9122315f4\"},\"headline\":\"LEMA ARMOIRE AU CENTIMETRE\",\"datePublished\":\"2017-08-21T15:58:38+00:00\",\"dateModified\":\"2020-01-18T18:11:23+00:00\",\"mainEntityOfPage\":{\"@id\":\"https:\/\/www.mobilimariani.com\/fr\/lema-armoire-au-centimetre-2\/#webpage\"},\"publisher\":{\"@id\":\"https:\/\/www.mobilimariani.com\/#organization\"},\"image\":{\"@id\":\"https:\/\/www.mobilimariani.com\/fr\/lema-armoire-au-centimetre-2\/#primaryimage\"},\"keywords\":[\"Lema\"],\"articleSection\":[\"Armoires\",\"Catalogue\",\"Mariani casual\",\"Zone nuit\"],\"inLanguage\":\"fr-CH\"},{\"@type\":\"Person\",\"@id\":\"https:\/\/www.mobilimariani.com\/#\/schema\/person\/4685d9f51269134e53f988c9122315f4\",\"name\":\"14m4rC008\",\"image\":{\"@type\":\"ImageObject\",\"@id\":\"https:\/\/www.mobilimariani.com\/#personlogo\",\"inLanguage\":\"fr-CH\",\"url\":\"https:\/\/secure.gravatar.com\/avatar\/dfaa6e536fec7030712cf850e9ddef45?s=96&d=mm&r=g\",\"contentUrl\":\"https:\/\/secure.gravatar.com\/avatar\/dfaa6e536fec7030712cf850e9ddef45?s=96&d=mm&r=g\",\"caption\":\"14m4rC008\"}}]}<\/script>\n<!-- \/ Yoast SEO plugin. -->","_links":{"self":[{"href":"https:\/\/www.mobilimariani.com\/fr\/wp-json\/wp\/v2\/posts\/9566"}],"collection":[{"href":"https:\/\/www.mobilimariani.com\/fr\/wp-json\/wp\/v2\/posts"}],"about":[{"href":"https:\/\/www.mobilimariani.com\/fr\/wp-json\/wp\/v2\/types\/post"}],"author":[{"embeddable":true,"href":"https:\/\/www.mobilimariani.com\/fr\/wp-json\/wp\/v2\/users\/1"}],"replies":[{"embeddable":true,"href":"https:\/\/www.mobilimariani.com\/fr\/wp-json\/wp\/v2\/comments?post=9566"}],"version-history":[{"count":6,"href":"https:\/\/www.mobilimariani.com\/fr\/wp-json\/wp\/v2\/posts\/9566\/revisions"}],"predecessor-version":[{"id":20649,"href":"https:\/\/www.mobilimariani.com\/fr\/wp-json\/wp\/v2\/posts\/9566\/revisions\/20649"}],"wp:featuredmedia":[{"embeddable":true,"href":"https:\/\/www.mobilimariani.com\/fr\/wp-json\/wp\/v2\/media\/3422"}],"wp:attachment":[{"href":"https:\/\/www.mobilimariani.com\/fr\/wp-json\/wp\/v2\/media?parent=9566"}],"wp:term":[{"taxonomy":"category","embeddable":true,"href":"https:\/\/www.mobilimariani.com\/fr\/wp-json\/wp\/v2\/categories?post=9566"},{"taxonomy":"post_tag","embeddable":true,"href":"https:\/\/www.mobilimariani.com\/fr\/wp-json\/wp\/v2\/tags?post=9566"}],"curies":[{"name":"wp","href":"https:\/\/api.w.org\/{rel}","templated":true}]}}