{"id":9556,"date":"2016-01-19T19:01:46","date_gmt":"2016-01-19T18:01:46","guid":{"rendered":"https:\/\/www.mobilimariani.com\/?p=9556"},"modified":"2021-02-06T18:51:16","modified_gmt":"2021-02-06T17:51:16","slug":"tonelli-table-basse-farniente-2","status":"publish","type":"post","link":"https:\/\/www.mobilimariani.com\/fr\/tonelli-table-basse-farniente-2\/","title":{"rendered":"TONELLI TABLE BASSE FARNIENTE"},"content":{"rendered":"<p>TONELLI TABLE BASSE\u00a0FARNIENTE DESIGN GIOVANNI TOMMASO GARATTONI.<\/p>\n<p>Des \u00e9clairs de lumi\u00e8re et des effets en trois dimensions, gr\u00e2ce \u00e0 l&#8217;ossature et la base d&#8217;un miroir chrom\u00e9.<\/p>\n<p>Trois types sont disponibles: base et le sommet rond, rectangulaire ou carr\u00e9.<\/p>\n<p>Mesures: cm. 110 x 110 x 40 h<\/p>\n<p>\u00c9paisseur: 12 mm.<\/p>\n<p>Capacit\u00e9: 30 kg<\/p>\n<p>Poids: 64 kg<\/p>\n<p>Egalement disponible en taille:<\/p>\n<p>90 x 90 cm de haut. 24,5 cm ou plus. 40 cm.<\/p>\n<p>110 x 110 cm de haut. 24,5 cm ou plus. 40 cm.<\/p>\n<p>130 x 70 cm de haut. 24,5 cm ou plus. 40\u00a0cm.<\/p>\n<p>150 x 80 cm de haut. 24,5 cm ou plus. 40\u00a0cm.<\/p>\n<p>90\/110\/120 cm de haut. 24,5 cm ou plus. 40\u00a0cm de diam\u00e8tre.<\/p>\n<p>Versions: verre clair \/ verre clair \/ verre laqu\u00e9 Ral<\/p>\n<p>Pour d\u00e9couvrir la marque Tonelli <a href=\"https:\/\/www.mobilimariani.com\/fr\/concessionnaire-tonelli\/\">Cliquez ici<\/a><\/p>\n<p>Pour d\u00e9couvrir le catalogue de toutes nos Tables Basse\u00a0<a href=\"https:\/\/www.mobilimariani.com\/fr\/search\/table+basse\">cliquez ici<\/a><\/p>\n<p>Vous voulez conna\u00eetre notre meilleur prix pour cet article?\u00a0<a href=\"https:\/\/www.mobilimariani.com\/fr\/contacts\/\">Cliquez ici<\/a>\u00a0et envoyez-nous la demande<\/p>\n<p>Signale le lieu de livraison, nous livrons dans toute l\u2019Europe et o\u00f9 que tu sois.<\/p>\n<p>Pour nos clients suisses, il sera d\u00e9duit l\u2019I.V.A. italienne<strong>.<\/strong><\/p>\n","protected":false},"excerpt":{"rendered":"TONELLI TABLE BASSE\u00a0FARNIENTE DESIGN GIOVANNI TOMMASO GARATTONI. Des \u00e9clairs de lumi\u00e8re et des effets en trois dimensions, gr\u00e2ce \u00e0 l&#8217;ossature et la base d&#8217;un miroir chrom\u00e9. Trois types sont disponibles: base et le sommet rond, rectangulaire ou carr\u00e9. Mesures: cm. 110 x 110 x 40 h \u00c9paisseur: 12 mm. Capacit\u00e9: 30 kg Poids: 64 kg&#8230; <a class=\"view-article\" href=\"https:\/\/www.mobilimariani.com\/fr\/tonelli-table-basse-farniente-2\/\">Voir l&#8217;article<\/a>","protected":false},"author":1,"featured_media":3919,"comment_status":"closed","ping_status":"closed","sticky":false,"template":"","format":"standard","meta":[],"categories":[18,1],"tags":[2162],"yoast_head":"<!-- This site is optimized with the Yoast SEO plugin v16.2 - https:\/\/yoast.com\/wordpress\/plugins\/seo\/ -->\n<meta name=\"description\" content=\"TONELLI TABLE BASSE\u00a0FARNIENTE DESIGN GIOVANNI TOMMASO GARATTONI. Des \u00e9clairs de lumi\u00e8re et des effets en trois dimensions, gr\u00e2ce \u00e0 l&#039;ossature et la base\" \/>\n<meta name=\"robots\" content=\"index, follow, max-snippet:-1, max-image-preview:large, max-video-preview:-1\" \/>\n<link rel=\"canonical\" href=\"https:\/\/www.mobilimariani.com\/fr\/tonelli-table-basse-farniente-2\/\" \/>\n<meta property=\"og:locale\" content=\"fr_FR\" \/>\n<meta property=\"og:type\" content=\"article\" \/>\n<meta property=\"og:title\" content=\"TONELLI TABLE BASSE FARNIENTE | Mobili Mariani\" \/>\n<meta property=\"og:description\" content=\"TONELLI TABLE BASSE\u00a0FARNIENTE DESIGN GIOVANNI TOMMASO GARATTONI. Des \u00e9clairs de lumi\u00e8re et des effets en trois dimensions, gr\u00e2ce \u00e0 l&#039;ossature et la base\" \/>\n<meta property=\"og:url\" content=\"https:\/\/www.mobilimariani.com\/fr\/tonelli-table-basse-farniente-2\/\" \/>\n<meta property=\"og:site_name\" content=\"Mobili Mariani\" \/>\n<meta property=\"article:published_time\" content=\"2016-01-19T18:01:46+00:00\" \/>\n<meta property=\"article:modified_time\" content=\"2021-02-06T17:51:16+00:00\" \/>\n<meta property=\"og:image\" content=\"https:\/\/www.mobilimariani.com\/wp-content\/uploads\/2015\/05\/115.jpg\" \/>\n\t<meta property=\"og:image:width\" content=\"601\" \/>\n\t<meta property=\"og:image:height\" content=\"430\" \/>\n<meta name=\"twitter:label1\" content=\"Est. reading time\">\n\t<meta name=\"twitter:data1\" content=\"1 minute\">\n<script type=\"application\/ld+json\" class=\"yoast-schema-graph\">{\"@context\":\"https:\/\/schema.org\",\"@graph\":[{\"@type\":\"Organization\",\"@id\":\"https:\/\/www.mobilimariani.com\/#organization\",\"name\":\"Mobili Mariani\",\"url\":\"https:\/\/www.mobilimariani.com\/\",\"sameAs\":[],\"logo\":{\"@type\":\"ImageObject\",\"@id\":\"https:\/\/www.mobilimariani.com\/#logo\",\"inLanguage\":\"fr-CH\",\"url\":\"https:\/\/www.mobilimariani.com\/wp-content\/uploads\/2015\/12\/logo.png\",\"contentUrl\":\"https:\/\/www.mobilimariani.com\/wp-content\/uploads\/2015\/12\/logo.png\",\"width\":160,\"height\":110,\"caption\":\"Mobili Mariani\"},\"image\":{\"@id\":\"https:\/\/www.mobilimariani.com\/#logo\"}},{\"@type\":\"WebSite\",\"@id\":\"https:\/\/www.mobilimariani.com\/#website\",\"url\":\"https:\/\/www.mobilimariani.com\/\",\"name\":\"Mobili Mariani\",\"description\":\"Mobili Italia Svizzera\",\"publisher\":{\"@id\":\"https:\/\/www.mobilimariani.com\/#organization\"},\"potentialAction\":[{\"@type\":\"SearchAction\",\"target\":\"https:\/\/www.mobilimariani.com\/?s={search_term_string}\",\"query-input\":\"required name=search_term_string\"}],\"inLanguage\":\"fr-CH\"},{\"@type\":\"ImageObject\",\"@id\":\"https:\/\/www.mobilimariani.com\/fr\/tonelli-table-basse-farniente-2\/#primaryimage\",\"inLanguage\":\"fr-CH\",\"url\":\"https:\/\/www.mobilimariani.com\/wp-content\/uploads\/2015\/05\/115.jpg\",\"contentUrl\":\"https:\/\/www.mobilimariani.com\/wp-content\/uploads\/2015\/05\/115.jpg\",\"width\":601,\"height\":430,\"caption\":\"TONELLI TAVOLINO FARNIENTE\"},{\"@type\":\"WebPage\",\"@id\":\"https:\/\/www.mobilimariani.com\/fr\/tonelli-table-basse-farniente-2\/#webpage\",\"url\":\"https:\/\/www.mobilimariani.com\/fr\/tonelli-table-basse-farniente-2\/\",\"name\":\"TONELLI TABLE BASSE FARNIENTE | Mobili Mariani\",\"isPartOf\":{\"@id\":\"https:\/\/www.mobilimariani.com\/#website\"},\"primaryImageOfPage\":{\"@id\":\"https:\/\/www.mobilimariani.com\/fr\/tonelli-table-basse-farniente-2\/#primaryimage\"},\"datePublished\":\"2016-01-19T18:01:46+00:00\",\"dateModified\":\"2021-02-06T17:51:16+00:00\",\"description\":\"TONELLI TABLE BASSE\\u00a0FARNIENTE DESIGN GIOVANNI TOMMASO GARATTONI. Des \\u00e9clairs de lumi\\u00e8re et des effets en trois dimensions, gr\\u00e2ce \\u00e0 l'ossature et la base\",\"breadcrumb\":{\"@id\":\"https:\/\/www.mobilimariani.com\/fr\/tonelli-table-basse-farniente-2\/#breadcrumb\"},\"inLanguage\":\"fr-CH\",\"potentialAction\":[{\"@type\":\"ReadAction\",\"target\":[\"https:\/\/www.mobilimariani.com\/fr\/tonelli-table-basse-farniente-2\/\"]}]},{\"@type\":\"BreadcrumbList\",\"@id\":\"https:\/\/www.mobilimariani.com\/fr\/tonelli-table-basse-farniente-2\/#breadcrumb\",\"itemListElement\":[{\"@type\":\"ListItem\",\"position\":1,\"item\":{\"@type\":\"WebPage\",\"@id\":\"https:\/\/www.mobilimariani.com\/\",\"url\":\"https:\/\/www.mobilimariani.com\/\",\"name\":\"Home\"}},{\"@type\":\"ListItem\",\"position\":2,\"item\":{\"@id\":\"https:\/\/www.mobilimariani.com\/fr\/tonelli-table-basse-farniente-2\/#webpage\"}}]},{\"@type\":\"Article\",\"@id\":\"https:\/\/www.mobilimariani.com\/fr\/tonelli-table-basse-farniente-2\/#article\",\"isPartOf\":{\"@id\":\"https:\/\/www.mobilimariani.com\/fr\/tonelli-table-basse-farniente-2\/#webpage\"},\"author\":{\"@id\":\"https:\/\/www.mobilimariani.com\/#\/schema\/person\/4685d9f51269134e53f988c9122315f4\"},\"headline\":\"TONELLI TABLE BASSE FARNIENTE\",\"datePublished\":\"2016-01-19T18:01:46+00:00\",\"dateModified\":\"2021-02-06T17:51:16+00:00\",\"mainEntityOfPage\":{\"@id\":\"https:\/\/www.mobilimariani.com\/fr\/tonelli-table-basse-farniente-2\/#webpage\"},\"publisher\":{\"@id\":\"https:\/\/www.mobilimariani.com\/#organization\"},\"image\":{\"@id\":\"https:\/\/www.mobilimariani.com\/fr\/tonelli-table-basse-farniente-2\/#primaryimage\"},\"keywords\":[\"tables italiens basses design\"],\"articleSection\":[\"Autre\",\"Catalogue\"],\"inLanguage\":\"fr-CH\"},{\"@type\":\"Person\",\"@id\":\"https:\/\/www.mobilimariani.com\/#\/schema\/person\/4685d9f51269134e53f988c9122315f4\",\"name\":\"14m4rC008\",\"image\":{\"@type\":\"ImageObject\",\"@id\":\"https:\/\/www.mobilimariani.com\/#personlogo\",\"inLanguage\":\"fr-CH\",\"url\":\"https:\/\/secure.gravatar.com\/avatar\/dfaa6e536fec7030712cf850e9ddef45?s=96&d=mm&r=g\",\"contentUrl\":\"https:\/\/secure.gravatar.com\/avatar\/dfaa6e536fec7030712cf850e9ddef45?s=96&d=mm&r=g\",\"caption\":\"14m4rC008\"}}]}<\/script>\n<!-- \/ Yoast SEO plugin. -->","_links":{"self":[{"href":"https:\/\/www.mobilimariani.com\/fr\/wp-json\/wp\/v2\/posts\/9556"}],"collection":[{"href":"https:\/\/www.mobilimariani.com\/fr\/wp-json\/wp\/v2\/posts"}],"about":[{"href":"https:\/\/www.mobilimariani.com\/fr\/wp-json\/wp\/v2\/types\/post"}],"author":[{"embeddable":true,"href":"https:\/\/www.mobilimariani.com\/fr\/wp-json\/wp\/v2\/users\/1"}],"replies":[{"embeddable":true,"href":"https:\/\/www.mobilimariani.com\/fr\/wp-json\/wp\/v2\/comments?post=9556"}],"version-history":[{"count":2,"href":"https:\/\/www.mobilimariani.com\/fr\/wp-json\/wp\/v2\/posts\/9556\/revisions"}],"predecessor-version":[{"id":26447,"href":"https:\/\/www.mobilimariani.com\/fr\/wp-json\/wp\/v2\/posts\/9556\/revisions\/26447"}],"wp:featuredmedia":[{"embeddable":true,"href":"https:\/\/www.mobilimariani.com\/fr\/wp-json\/wp\/v2\/media\/3919"}],"wp:attachment":[{"href":"https:\/\/www.mobilimariani.com\/fr\/wp-json\/wp\/v2\/media?parent=9556"}],"wp:term":[{"taxonomy":"category","embeddable":true,"href":"https:\/\/www.mobilimariani.com\/fr\/wp-json\/wp\/v2\/categories?post=9556"},{"taxonomy":"post_tag","embeddable":true,"href":"https:\/\/www.mobilimariani.com\/fr\/wp-json\/wp\/v2\/tags?post=9556"}],"curies":[{"name":"wp","href":"https:\/\/api.w.org\/{rel}","templated":true}]}}