{"id":9550,"date":"2016-01-18T18:17:02","date_gmt":"2016-01-18T17:17:02","guid":{"rendered":"https:\/\/www.mobilimariani.com\/?p=9550"},"modified":"2016-01-18T18:17:02","modified_gmt":"2016-01-18T17:17:02","slug":"copatlife-cuisine","status":"publish","type":"post","link":"https:\/\/www.mobilimariani.com\/fr\/copatlife-cuisine\/","title":{"rendered":"COPATLIFE CUISINE"},"content":{"rendered":"<p>Les cuisines Copatlife mettent en relation l&#8217;espace de la cuisine avec celui de la salle \u00e0 manger sans aucunes s\u00e9parations gr\u00e2ce \u00e0 deux mondes : le premier est caract\u00e9ris\u00e9 par la m\u00e9lamine et le second est caract\u00e9ris\u00e9 par le bois, les laques, le verre.<\/p>\n<p>Copatlife utilisent des \u00e9l\u00e9ments et des mat\u00e9riaux capables de cr\u00e9er un espace de cuisine parfait pour votre style de vie.<\/p>\n<p>Pour d\u00e9couvrir la marque Copatlife <a href=\"https:\/\/www.mobilimariani.com\/fr\/concessionnaire-copatlife\/\">cliquer ici<\/a><\/p>\n<p>Vous \u00eates amoureux de cet article ?<\/p>\n<p><a href=\"https:\/\/www.mobilimariani.com\/fr\/contacts\/\">Cliquez ici et demandez notre meilleur prix<\/a><\/p>\n<p>En disant o\u00f9 sera faite\u00a0la livraison et si vous avez besoin \u00e9galement du montage.<\/p>\n<p>Nous livrons dans toute l&#8217;Europe.<\/p>\n","protected":false},"excerpt":{"rendered":"Les cuisines Copatlife mettent en relation l&#8217;espace de la cuisine avec celui de la salle \u00e0 manger sans aucunes s\u00e9parations gr\u00e2ce \u00e0 deux mondes : le premier est caract\u00e9ris\u00e9 par la m\u00e9lamine et le second est caract\u00e9ris\u00e9 par le bois, les laques, le verre. Copatlife utilisent des \u00e9l\u00e9ments et des mat\u00e9riaux capables de cr\u00e9er un&#8230; <a class=\"view-article\" href=\"https:\/\/www.mobilimariani.com\/fr\/copatlife-cuisine\/\">Voir l&#8217;article<\/a>","protected":false},"author":1,"featured_media":790,"comment_status":"closed","ping_status":"closed","sticky":false,"template":"","format":"standard","meta":[],"categories":[1,16],"tags":[],"yoast_head":"<!-- This site is optimized with the Yoast SEO plugin v16.2 - https:\/\/yoast.com\/wordpress\/plugins\/seo\/ -->\n<meta name=\"description\" content=\"Les cuisines Copatlife mettent en relation l&#039;espace de la cuisine avec celui de la salle \u00e0 manger sans aucunes s\u00e9parations gr\u00e2ce \u00e0 deux mondes : le\" \/>\n<meta name=\"robots\" content=\"index, follow, max-snippet:-1, max-image-preview:large, max-video-preview:-1\" \/>\n<link rel=\"canonical\" href=\"https:\/\/www.mobilimariani.com\/fr\/copatlife-cuisine\/\" \/>\n<meta property=\"og:locale\" content=\"fr_FR\" \/>\n<meta property=\"og:type\" content=\"article\" \/>\n<meta property=\"og:title\" content=\"COPATLIFE CUISINE | Mobili Mariani\" \/>\n<meta property=\"og:description\" content=\"Les cuisines Copatlife mettent en relation l&#039;espace de la cuisine avec celui de la salle \u00e0 manger sans aucunes s\u00e9parations gr\u00e2ce \u00e0 deux mondes : le\" \/>\n<meta property=\"og:url\" content=\"https:\/\/www.mobilimariani.com\/fr\/copatlife-cuisine\/\" \/>\n<meta property=\"og:site_name\" content=\"Mobili Mariani\" \/>\n<meta property=\"article:published_time\" content=\"2016-01-18T17:17:02+00:00\" \/>\n<meta property=\"og:image\" content=\"https:\/\/www.mobilimariani.com\/wp-content\/uploads\/2014\/12\/Appunti04-copatlife.jpg\" \/>\n\t<meta property=\"og:image:width\" content=\"1002\" \/>\n\t<meta property=\"og:image:height\" content=\"508\" \/>\n<meta name=\"twitter:label1\" content=\"Est. reading time\">\n\t<meta name=\"twitter:data1\" content=\"1 minute\">\n<script type=\"application\/ld+json\" class=\"yoast-schema-graph\">{\"@context\":\"https:\/\/schema.org\",\"@graph\":[{\"@type\":\"Organization\",\"@id\":\"https:\/\/www.mobilimariani.com\/#organization\",\"name\":\"Mobili Mariani\",\"url\":\"https:\/\/www.mobilimariani.com\/\",\"sameAs\":[],\"logo\":{\"@type\":\"ImageObject\",\"@id\":\"https:\/\/www.mobilimariani.com\/#logo\",\"inLanguage\":\"fr-CH\",\"url\":\"https:\/\/www.mobilimariani.com\/wp-content\/uploads\/2015\/12\/logo.png\",\"contentUrl\":\"https:\/\/www.mobilimariani.com\/wp-content\/uploads\/2015\/12\/logo.png\",\"width\":160,\"height\":110,\"caption\":\"Mobili Mariani\"},\"image\":{\"@id\":\"https:\/\/www.mobilimariani.com\/#logo\"}},{\"@type\":\"WebSite\",\"@id\":\"https:\/\/www.mobilimariani.com\/#website\",\"url\":\"https:\/\/www.mobilimariani.com\/\",\"name\":\"Mobili Mariani\",\"description\":\"Mobili Italia Svizzera\",\"publisher\":{\"@id\":\"https:\/\/www.mobilimariani.com\/#organization\"},\"potentialAction\":[{\"@type\":\"SearchAction\",\"target\":\"https:\/\/www.mobilimariani.com\/?s={search_term_string}\",\"query-input\":\"required name=search_term_string\"}],\"inLanguage\":\"fr-CH\"},{\"@type\":\"ImageObject\",\"@id\":\"https:\/\/www.mobilimariani.com\/fr\/copatlife-cuisine\/#primaryimage\",\"inLanguage\":\"fr-CH\",\"url\":\"https:\/\/www.mobilimariani.com\/wp-content\/uploads\/2014\/12\/Appunti04-copatlife.jpg\",\"contentUrl\":\"https:\/\/www.mobilimariani.com\/wp-content\/uploads\/2014\/12\/Appunti04-copatlife.jpg\",\"width\":1002,\"height\":508,\"caption\":\"COPATLIFE CUCINE\"},{\"@type\":\"WebPage\",\"@id\":\"https:\/\/www.mobilimariani.com\/fr\/copatlife-cuisine\/#webpage\",\"url\":\"https:\/\/www.mobilimariani.com\/fr\/copatlife-cuisine\/\",\"name\":\"COPATLIFE CUISINE | Mobili Mariani\",\"isPartOf\":{\"@id\":\"https:\/\/www.mobilimariani.com\/#website\"},\"primaryImageOfPage\":{\"@id\":\"https:\/\/www.mobilimariani.com\/fr\/copatlife-cuisine\/#primaryimage\"},\"datePublished\":\"2016-01-18T17:17:02+00:00\",\"dateModified\":\"2016-01-18T17:17:02+00:00\",\"description\":\"Les cuisines Copatlife mettent en relation l'espace de la cuisine avec celui de la salle \\u00e0 manger sans aucunes s\\u00e9parations gr\\u00e2ce \\u00e0 deux mondes : le\",\"breadcrumb\":{\"@id\":\"https:\/\/www.mobilimariani.com\/fr\/copatlife-cuisine\/#breadcrumb\"},\"inLanguage\":\"fr-CH\",\"potentialAction\":[{\"@type\":\"ReadAction\",\"target\":[\"https:\/\/www.mobilimariani.com\/fr\/copatlife-cuisine\/\"]}]},{\"@type\":\"BreadcrumbList\",\"@id\":\"https:\/\/www.mobilimariani.com\/fr\/copatlife-cuisine\/#breadcrumb\",\"itemListElement\":[{\"@type\":\"ListItem\",\"position\":1,\"item\":{\"@type\":\"WebPage\",\"@id\":\"https:\/\/www.mobilimariani.com\/\",\"url\":\"https:\/\/www.mobilimariani.com\/\",\"name\":\"Home\"}},{\"@type\":\"ListItem\",\"position\":2,\"item\":{\"@id\":\"https:\/\/www.mobilimariani.com\/fr\/copatlife-cuisine\/#webpage\"}}]},{\"@type\":\"Article\",\"@id\":\"https:\/\/www.mobilimariani.com\/fr\/copatlife-cuisine\/#article\",\"isPartOf\":{\"@id\":\"https:\/\/www.mobilimariani.com\/fr\/copatlife-cuisine\/#webpage\"},\"author\":{\"@id\":\"https:\/\/www.mobilimariani.com\/#\/schema\/person\/4685d9f51269134e53f988c9122315f4\"},\"headline\":\"COPATLIFE CUISINE\",\"datePublished\":\"2016-01-18T17:17:02+00:00\",\"dateModified\":\"2016-01-18T17:17:02+00:00\",\"mainEntityOfPage\":{\"@id\":\"https:\/\/www.mobilimariani.com\/fr\/copatlife-cuisine\/#webpage\"},\"publisher\":{\"@id\":\"https:\/\/www.mobilimariani.com\/#organization\"},\"image\":{\"@id\":\"https:\/\/www.mobilimariani.com\/fr\/copatlife-cuisine\/#primaryimage\"},\"articleSection\":[\"Catalogue\",\"Cuisines\"],\"inLanguage\":\"fr-CH\"},{\"@type\":\"Person\",\"@id\":\"https:\/\/www.mobilimariani.com\/#\/schema\/person\/4685d9f51269134e53f988c9122315f4\",\"name\":\"14m4rC008\",\"image\":{\"@type\":\"ImageObject\",\"@id\":\"https:\/\/www.mobilimariani.com\/#personlogo\",\"inLanguage\":\"fr-CH\",\"url\":\"https:\/\/secure.gravatar.com\/avatar\/dfaa6e536fec7030712cf850e9ddef45?s=96&d=mm&r=g\",\"contentUrl\":\"https:\/\/secure.gravatar.com\/avatar\/dfaa6e536fec7030712cf850e9ddef45?s=96&d=mm&r=g\",\"caption\":\"14m4rC008\"}}]}<\/script>\n<!-- \/ Yoast SEO plugin. -->","_links":{"self":[{"href":"https:\/\/www.mobilimariani.com\/fr\/wp-json\/wp\/v2\/posts\/9550"}],"collection":[{"href":"https:\/\/www.mobilimariani.com\/fr\/wp-json\/wp\/v2\/posts"}],"about":[{"href":"https:\/\/www.mobilimariani.com\/fr\/wp-json\/wp\/v2\/types\/post"}],"author":[{"embeddable":true,"href":"https:\/\/www.mobilimariani.com\/fr\/wp-json\/wp\/v2\/users\/1"}],"replies":[{"embeddable":true,"href":"https:\/\/www.mobilimariani.com\/fr\/wp-json\/wp\/v2\/comments?post=9550"}],"version-history":[{"count":1,"href":"https:\/\/www.mobilimariani.com\/fr\/wp-json\/wp\/v2\/posts\/9550\/revisions"}],"predecessor-version":[{"id":9551,"href":"https:\/\/www.mobilimariani.com\/fr\/wp-json\/wp\/v2\/posts\/9550\/revisions\/9551"}],"wp:featuredmedia":[{"embeddable":true,"href":"https:\/\/www.mobilimariani.com\/fr\/wp-json\/wp\/v2\/media\/790"}],"wp:attachment":[{"href":"https:\/\/www.mobilimariani.com\/fr\/wp-json\/wp\/v2\/media?parent=9550"}],"wp:term":[{"taxonomy":"category","embeddable":true,"href":"https:\/\/www.mobilimariani.com\/fr\/wp-json\/wp\/v2\/categories?post=9550"},{"taxonomy":"post_tag","embeddable":true,"href":"https:\/\/www.mobilimariani.com\/fr\/wp-json\/wp\/v2\/tags?post=9550"}],"curies":[{"name":"wp","href":"https:\/\/api.w.org\/{rel}","templated":true}]}}