{"id":9510,"date":"2000-01-01T11:07:12","date_gmt":"2000-01-01T10:07:12","guid":{"rendered":"https:\/\/www.mobilimariani.com\/?p=9510"},"modified":"2020-07-30T12:24:46","modified_gmt":"2020-07-30T10:24:46","slug":"lualdi-porte-lcd87","status":"publish","type":"post","link":"https:\/\/www.mobilimariani.com\/fr\/lualdi-porte-lcd87\/","title":{"rendered":"LUALDI PORTE LCD87"},"content":{"rendered":"<p>LUALDI PORTE LCD87 &#8211; INDISPONIBLE<\/p>\n<p>Porte traditionnelle par excellence, elle est adapt\u00e9e dans une situation o\u00f9 vous avez besoin de la pr\u00e9sence d&#8217;un montant. Autres caract\u00e9ristiques est l&#8217;arrondi de la porte, dans la r\u00e9versibilit\u00e9 dans le sens d&#8217;ouverture et charni\u00e8res cach\u00e9es. Mont\u00e9 sur un ch\u00e2ssis traditionnel, c&#8217;est le plus classique entre les portes, adapt\u00e9 \u00e0 toutes les situations o\u00f9 il est n\u00e9cessaire pour chaque \u00e9paisseur de montant.<\/p>\n<p>D\u00e9tails techniques:<\/p>\n<p>Porte battante en nid d&#8217;abeille d&#8217;une \u00e9paisseur de 41 mm. Bords arrondis. Balan\u00e7oire laqu\u00e9 polyester dans les couleurs standard, laqu\u00e9 mat et en ch\u00eane (blanchi, moka, gris) et placages sur demande. Version Luxe avec le verre opale. Montant de densit\u00e9 moyenne et laqu\u00e9 aluminium. Montant de s\u00e9rie jusqu&#8217;\u00e0 12 cm. La r\u00e9versibilit\u00e9 du sens de l&#8217;ouverture. Charni\u00e8res dissimul\u00e9es. Installation de cadres en faux bois traditionnels.<\/p>\n<p>Egalement disponible coulissant ou dissimul\u00e9 externe.<\/p>\n<p>Pour d\u00e9couvrir la marque Lualdi, <a href=\"https:\/\/www.mobilimariani.com\/fr\/concessionnaire-lualdi\/\">cliquez ici<\/a><\/p>\n<p>&nbsp;<\/p>\n","protected":false},"excerpt":{"rendered":"LUALDI PORTE LCD87 &#8211; INDISPONIBLE Porte traditionnelle par excellence, elle est adapt\u00e9e dans une situation o\u00f9 vous avez besoin de la pr\u00e9sence d&#8217;un montant. Autres caract\u00e9ristiques est l&#8217;arrondi de la porte, dans la r\u00e9versibilit\u00e9 dans le sens d&#8217;ouverture et charni\u00e8res cach\u00e9es. Mont\u00e9 sur un ch\u00e2ssis traditionnel, c&#8217;est le plus classique entre les portes, adapt\u00e9 \u00e0&#8230; <a class=\"view-article\" href=\"https:\/\/www.mobilimariani.com\/fr\/lualdi-porte-lcd87\/\">Voir l&#8217;article<\/a>","protected":false},"author":1,"featured_media":5189,"comment_status":"closed","ping_status":"closed","sticky":false,"template":"","format":"standard","meta":[],"categories":[18,1,37],"tags":[],"yoast_head":"<!-- This site is optimized with the Yoast SEO plugin v16.2 - https:\/\/yoast.com\/wordpress\/plugins\/seo\/ -->\n<meta name=\"description\" content=\"LUALDI PORTE LCD87 - INDISPONIBLE Porte traditionnelle par excellence, elle est adapt\u00e9e dans une situation o\u00f9 vous avez besoin de la pr\u00e9sence d&#039;un\" \/>\n<meta name=\"robots\" content=\"index, follow, max-snippet:-1, max-image-preview:large, max-video-preview:-1\" \/>\n<link rel=\"canonical\" href=\"https:\/\/www.mobilimariani.com\/fr\/lualdi-porte-lcd87\/\" \/>\n<meta property=\"og:locale\" content=\"fr_FR\" \/>\n<meta property=\"og:type\" content=\"article\" \/>\n<meta property=\"og:title\" content=\"LUALDI PORTE LCD87 | Mobili Mariani\" \/>\n<meta property=\"og:description\" content=\"LUALDI PORTE LCD87 - INDISPONIBLE Porte traditionnelle par excellence, elle est adapt\u00e9e dans une situation o\u00f9 vous avez besoin de la pr\u00e9sence d&#039;un\" \/>\n<meta property=\"og:url\" content=\"https:\/\/www.mobilimariani.com\/fr\/lualdi-porte-lcd87\/\" \/>\n<meta property=\"og:site_name\" content=\"Mobili Mariani\" \/>\n<meta property=\"article:published_time\" content=\"2000-01-01T10:07:12+00:00\" \/>\n<meta property=\"article:modified_time\" content=\"2020-07-30T10:24:46+00:00\" \/>\n<meta property=\"og:image\" content=\"https:\/\/www.mobilimariani.com\/wp-content\/uploads\/2015\/06\/147.jpg\" \/>\n\t<meta property=\"og:image:width\" content=\"339\" \/>\n\t<meta property=\"og:image:height\" content=\"542\" \/>\n<meta name=\"twitter:label1\" content=\"Est. reading time\">\n\t<meta name=\"twitter:data1\" content=\"1 minute\">\n<script type=\"application\/ld+json\" class=\"yoast-schema-graph\">{\"@context\":\"https:\/\/schema.org\",\"@graph\":[{\"@type\":\"Organization\",\"@id\":\"https:\/\/www.mobilimariani.com\/#organization\",\"name\":\"Mobili Mariani\",\"url\":\"https:\/\/www.mobilimariani.com\/\",\"sameAs\":[],\"logo\":{\"@type\":\"ImageObject\",\"@id\":\"https:\/\/www.mobilimariani.com\/#logo\",\"inLanguage\":\"fr-CH\",\"url\":\"https:\/\/www.mobilimariani.com\/wp-content\/uploads\/2015\/12\/logo.png\",\"contentUrl\":\"https:\/\/www.mobilimariani.com\/wp-content\/uploads\/2015\/12\/logo.png\",\"width\":160,\"height\":110,\"caption\":\"Mobili Mariani\"},\"image\":{\"@id\":\"https:\/\/www.mobilimariani.com\/#logo\"}},{\"@type\":\"WebSite\",\"@id\":\"https:\/\/www.mobilimariani.com\/#website\",\"url\":\"https:\/\/www.mobilimariani.com\/\",\"name\":\"Mobili Mariani\",\"description\":\"Mobili Italia Svizzera\",\"publisher\":{\"@id\":\"https:\/\/www.mobilimariani.com\/#organization\"},\"potentialAction\":[{\"@type\":\"SearchAction\",\"target\":\"https:\/\/www.mobilimariani.com\/?s={search_term_string}\",\"query-input\":\"required name=search_term_string\"}],\"inLanguage\":\"fr-CH\"},{\"@type\":\"ImageObject\",\"@id\":\"https:\/\/www.mobilimariani.com\/fr\/lualdi-porte-lcd87\/#primaryimage\",\"inLanguage\":\"fr-CH\",\"url\":\"https:\/\/www.mobilimariani.com\/wp-content\/uploads\/2015\/06\/147.jpg\",\"contentUrl\":\"https:\/\/www.mobilimariani.com\/wp-content\/uploads\/2015\/06\/147.jpg\",\"width\":339,\"height\":542,\"caption\":\"LUALDI PORTA LCD87\"},{\"@type\":\"WebPage\",\"@id\":\"https:\/\/www.mobilimariani.com\/fr\/lualdi-porte-lcd87\/#webpage\",\"url\":\"https:\/\/www.mobilimariani.com\/fr\/lualdi-porte-lcd87\/\",\"name\":\"LUALDI PORTE LCD87 | Mobili Mariani\",\"isPartOf\":{\"@id\":\"https:\/\/www.mobilimariani.com\/#website\"},\"primaryImageOfPage\":{\"@id\":\"https:\/\/www.mobilimariani.com\/fr\/lualdi-porte-lcd87\/#primaryimage\"},\"datePublished\":\"2000-01-01T10:07:12+00:00\",\"dateModified\":\"2020-07-30T10:24:46+00:00\",\"description\":\"LUALDI PORTE LCD87 - INDISPONIBLE Porte traditionnelle par excellence, elle est adapt\\u00e9e dans une situation o\\u00f9 vous avez besoin de la pr\\u00e9sence d'un\",\"breadcrumb\":{\"@id\":\"https:\/\/www.mobilimariani.com\/fr\/lualdi-porte-lcd87\/#breadcrumb\"},\"inLanguage\":\"fr-CH\",\"potentialAction\":[{\"@type\":\"ReadAction\",\"target\":[\"https:\/\/www.mobilimariani.com\/fr\/lualdi-porte-lcd87\/\"]}]},{\"@type\":\"BreadcrumbList\",\"@id\":\"https:\/\/www.mobilimariani.com\/fr\/lualdi-porte-lcd87\/#breadcrumb\",\"itemListElement\":[{\"@type\":\"ListItem\",\"position\":1,\"item\":{\"@type\":\"WebPage\",\"@id\":\"https:\/\/www.mobilimariani.com\/\",\"url\":\"https:\/\/www.mobilimariani.com\/\",\"name\":\"Home\"}},{\"@type\":\"ListItem\",\"position\":2,\"item\":{\"@id\":\"https:\/\/www.mobilimariani.com\/fr\/lualdi-porte-lcd87\/#webpage\"}}]},{\"@type\":\"Article\",\"@id\":\"https:\/\/www.mobilimariani.com\/fr\/lualdi-porte-lcd87\/#article\",\"isPartOf\":{\"@id\":\"https:\/\/www.mobilimariani.com\/fr\/lualdi-porte-lcd87\/#webpage\"},\"author\":{\"@id\":\"https:\/\/www.mobilimariani.com\/#\/schema\/person\/4685d9f51269134e53f988c9122315f4\"},\"headline\":\"LUALDI PORTE LCD87\",\"datePublished\":\"2000-01-01T10:07:12+00:00\",\"dateModified\":\"2020-07-30T10:24:46+00:00\",\"mainEntityOfPage\":{\"@id\":\"https:\/\/www.mobilimariani.com\/fr\/lualdi-porte-lcd87\/#webpage\"},\"publisher\":{\"@id\":\"https:\/\/www.mobilimariani.com\/#organization\"},\"image\":{\"@id\":\"https:\/\/www.mobilimariani.com\/fr\/lualdi-porte-lcd87\/#primaryimage\"},\"articleSection\":[\"Autre\",\"Catalogue\",\"Contract\"],\"inLanguage\":\"fr-CH\"},{\"@type\":\"Person\",\"@id\":\"https:\/\/www.mobilimariani.com\/#\/schema\/person\/4685d9f51269134e53f988c9122315f4\",\"name\":\"14m4rC008\",\"image\":{\"@type\":\"ImageObject\",\"@id\":\"https:\/\/www.mobilimariani.com\/#personlogo\",\"inLanguage\":\"fr-CH\",\"url\":\"https:\/\/secure.gravatar.com\/avatar\/dfaa6e536fec7030712cf850e9ddef45?s=96&d=mm&r=g\",\"contentUrl\":\"https:\/\/secure.gravatar.com\/avatar\/dfaa6e536fec7030712cf850e9ddef45?s=96&d=mm&r=g\",\"caption\":\"14m4rC008\"}}]}<\/script>\n<!-- \/ Yoast SEO plugin. -->","_links":{"self":[{"href":"https:\/\/www.mobilimariani.com\/fr\/wp-json\/wp\/v2\/posts\/9510"}],"collection":[{"href":"https:\/\/www.mobilimariani.com\/fr\/wp-json\/wp\/v2\/posts"}],"about":[{"href":"https:\/\/www.mobilimariani.com\/fr\/wp-json\/wp\/v2\/types\/post"}],"author":[{"embeddable":true,"href":"https:\/\/www.mobilimariani.com\/fr\/wp-json\/wp\/v2\/users\/1"}],"replies":[{"embeddable":true,"href":"https:\/\/www.mobilimariani.com\/fr\/wp-json\/wp\/v2\/comments?post=9510"}],"version-history":[{"count":4,"href":"https:\/\/www.mobilimariani.com\/fr\/wp-json\/wp\/v2\/posts\/9510\/revisions"}],"predecessor-version":[{"id":25230,"href":"https:\/\/www.mobilimariani.com\/fr\/wp-json\/wp\/v2\/posts\/9510\/revisions\/25230"}],"wp:featuredmedia":[{"embeddable":true,"href":"https:\/\/www.mobilimariani.com\/fr\/wp-json\/wp\/v2\/media\/5189"}],"wp:attachment":[{"href":"https:\/\/www.mobilimariani.com\/fr\/wp-json\/wp\/v2\/media?parent=9510"}],"wp:term":[{"taxonomy":"category","embeddable":true,"href":"https:\/\/www.mobilimariani.com\/fr\/wp-json\/wp\/v2\/categories?post=9510"},{"taxonomy":"post_tag","embeddable":true,"href":"https:\/\/www.mobilimariani.com\/fr\/wp-json\/wp\/v2\/tags?post=9510"}],"curies":[{"name":"wp","href":"https:\/\/api.w.org\/{rel}","templated":true}]}}