{"id":9297,"date":"2015-12-18T17:30:05","date_gmt":"2015-12-18T16:30:05","guid":{"rendered":"https:\/\/www.mobilimariani.com\/?p=9297"},"modified":"2022-05-10T11:37:46","modified_gmt":"2022-05-10T09:37:46","slug":"lualdi-porte-blues","status":"publish","type":"post","link":"https:\/\/www.mobilimariani.com\/fr\/lualdi-porte-blues\/","title":{"rendered":"LUALDI PORTE BLUES"},"content":{"rendered":"<p>LUALDI PORTE BLUES Cortesi Design INDISPONIBLE<\/p>\n<p>Simple et essentielle, elle compl\u00e8te les exigences de l&#8217;ameublement actuel. La porte de verre et d&#8217;aluminium donne une grande luminosit\u00e9 et transparence \u00e0 l&#8217;environnement. Le montant t\u00e9lescopique en aluminium est un puriste, le go\u00fbt sophistiqu\u00e9 de haute technologie, capable de mettre en \u00e9vidence la qualit\u00e9 de chaque finition.<\/p>\n<p>D\u00e9tails techniques :<\/p>\n<p>La porte se compose de cadre en aluminium anodis\u00e9 et de verre ou avec structure articul\u00e9e et creux de 41 mm, brillant ou mat, en bois laqu\u00e9. Chambranle t\u00e9lescopique en aluminium anodis\u00e9 avec des garnitures int\u00e9gr\u00e9s disponibles 9,5\u00a0cm jusqu&#8217;\u00e0 12 cm. Ensemble de fermetures et de charni\u00e8res. Couleurs et finitions de la\u00a0gamme.<\/p>\n<p>&nbsp;<\/p>\n","protected":false},"excerpt":{"rendered":"LUALDI PORTE BLUES Cortesi Design INDISPONIBLE Simple et essentielle, elle compl\u00e8te les exigences de l&#8217;ameublement actuel. La porte de verre et d&#8217;aluminium donne une grande luminosit\u00e9 et transparence \u00e0 l&#8217;environnement. Le montant t\u00e9lescopique en aluminium est un puriste, le go\u00fbt sophistiqu\u00e9 de haute technologie, capable de mettre en \u00e9vidence la qualit\u00e9 de chaque finition. D\u00e9tails&#8230; <a class=\"view-article\" href=\"https:\/\/www.mobilimariani.com\/fr\/lualdi-porte-blues\/\">Voir l&#8217;article<\/a>","protected":false},"author":1,"featured_media":5277,"comment_status":"closed","ping_status":"closed","sticky":false,"template":"","format":"standard","meta":[],"categories":[18,1,37],"tags":[],"yoast_head":"<!-- This site is optimized with the Yoast SEO plugin v16.2 - https:\/\/yoast.com\/wordpress\/plugins\/seo\/ -->\n<meta name=\"description\" content=\"LUALDI PORTE BLUES Cortesi Design INDISPONIBLE Simple et essentielle, elle compl\u00e8te les exigences de l&#039;ameublement actuel. La porte de verre et\" \/>\n<meta name=\"robots\" content=\"index, follow, max-snippet:-1, max-image-preview:large, max-video-preview:-1\" \/>\n<link rel=\"canonical\" href=\"https:\/\/www.mobilimariani.com\/fr\/lualdi-porte-blues\/\" \/>\n<meta property=\"og:locale\" content=\"fr_FR\" \/>\n<meta property=\"og:type\" content=\"article\" \/>\n<meta property=\"og:title\" content=\"LUALDI PORTE BLUES | Mobili Mariani\" \/>\n<meta property=\"og:description\" content=\"LUALDI PORTE BLUES Cortesi Design INDISPONIBLE Simple et essentielle, elle compl\u00e8te les exigences de l&#039;ameublement actuel. La porte de verre et\" \/>\n<meta property=\"og:url\" content=\"https:\/\/www.mobilimariani.com\/fr\/lualdi-porte-blues\/\" \/>\n<meta property=\"og:site_name\" content=\"Mobili Mariani\" \/>\n<meta property=\"article:published_time\" content=\"2015-12-18T16:30:05+00:00\" \/>\n<meta property=\"article:modified_time\" content=\"2022-05-10T09:37:46+00:00\" \/>\n<meta property=\"og:image\" content=\"https:\/\/www.mobilimariani.com\/wp-content\/uploads\/2015\/06\/155.jpg\" \/>\n\t<meta property=\"og:image:width\" content=\"731\" \/>\n\t<meta property=\"og:image:height\" content=\"515\" \/>\n<meta name=\"twitter:label1\" content=\"Est. reading time\">\n\t<meta name=\"twitter:data1\" content=\"1 minute\">\n<script type=\"application\/ld+json\" class=\"yoast-schema-graph\">{\"@context\":\"https:\/\/schema.org\",\"@graph\":[{\"@type\":\"Organization\",\"@id\":\"https:\/\/www.mobilimariani.com\/#organization\",\"name\":\"Mobili Mariani\",\"url\":\"https:\/\/www.mobilimariani.com\/\",\"sameAs\":[],\"logo\":{\"@type\":\"ImageObject\",\"@id\":\"https:\/\/www.mobilimariani.com\/#logo\",\"inLanguage\":\"fr-CH\",\"url\":\"https:\/\/www.mobilimariani.com\/wp-content\/uploads\/2015\/12\/logo.png\",\"contentUrl\":\"https:\/\/www.mobilimariani.com\/wp-content\/uploads\/2015\/12\/logo.png\",\"width\":160,\"height\":110,\"caption\":\"Mobili Mariani\"},\"image\":{\"@id\":\"https:\/\/www.mobilimariani.com\/#logo\"}},{\"@type\":\"WebSite\",\"@id\":\"https:\/\/www.mobilimariani.com\/#website\",\"url\":\"https:\/\/www.mobilimariani.com\/\",\"name\":\"Mobili Mariani\",\"description\":\"Mobili Italia Svizzera\",\"publisher\":{\"@id\":\"https:\/\/www.mobilimariani.com\/#organization\"},\"potentialAction\":[{\"@type\":\"SearchAction\",\"target\":\"https:\/\/www.mobilimariani.com\/?s={search_term_string}\",\"query-input\":\"required name=search_term_string\"}],\"inLanguage\":\"fr-CH\"},{\"@type\":\"ImageObject\",\"@id\":\"https:\/\/www.mobilimariani.com\/fr\/lualdi-porte-blues\/#primaryimage\",\"inLanguage\":\"fr-CH\",\"url\":\"https:\/\/www.mobilimariani.com\/wp-content\/uploads\/2015\/06\/155.jpg\",\"contentUrl\":\"https:\/\/www.mobilimariani.com\/wp-content\/uploads\/2015\/06\/155.jpg\",\"width\":731,\"height\":515,\"caption\":\"LUALDI PORTA BLUES\"},{\"@type\":\"WebPage\",\"@id\":\"https:\/\/www.mobilimariani.com\/fr\/lualdi-porte-blues\/#webpage\",\"url\":\"https:\/\/www.mobilimariani.com\/fr\/lualdi-porte-blues\/\",\"name\":\"LUALDI PORTE BLUES | Mobili Mariani\",\"isPartOf\":{\"@id\":\"https:\/\/www.mobilimariani.com\/#website\"},\"primaryImageOfPage\":{\"@id\":\"https:\/\/www.mobilimariani.com\/fr\/lualdi-porte-blues\/#primaryimage\"},\"datePublished\":\"2015-12-18T16:30:05+00:00\",\"dateModified\":\"2022-05-10T09:37:46+00:00\",\"description\":\"LUALDI PORTE BLUES Cortesi Design INDISPONIBLE Simple et essentielle, elle compl\\u00e8te les exigences de l'ameublement actuel. La porte de verre et\",\"breadcrumb\":{\"@id\":\"https:\/\/www.mobilimariani.com\/fr\/lualdi-porte-blues\/#breadcrumb\"},\"inLanguage\":\"fr-CH\",\"potentialAction\":[{\"@type\":\"ReadAction\",\"target\":[\"https:\/\/www.mobilimariani.com\/fr\/lualdi-porte-blues\/\"]}]},{\"@type\":\"BreadcrumbList\",\"@id\":\"https:\/\/www.mobilimariani.com\/fr\/lualdi-porte-blues\/#breadcrumb\",\"itemListElement\":[{\"@type\":\"ListItem\",\"position\":1,\"item\":{\"@type\":\"WebPage\",\"@id\":\"https:\/\/www.mobilimariani.com\/\",\"url\":\"https:\/\/www.mobilimariani.com\/\",\"name\":\"Home\"}},{\"@type\":\"ListItem\",\"position\":2,\"item\":{\"@id\":\"https:\/\/www.mobilimariani.com\/fr\/lualdi-porte-blues\/#webpage\"}}]},{\"@type\":\"Article\",\"@id\":\"https:\/\/www.mobilimariani.com\/fr\/lualdi-porte-blues\/#article\",\"isPartOf\":{\"@id\":\"https:\/\/www.mobilimariani.com\/fr\/lualdi-porte-blues\/#webpage\"},\"author\":{\"@id\":\"https:\/\/www.mobilimariani.com\/#\/schema\/person\/4685d9f51269134e53f988c9122315f4\"},\"headline\":\"LUALDI PORTE BLUES\",\"datePublished\":\"2015-12-18T16:30:05+00:00\",\"dateModified\":\"2022-05-10T09:37:46+00:00\",\"mainEntityOfPage\":{\"@id\":\"https:\/\/www.mobilimariani.com\/fr\/lualdi-porte-blues\/#webpage\"},\"publisher\":{\"@id\":\"https:\/\/www.mobilimariani.com\/#organization\"},\"image\":{\"@id\":\"https:\/\/www.mobilimariani.com\/fr\/lualdi-porte-blues\/#primaryimage\"},\"articleSection\":[\"Autre\",\"Catalogue\",\"Contract\"],\"inLanguage\":\"fr-CH\"},{\"@type\":\"Person\",\"@id\":\"https:\/\/www.mobilimariani.com\/#\/schema\/person\/4685d9f51269134e53f988c9122315f4\",\"name\":\"14m4rC008\",\"image\":{\"@type\":\"ImageObject\",\"@id\":\"https:\/\/www.mobilimariani.com\/#personlogo\",\"inLanguage\":\"fr-CH\",\"url\":\"https:\/\/secure.gravatar.com\/avatar\/dfaa6e536fec7030712cf850e9ddef45?s=96&d=mm&r=g\",\"contentUrl\":\"https:\/\/secure.gravatar.com\/avatar\/dfaa6e536fec7030712cf850e9ddef45?s=96&d=mm&r=g\",\"caption\":\"14m4rC008\"}}]}<\/script>\n<!-- \/ Yoast SEO plugin. -->","_links":{"self":[{"href":"https:\/\/www.mobilimariani.com\/fr\/wp-json\/wp\/v2\/posts\/9297"}],"collection":[{"href":"https:\/\/www.mobilimariani.com\/fr\/wp-json\/wp\/v2\/posts"}],"about":[{"href":"https:\/\/www.mobilimariani.com\/fr\/wp-json\/wp\/v2\/types\/post"}],"author":[{"embeddable":true,"href":"https:\/\/www.mobilimariani.com\/fr\/wp-json\/wp\/v2\/users\/1"}],"replies":[{"embeddable":true,"href":"https:\/\/www.mobilimariani.com\/fr\/wp-json\/wp\/v2\/comments?post=9297"}],"version-history":[{"count":4,"href":"https:\/\/www.mobilimariani.com\/fr\/wp-json\/wp\/v2\/posts\/9297\/revisions"}],"predecessor-version":[{"id":28601,"href":"https:\/\/www.mobilimariani.com\/fr\/wp-json\/wp\/v2\/posts\/9297\/revisions\/28601"}],"wp:featuredmedia":[{"embeddable":true,"href":"https:\/\/www.mobilimariani.com\/fr\/wp-json\/wp\/v2\/media\/5277"}],"wp:attachment":[{"href":"https:\/\/www.mobilimariani.com\/fr\/wp-json\/wp\/v2\/media?parent=9297"}],"wp:term":[{"taxonomy":"category","embeddable":true,"href":"https:\/\/www.mobilimariani.com\/fr\/wp-json\/wp\/v2\/categories?post=9297"},{"taxonomy":"post_tag","embeddable":true,"href":"https:\/\/www.mobilimariani.com\/fr\/wp-json\/wp\/v2\/tags?post=9297"}],"curies":[{"name":"wp","href":"https:\/\/api.w.org\/{rel}","templated":true}]}}