{"id":9141,"date":"2017-01-20T16:54:38","date_gmt":"2017-01-20T15:54:38","guid":{"rendered":"https:\/\/www.mobilimariani.com\/?p=9141"},"modified":"2022-03-26T17:11:45","modified_gmt":"2022-03-26T16:11:45","slug":"flou-groupe-nuit-splendor","status":"publish","type":"post","link":"https:\/\/www.mobilimariani.com\/fr\/flou-groupe-nuit-splendor\/","title":{"rendered":"FLOU GROUPE NUIT SPLENDOR"},"content":{"rendered":"<p>FLOU GROUPE NUIT SPLENDOR design Rodolfo Dordoni.<\/p>\n<p>S\u00e9rie \u00e9l\u00e9gante et raffin\u00e9e avec une finition\u00a0laqu\u00e9 brillant couleur cr\u00e8me, constitu\u00e9 de commode, table de chevet et armoire.<\/p>\n<p>D\u00e9tails : s\u00e9rie d&#8217;ameublement couleur cr\u00e8me, avec une finition laqu\u00e9 brillant. Les tiroirs dot\u00e9s de retour, sont finis\u00a0\u00e0 l&#8217;int\u00e9rieur et utilisent une aide de guidage de haute r\u00e9sistance. Les poign\u00e9es peuvent \u00eatre couleur\u00a0or ou nickel noir.<\/p>\n<p>Table de chevet 60 x 50 x 47 h cm.<\/p>\n<p>Commode \u00e0 six tiroirs 120 x 50 x 62 h cm.<\/p>\n<p>Armoire 90 x 50 x 137 h cm.<\/p>\n<p>Pour d\u00e9couvrir la marque Flou, <a href=\"https:\/\/www.mobilimariani.com\/fr\/concessionnaire-flou\/\">cliquez ici<\/a><\/p>\n<p>Vous voulez conna\u00eetre notre meilleur prix pour cet article?<a href=\"https:\/\/www.mobilimariani.com\/fr\/contacts\/\">\u00a0Cliquez ici <\/a>et envoyez-nous la demande<\/p>\n<p><strong>Pour nos clients suisses, il sera d\u00e9duit l&#8217;I.V.A. italienne \u00e0 hauteur de 22%.<\/strong><\/p>\n<p>&nbsp;<\/p>\n","protected":false},"excerpt":{"rendered":"FLOU GROUPE NUIT SPLENDOR design Rodolfo Dordoni. S\u00e9rie \u00e9l\u00e9gante et raffin\u00e9e avec une finition\u00a0laqu\u00e9 brillant couleur cr\u00e8me, constitu\u00e9 de commode, table de chevet et armoire. D\u00e9tails : s\u00e9rie d&#8217;ameublement couleur cr\u00e8me, avec une finition laqu\u00e9 brillant. Les tiroirs dot\u00e9s de retour, sont finis\u00a0\u00e0 l&#8217;int\u00e9rieur et utilisent une aide de guidage de haute r\u00e9sistance. Les poign\u00e9es&#8230; <a class=\"view-article\" href=\"https:\/\/www.mobilimariani.com\/fr\/flou-groupe-nuit-splendor\/\">Voir l&#8217;article<\/a>","protected":false},"author":1,"featured_media":5650,"comment_status":"closed","ping_status":"closed","sticky":false,"template":"","format":"standard","meta":[],"categories":[1,5,2],"tags":[2148,948,2168],"yoast_head":"<!-- This site is optimized with the Yoast SEO plugin v16.2 - https:\/\/yoast.com\/wordpress\/plugins\/seo\/ -->\n<meta name=\"description\" content=\"FLOU GROUPE NUIT SPLENDOR design Rodolfo Dordoni. S\u00e9rie \u00e9l\u00e9gante et raffin\u00e9e avec une finition\u00a0laqu\u00e9 brillant couleur cr\u00e8me, constitu\u00e9 de commode, table\" \/>\n<meta name=\"robots\" content=\"index, follow, max-snippet:-1, max-image-preview:large, max-video-preview:-1\" \/>\n<link rel=\"canonical\" href=\"https:\/\/www.mobilimariani.com\/fr\/flou-groupe-nuit-splendor\/\" \/>\n<meta property=\"og:locale\" content=\"fr_FR\" \/>\n<meta property=\"og:type\" content=\"article\" \/>\n<meta property=\"og:title\" content=\"FLOU GROUPE NUIT SPLENDOR | Mobili Mariani\" \/>\n<meta property=\"og:description\" content=\"FLOU GROUPE NUIT SPLENDOR design Rodolfo Dordoni. S\u00e9rie \u00e9l\u00e9gante et raffin\u00e9e avec une finition\u00a0laqu\u00e9 brillant couleur cr\u00e8me, constitu\u00e9 de commode, table\" \/>\n<meta property=\"og:url\" content=\"https:\/\/www.mobilimariani.com\/fr\/flou-groupe-nuit-splendor\/\" \/>\n<meta property=\"og:site_name\" content=\"Mobili Mariani\" \/>\n<meta property=\"article:published_time\" content=\"2017-01-20T15:54:38+00:00\" \/>\n<meta property=\"article:modified_time\" content=\"2022-03-26T16:11:45+00:00\" \/>\n<meta property=\"og:image\" content=\"https:\/\/www.mobilimariani.com\/wp-content\/uploads\/2015\/07\/16.jpg\" \/>\n\t<meta property=\"og:image:width\" content=\"632\" \/>\n\t<meta property=\"og:image:height\" content=\"673\" \/>\n<meta name=\"twitter:label1\" content=\"Est. reading time\">\n\t<meta name=\"twitter:data1\" content=\"1 minute\">\n<script type=\"application\/ld+json\" class=\"yoast-schema-graph\">{\"@context\":\"https:\/\/schema.org\",\"@graph\":[{\"@type\":\"Organization\",\"@id\":\"https:\/\/www.mobilimariani.com\/#organization\",\"name\":\"Mobili Mariani\",\"url\":\"https:\/\/www.mobilimariani.com\/\",\"sameAs\":[],\"logo\":{\"@type\":\"ImageObject\",\"@id\":\"https:\/\/www.mobilimariani.com\/#logo\",\"inLanguage\":\"fr-CH\",\"url\":\"https:\/\/www.mobilimariani.com\/wp-content\/uploads\/2015\/12\/logo.png\",\"contentUrl\":\"https:\/\/www.mobilimariani.com\/wp-content\/uploads\/2015\/12\/logo.png\",\"width\":160,\"height\":110,\"caption\":\"Mobili Mariani\"},\"image\":{\"@id\":\"https:\/\/www.mobilimariani.com\/#logo\"}},{\"@type\":\"WebSite\",\"@id\":\"https:\/\/www.mobilimariani.com\/#website\",\"url\":\"https:\/\/www.mobilimariani.com\/\",\"name\":\"Mobili Mariani\",\"description\":\"Mobili Italia Svizzera\",\"publisher\":{\"@id\":\"https:\/\/www.mobilimariani.com\/#organization\"},\"potentialAction\":[{\"@type\":\"SearchAction\",\"target\":\"https:\/\/www.mobilimariani.com\/?s={search_term_string}\",\"query-input\":\"required name=search_term_string\"}],\"inLanguage\":\"fr-CH\"},{\"@type\":\"ImageObject\",\"@id\":\"https:\/\/www.mobilimariani.com\/fr\/flou-groupe-nuit-splendor\/#primaryimage\",\"inLanguage\":\"fr-CH\",\"url\":\"https:\/\/www.mobilimariani.com\/wp-content\/uploads\/2015\/07\/16.jpg\",\"contentUrl\":\"https:\/\/www.mobilimariani.com\/wp-content\/uploads\/2015\/07\/16.jpg\",\"width\":632,\"height\":673,\"caption\":\"FLOU GRUPPO NOTTE SPLENDOR\"},{\"@type\":\"WebPage\",\"@id\":\"https:\/\/www.mobilimariani.com\/fr\/flou-groupe-nuit-splendor\/#webpage\",\"url\":\"https:\/\/www.mobilimariani.com\/fr\/flou-groupe-nuit-splendor\/\",\"name\":\"FLOU GROUPE NUIT SPLENDOR | Mobili Mariani\",\"isPartOf\":{\"@id\":\"https:\/\/www.mobilimariani.com\/#website\"},\"primaryImageOfPage\":{\"@id\":\"https:\/\/www.mobilimariani.com\/fr\/flou-groupe-nuit-splendor\/#primaryimage\"},\"datePublished\":\"2017-01-20T15:54:38+00:00\",\"dateModified\":\"2022-03-26T16:11:45+00:00\",\"description\":\"FLOU GROUPE NUIT SPLENDOR design Rodolfo Dordoni. S\\u00e9rie \\u00e9l\\u00e9gante et raffin\\u00e9e avec une finition\\u00a0laqu\\u00e9 brillant couleur cr\\u00e8me, constitu\\u00e9 de commode, table\",\"breadcrumb\":{\"@id\":\"https:\/\/www.mobilimariani.com\/fr\/flou-groupe-nuit-splendor\/#breadcrumb\"},\"inLanguage\":\"fr-CH\",\"potentialAction\":[{\"@type\":\"ReadAction\",\"target\":[\"https:\/\/www.mobilimariani.com\/fr\/flou-groupe-nuit-splendor\/\"]}]},{\"@type\":\"BreadcrumbList\",\"@id\":\"https:\/\/www.mobilimariani.com\/fr\/flou-groupe-nuit-splendor\/#breadcrumb\",\"itemListElement\":[{\"@type\":\"ListItem\",\"position\":1,\"item\":{\"@type\":\"WebPage\",\"@id\":\"https:\/\/www.mobilimariani.com\/\",\"url\":\"https:\/\/www.mobilimariani.com\/\",\"name\":\"Home\"}},{\"@type\":\"ListItem\",\"position\":2,\"item\":{\"@id\":\"https:\/\/www.mobilimariani.com\/fr\/flou-groupe-nuit-splendor\/#webpage\"}}]},{\"@type\":\"Article\",\"@id\":\"https:\/\/www.mobilimariani.com\/fr\/flou-groupe-nuit-splendor\/#article\",\"isPartOf\":{\"@id\":\"https:\/\/www.mobilimariani.com\/fr\/flou-groupe-nuit-splendor\/#webpage\"},\"author\":{\"@id\":\"https:\/\/www.mobilimariani.com\/#\/schema\/person\/4685d9f51269134e53f988c9122315f4\"},\"headline\":\"FLOU GROUPE NUIT SPLENDOR\",\"datePublished\":\"2017-01-20T15:54:38+00:00\",\"dateModified\":\"2022-03-26T16:11:45+00:00\",\"mainEntityOfPage\":{\"@id\":\"https:\/\/www.mobilimariani.com\/fr\/flou-groupe-nuit-splendor\/#webpage\"},\"publisher\":{\"@id\":\"https:\/\/www.mobilimariani.com\/#organization\"},\"image\":{\"@id\":\"https:\/\/www.mobilimariani.com\/fr\/flou-groupe-nuit-splendor\/#primaryimage\"},\"keywords\":[\"chambres lit design italien\",\"com\\u00f2 design\",\"conception chevet\"],\"articleSection\":[\"Catalogue\",\"Lits\",\"Zone nuit\"],\"inLanguage\":\"fr-CH\"},{\"@type\":\"Person\",\"@id\":\"https:\/\/www.mobilimariani.com\/#\/schema\/person\/4685d9f51269134e53f988c9122315f4\",\"name\":\"14m4rC008\",\"image\":{\"@type\":\"ImageObject\",\"@id\":\"https:\/\/www.mobilimariani.com\/#personlogo\",\"inLanguage\":\"fr-CH\",\"url\":\"https:\/\/secure.gravatar.com\/avatar\/dfaa6e536fec7030712cf850e9ddef45?s=96&d=mm&r=g\",\"contentUrl\":\"https:\/\/secure.gravatar.com\/avatar\/dfaa6e536fec7030712cf850e9ddef45?s=96&d=mm&r=g\",\"caption\":\"14m4rC008\"}}]}<\/script>\n<!-- \/ Yoast SEO plugin. -->","_links":{"self":[{"href":"https:\/\/www.mobilimariani.com\/fr\/wp-json\/wp\/v2\/posts\/9141"}],"collection":[{"href":"https:\/\/www.mobilimariani.com\/fr\/wp-json\/wp\/v2\/posts"}],"about":[{"href":"https:\/\/www.mobilimariani.com\/fr\/wp-json\/wp\/v2\/types\/post"}],"author":[{"embeddable":true,"href":"https:\/\/www.mobilimariani.com\/fr\/wp-json\/wp\/v2\/users\/1"}],"replies":[{"embeddable":true,"href":"https:\/\/www.mobilimariani.com\/fr\/wp-json\/wp\/v2\/comments?post=9141"}],"version-history":[{"count":4,"href":"https:\/\/www.mobilimariani.com\/fr\/wp-json\/wp\/v2\/posts\/9141\/revisions"}],"predecessor-version":[{"id":15842,"href":"https:\/\/www.mobilimariani.com\/fr\/wp-json\/wp\/v2\/posts\/9141\/revisions\/15842"}],"wp:featuredmedia":[{"embeddable":true,"href":"https:\/\/www.mobilimariani.com\/fr\/wp-json\/wp\/v2\/media\/5650"}],"wp:attachment":[{"href":"https:\/\/www.mobilimariani.com\/fr\/wp-json\/wp\/v2\/media?parent=9141"}],"wp:term":[{"taxonomy":"category","embeddable":true,"href":"https:\/\/www.mobilimariani.com\/fr\/wp-json\/wp\/v2\/categories?post=9141"},{"taxonomy":"post_tag","embeddable":true,"href":"https:\/\/www.mobilimariani.com\/fr\/wp-json\/wp\/v2\/tags?post=9141"}],"curies":[{"name":"wp","href":"https:\/\/api.w.org\/{rel}","templated":true}]}}