{"id":9139,"date":"2017-01-20T16:43:53","date_gmt":"2017-01-20T15:43:53","guid":{"rendered":"https:\/\/www.mobilimariani.com\/?p=9139"},"modified":"2018-07-21T11:46:38","modified_gmt":"2018-07-21T09:46:38","slug":"flou-remy-fauteuil-et-pouf","status":"publish","type":"post","link":"https:\/\/www.mobilimariani.com\/fr\/flou-remy-fauteuil-et-pouf\/","title":{"rendered":"FLOU R\u00c9MY FAUTEUIL ET POUF"},"content":{"rendered":"<p>FLOU R\u00c9MY FAUTEUIL \u00a0design Riccardo Giovanetti.<\/p>\n<p>Fauteuil compl\u00e9mentaire aux Ottomans Remy. Structure en acier avec mousse de polyur\u00e9thane. Recouvert en tissu, en cuir ou en simili cuir d\u00e9houssable gr\u00e2ce \u00e0 un velcro.<\/p>\n<p>Fauteuil cm . 71 x 57 x 81 h . si\u00e8ge h . cm . 81<\/p>\n<p>Pouf Indisponible<\/p>\n<p>Pour d\u00e9couvrir la marque Flou, <a href=\"https:\/\/www.mobilimariani.com\/fr\/concessionnaire-flou\/\">cliquez ici<\/a><\/p>\n<p>Vous voulez conna\u00eetre notre meilleur prix pour cet article?<a href=\"https:\/\/www.mobilimariani.com\/fr\/contacts\/\">\u00a0Cliquez ici <\/a>et envoyez-nous la demande<\/p>\n<p><strong>\u00a0<\/strong><strong>Pour nos clients suisses, il sera d\u00e9duit l&#8217;I.V.A. italienne \u00e0 hauteur de 22%.<\/strong><\/p>\n","protected":false},"excerpt":{"rendered":"FLOU R\u00c9MY FAUTEUIL \u00a0design Riccardo Giovanetti. Fauteuil compl\u00e9mentaire aux Ottomans Remy. Structure en acier avec mousse de polyur\u00e9thane. Recouvert en tissu, en cuir ou en simili cuir d\u00e9houssable gr\u00e2ce \u00e0 un velcro. Fauteuil cm . 71 x 57 x 81 h . si\u00e8ge h . cm . 81 Pouf Indisponible Pour d\u00e9couvrir la marque Flou,&#8230; <a class=\"view-article\" href=\"https:\/\/www.mobilimariani.com\/fr\/flou-remy-fauteuil-et-pouf\/\">Voir l&#8217;article<\/a>","protected":false},"author":1,"featured_media":5667,"comment_status":"closed","ping_status":"closed","sticky":false,"template":"","format":"standard","meta":[],"categories":[18,1,32,6,2],"tags":[2151,917],"yoast_head":"<!-- This site is optimized with the Yoast SEO plugin v16.2 - https:\/\/yoast.com\/wordpress\/plugins\/seo\/ -->\n<meta name=\"description\" content=\"FLOU R\u00c9MY FAUTEUIL \u00a0design Riccardo Giovanetti. Fauteuil compl\u00e9mentaire aux Ottomans Remy. Structure en acier avec mousse de polyur\u00e9thane. Recouvert en\" \/>\n<meta name=\"robots\" content=\"index, follow, max-snippet:-1, max-image-preview:large, max-video-preview:-1\" \/>\n<link rel=\"canonical\" href=\"https:\/\/www.mobilimariani.com\/fr\/flou-remy-fauteuil-et-pouf\/\" \/>\n<meta property=\"og:locale\" content=\"fr_FR\" \/>\n<meta property=\"og:type\" content=\"article\" \/>\n<meta property=\"og:title\" content=\"FLOU R\u00c9MY FAUTEUIL ET POUF | Mobili Mariani\" \/>\n<meta property=\"og:description\" content=\"FLOU R\u00c9MY FAUTEUIL \u00a0design Riccardo Giovanetti. Fauteuil compl\u00e9mentaire aux Ottomans Remy. Structure en acier avec mousse de polyur\u00e9thane. Recouvert en\" \/>\n<meta property=\"og:url\" content=\"https:\/\/www.mobilimariani.com\/fr\/flou-remy-fauteuil-et-pouf\/\" \/>\n<meta property=\"og:site_name\" content=\"Mobili Mariani\" \/>\n<meta property=\"article:published_time\" content=\"2017-01-20T15:43:53+00:00\" \/>\n<meta property=\"article:modified_time\" content=\"2018-07-21T09:46:38+00:00\" \/>\n<meta property=\"og:image\" content=\"https:\/\/www.mobilimariani.com\/wp-content\/uploads\/2015\/07\/37.jpg\" \/>\n\t<meta property=\"og:image:width\" content=\"424\" \/>\n\t<meta property=\"og:image:height\" content=\"403\" \/>\n<script type=\"application\/ld+json\" class=\"yoast-schema-graph\">{\"@context\":\"https:\/\/schema.org\",\"@graph\":[{\"@type\":\"Organization\",\"@id\":\"https:\/\/www.mobilimariani.com\/#organization\",\"name\":\"Mobili Mariani\",\"url\":\"https:\/\/www.mobilimariani.com\/\",\"sameAs\":[],\"logo\":{\"@type\":\"ImageObject\",\"@id\":\"https:\/\/www.mobilimariani.com\/#logo\",\"inLanguage\":\"fr-CH\",\"url\":\"https:\/\/www.mobilimariani.com\/wp-content\/uploads\/2015\/12\/logo.png\",\"contentUrl\":\"https:\/\/www.mobilimariani.com\/wp-content\/uploads\/2015\/12\/logo.png\",\"width\":160,\"height\":110,\"caption\":\"Mobili Mariani\"},\"image\":{\"@id\":\"https:\/\/www.mobilimariani.com\/#logo\"}},{\"@type\":\"WebSite\",\"@id\":\"https:\/\/www.mobilimariani.com\/#website\",\"url\":\"https:\/\/www.mobilimariani.com\/\",\"name\":\"Mobili Mariani\",\"description\":\"Mobili Italia Svizzera\",\"publisher\":{\"@id\":\"https:\/\/www.mobilimariani.com\/#organization\"},\"potentialAction\":[{\"@type\":\"SearchAction\",\"target\":\"https:\/\/www.mobilimariani.com\/?s={search_term_string}\",\"query-input\":\"required name=search_term_string\"}],\"inLanguage\":\"fr-CH\"},{\"@type\":\"ImageObject\",\"@id\":\"https:\/\/www.mobilimariani.com\/fr\/flou-remy-fauteuil-et-pouf\/#primaryimage\",\"inLanguage\":\"fr-CH\",\"url\":\"https:\/\/www.mobilimariani.com\/wp-content\/uploads\/2015\/07\/37.jpg\",\"contentUrl\":\"https:\/\/www.mobilimariani.com\/wp-content\/uploads\/2015\/07\/37.jpg\",\"width\":424,\"height\":403,\"caption\":\"FLOU R\\u00c9MY POLTRONA E POUF\"},{\"@type\":\"WebPage\",\"@id\":\"https:\/\/www.mobilimariani.com\/fr\/flou-remy-fauteuil-et-pouf\/#webpage\",\"url\":\"https:\/\/www.mobilimariani.com\/fr\/flou-remy-fauteuil-et-pouf\/\",\"name\":\"FLOU R\\u00c9MY FAUTEUIL ET POUF | Mobili Mariani\",\"isPartOf\":{\"@id\":\"https:\/\/www.mobilimariani.com\/#website\"},\"primaryImageOfPage\":{\"@id\":\"https:\/\/www.mobilimariani.com\/fr\/flou-remy-fauteuil-et-pouf\/#primaryimage\"},\"datePublished\":\"2017-01-20T15:43:53+00:00\",\"dateModified\":\"2018-07-21T09:46:38+00:00\",\"description\":\"FLOU R\\u00c9MY FAUTEUIL \\u00a0design Riccardo Giovanetti. Fauteuil compl\\u00e9mentaire aux Ottomans Remy. Structure en acier avec mousse de polyur\\u00e9thane. Recouvert en\",\"breadcrumb\":{\"@id\":\"https:\/\/www.mobilimariani.com\/fr\/flou-remy-fauteuil-et-pouf\/#breadcrumb\"},\"inLanguage\":\"fr-CH\",\"potentialAction\":[{\"@type\":\"ReadAction\",\"target\":[\"https:\/\/www.mobilimariani.com\/fr\/flou-remy-fauteuil-et-pouf\/\"]}]},{\"@type\":\"BreadcrumbList\",\"@id\":\"https:\/\/www.mobilimariani.com\/fr\/flou-remy-fauteuil-et-pouf\/#breadcrumb\",\"itemListElement\":[{\"@type\":\"ListItem\",\"position\":1,\"item\":{\"@type\":\"WebPage\",\"@id\":\"https:\/\/www.mobilimariani.com\/\",\"url\":\"https:\/\/www.mobilimariani.com\/\",\"name\":\"Home\"}},{\"@type\":\"ListItem\",\"position\":2,\"item\":{\"@id\":\"https:\/\/www.mobilimariani.com\/fr\/flou-remy-fauteuil-et-pouf\/#webpage\"}}]},{\"@type\":\"Article\",\"@id\":\"https:\/\/www.mobilimariani.com\/fr\/flou-remy-fauteuil-et-pouf\/#article\",\"isPartOf\":{\"@id\":\"https:\/\/www.mobilimariani.com\/fr\/flou-remy-fauteuil-et-pouf\/#webpage\"},\"author\":{\"@id\":\"https:\/\/www.mobilimariani.com\/#\/schema\/person\/4685d9f51269134e53f988c9122315f4\"},\"headline\":\"FLOU R\\u00c9MY FAUTEUIL ET POUF\",\"datePublished\":\"2017-01-20T15:43:53+00:00\",\"dateModified\":\"2018-07-21T09:46:38+00:00\",\"mainEntityOfPage\":{\"@id\":\"https:\/\/www.mobilimariani.com\/fr\/flou-remy-fauteuil-et-pouf\/#webpage\"},\"publisher\":{\"@id\":\"https:\/\/www.mobilimariani.com\/#organization\"},\"image\":{\"@id\":\"https:\/\/www.mobilimariani.com\/fr\/flou-remy-fauteuil-et-pouf\/#primaryimage\"},\"keywords\":[\"Italienne fauteuils lit design\",\"design italien pouf\"],\"articleSection\":[\"Autre\",\"Catalogue\",\"Fauteuils\",\"Salle jour\",\"Zone nuit\"],\"inLanguage\":\"fr-CH\"},{\"@type\":\"Person\",\"@id\":\"https:\/\/www.mobilimariani.com\/#\/schema\/person\/4685d9f51269134e53f988c9122315f4\",\"name\":\"14m4rC008\",\"image\":{\"@type\":\"ImageObject\",\"@id\":\"https:\/\/www.mobilimariani.com\/#personlogo\",\"inLanguage\":\"fr-CH\",\"url\":\"https:\/\/secure.gravatar.com\/avatar\/dfaa6e536fec7030712cf850e9ddef45?s=96&d=mm&r=g\",\"contentUrl\":\"https:\/\/secure.gravatar.com\/avatar\/dfaa6e536fec7030712cf850e9ddef45?s=96&d=mm&r=g\",\"caption\":\"14m4rC008\"}}]}<\/script>\n<!-- \/ Yoast SEO plugin. -->","_links":{"self":[{"href":"https:\/\/www.mobilimariani.com\/fr\/wp-json\/wp\/v2\/posts\/9139"}],"collection":[{"href":"https:\/\/www.mobilimariani.com\/fr\/wp-json\/wp\/v2\/posts"}],"about":[{"href":"https:\/\/www.mobilimariani.com\/fr\/wp-json\/wp\/v2\/types\/post"}],"author":[{"embeddable":true,"href":"https:\/\/www.mobilimariani.com\/fr\/wp-json\/wp\/v2\/users\/1"}],"replies":[{"embeddable":true,"href":"https:\/\/www.mobilimariani.com\/fr\/wp-json\/wp\/v2\/comments?post=9139"}],"version-history":[{"count":4,"href":"https:\/\/www.mobilimariani.com\/fr\/wp-json\/wp\/v2\/posts\/9139\/revisions"}],"predecessor-version":[{"id":21585,"href":"https:\/\/www.mobilimariani.com\/fr\/wp-json\/wp\/v2\/posts\/9139\/revisions\/21585"}],"wp:featuredmedia":[{"embeddable":true,"href":"https:\/\/www.mobilimariani.com\/fr\/wp-json\/wp\/v2\/media\/5667"}],"wp:attachment":[{"href":"https:\/\/www.mobilimariani.com\/fr\/wp-json\/wp\/v2\/media?parent=9139"}],"wp:term":[{"taxonomy":"category","embeddable":true,"href":"https:\/\/www.mobilimariani.com\/fr\/wp-json\/wp\/v2\/categories?post=9139"},{"taxonomy":"post_tag","embeddable":true,"href":"https:\/\/www.mobilimariani.com\/fr\/wp-json\/wp\/v2\/tags?post=9139"}],"curies":[{"name":"wp","href":"https:\/\/api.w.org\/{rel}","templated":true}]}}