{"id":9137,"date":"2017-01-20T16:36:08","date_gmt":"2017-01-20T15:36:08","guid":{"rendered":"https:\/\/www.mobilimariani.com\/?p=9137"},"modified":"2019-04-09T12:44:40","modified_gmt":"2019-04-09T10:44:40","slug":"flou-olivier-2","status":"publish","type":"post","link":"https:\/\/www.mobilimariani.com\/fr\/flou-olivier\/","title":{"rendered":"FLOU OLIVIER"},"content":{"rendered":"<p>FLOU OLIVIER design E. Garbin &#8211; M. Dell&#8217;Orto<\/p>\n<p>Banc et pouf : structure en acier tubulaire bross\u00e9 et poli. Le si\u00e8ge l\u00e9g\u00e8rement rembourr\u00e9 peut \u00eatre recouvert en cuir tiss\u00e9, en tissu, en cuir ou en simili cuir .<\/p>\n<p>Banc 130 x 51 x 43 h cm.<\/p>\n<p>Pouf 51 x 51 x 43 h cm.<\/p>\n<p>Bureau : Structure en h\u00eatre massif poli avec une finition brunie. Plateau\u00a0de marbre disponibles dans les versions : poli Emperador, Coral beige brillant, Orobico vein\u00e9 gris poli. Acier recouvert de cuir, avec des espaces ouverts recouverts de cuir.<\/p>\n<p>150 x 68 x 83 h cm.<\/p>\n<p>Table et la console : structure en h\u00eatre massif avec une finition brunie. Plateau de marbre disponibles dans les versions : poli Emperador, Coral beige brillant, Orobico vein\u00e9 gris poli.<\/p>\n<p>Tableau 55 x 55 x 52 h cm.<\/p>\n<p>Console 150 x 55 x 74 h cm.<\/p>\n<p>Fauteuil : ch\u00e2ssis en acier, finition bross\u00e9e bruni, polyur\u00e9thane chaude. Rev\u00eatement d\u00e9houssable disponible en tissu, en cuir ou en simili cuir.<\/p>\n<p>75 x 71 x 78 h cm. dossier de la chaise\u00a043 cm de hauteur<\/p>\n<p>Pour d\u00e9couvrir la marque Flou, <a href=\"https:\/\/www.mobilimariani.com\/fr\/concessionnaire-flou\/\">cliquez ici<\/a><\/p>\n<p>Vous voulez conna\u00eetre notre meilleur prix pour cet article?\u00a0<a href=\"https:\/\/www.mobilimariani.com\/fr\/contacts\/\">Cliquez ici <\/a>et envoyez-nous la demande<\/p>\n<p><strong>Pour nos clients suisses, il sera d\u00e9duit l&#8217;I.V.A. italienne \u00e0 hauteur de 22%.<\/strong><\/p>\n","protected":false},"excerpt":{"rendered":"FLOU OLIVIER design E. Garbin &#8211; M. Dell&#8217;Orto Banc et pouf : structure en acier tubulaire bross\u00e9 et poli. Le si\u00e8ge l\u00e9g\u00e8rement rembourr\u00e9 peut \u00eatre recouvert en cuir tiss\u00e9, en tissu, en cuir ou en simili cuir . Banc 130 x 51 x 43 h cm. Pouf 51 x 51 x 43 h cm. Bureau&#8230; <a class=\"view-article\" href=\"https:\/\/www.mobilimariani.com\/fr\/flou-olivier\/\">Voir l&#8217;article<\/a>","protected":false},"author":1,"featured_media":5679,"comment_status":"closed","ping_status":"closed","sticky":false,"template":"","format":"standard","meta":[],"categories":[18,1,32,6,2],"tags":[2188,2148,2151,2162],"yoast_head":"<!-- This site is optimized with the Yoast SEO plugin v16.2 - https:\/\/yoast.com\/wordpress\/plugins\/seo\/ -->\n<meta name=\"description\" content=\"FLOU OLIVIER design E. Garbin - M. Dell&#039;Orto Banc et pouf : structure en acier tubulaire bross\u00e9 et poli. Le si\u00e8ge l\u00e9g\u00e8rement rembourr\u00e9 peut \u00eatre recouvert\" \/>\n<meta name=\"robots\" content=\"index, follow, max-snippet:-1, max-image-preview:large, max-video-preview:-1\" \/>\n<link rel=\"canonical\" href=\"https:\/\/www.mobilimariani.com\/fr\/flou-olivier\/\" \/>\n<meta property=\"og:locale\" content=\"fr_FR\" \/>\n<meta property=\"og:type\" content=\"article\" \/>\n<meta property=\"og:title\" content=\"FLOU OLIVIER | Mobili Mariani\" \/>\n<meta property=\"og:description\" content=\"FLOU OLIVIER design E. Garbin - M. Dell&#039;Orto Banc et pouf : structure en acier tubulaire bross\u00e9 et poli. Le si\u00e8ge l\u00e9g\u00e8rement rembourr\u00e9 peut \u00eatre recouvert\" \/>\n<meta property=\"og:url\" content=\"https:\/\/www.mobilimariani.com\/fr\/flou-olivier\/\" \/>\n<meta property=\"og:site_name\" content=\"Mobili Mariani\" \/>\n<meta property=\"article:published_time\" content=\"2017-01-20T15:36:08+00:00\" \/>\n<meta property=\"article:modified_time\" content=\"2019-04-09T10:44:40+00:00\" \/>\n<meta property=\"og:image\" content=\"https:\/\/www.mobilimariani.com\/wp-content\/uploads\/2015\/07\/19.jpg\" \/>\n\t<meta property=\"og:image:width\" content=\"566\" \/>\n\t<meta property=\"og:image:height\" content=\"700\" \/>\n<meta name=\"twitter:label1\" content=\"Est. reading time\">\n\t<meta name=\"twitter:data1\" content=\"1 minute\">\n<script type=\"application\/ld+json\" class=\"yoast-schema-graph\">{\"@context\":\"https:\/\/schema.org\",\"@graph\":[{\"@type\":\"Organization\",\"@id\":\"https:\/\/www.mobilimariani.com\/#organization\",\"name\":\"Mobili Mariani\",\"url\":\"https:\/\/www.mobilimariani.com\/\",\"sameAs\":[],\"logo\":{\"@type\":\"ImageObject\",\"@id\":\"https:\/\/www.mobilimariani.com\/#logo\",\"inLanguage\":\"fr-CH\",\"url\":\"https:\/\/www.mobilimariani.com\/wp-content\/uploads\/2015\/12\/logo.png\",\"contentUrl\":\"https:\/\/www.mobilimariani.com\/wp-content\/uploads\/2015\/12\/logo.png\",\"width\":160,\"height\":110,\"caption\":\"Mobili Mariani\"},\"image\":{\"@id\":\"https:\/\/www.mobilimariani.com\/#logo\"}},{\"@type\":\"WebSite\",\"@id\":\"https:\/\/www.mobilimariani.com\/#website\",\"url\":\"https:\/\/www.mobilimariani.com\/\",\"name\":\"Mobili Mariani\",\"description\":\"Mobili Italia Svizzera\",\"publisher\":{\"@id\":\"https:\/\/www.mobilimariani.com\/#organization\"},\"potentialAction\":[{\"@type\":\"SearchAction\",\"target\":\"https:\/\/www.mobilimariani.com\/?s={search_term_string}\",\"query-input\":\"required name=search_term_string\"}],\"inLanguage\":\"fr-CH\"},{\"@type\":\"ImageObject\",\"@id\":\"https:\/\/www.mobilimariani.com\/fr\/flou-olivier\/#primaryimage\",\"inLanguage\":\"fr-CH\",\"url\":\"https:\/\/www.mobilimariani.com\/wp-content\/uploads\/2015\/07\/19.jpg\",\"contentUrl\":\"https:\/\/www.mobilimariani.com\/wp-content\/uploads\/2015\/07\/19.jpg\",\"width\":566,\"height\":700,\"caption\":\"FLOU OLIVIER\"},{\"@type\":\"WebPage\",\"@id\":\"https:\/\/www.mobilimariani.com\/fr\/flou-olivier\/#webpage\",\"url\":\"https:\/\/www.mobilimariani.com\/fr\/flou-olivier\/\",\"name\":\"FLOU OLIVIER | Mobili Mariani\",\"isPartOf\":{\"@id\":\"https:\/\/www.mobilimariani.com\/#website\"},\"primaryImageOfPage\":{\"@id\":\"https:\/\/www.mobilimariani.com\/fr\/flou-olivier\/#primaryimage\"},\"datePublished\":\"2017-01-20T15:36:08+00:00\",\"dateModified\":\"2019-04-09T10:44:40+00:00\",\"description\":\"FLOU OLIVIER design E. Garbin - M. Dell'Orto Banc et pouf : structure en acier tubulaire bross\\u00e9 et poli. Le si\\u00e8ge l\\u00e9g\\u00e8rement rembourr\\u00e9 peut \\u00eatre recouvert\",\"breadcrumb\":{\"@id\":\"https:\/\/www.mobilimariani.com\/fr\/flou-olivier\/#breadcrumb\"},\"inLanguage\":\"fr-CH\",\"potentialAction\":[{\"@type\":\"ReadAction\",\"target\":[\"https:\/\/www.mobilimariani.com\/fr\/flou-olivier\/\"]}]},{\"@type\":\"BreadcrumbList\",\"@id\":\"https:\/\/www.mobilimariani.com\/fr\/flou-olivier\/#breadcrumb\",\"itemListElement\":[{\"@type\":\"ListItem\",\"position\":1,\"item\":{\"@type\":\"WebPage\",\"@id\":\"https:\/\/www.mobilimariani.com\/\",\"url\":\"https:\/\/www.mobilimariani.com\/\",\"name\":\"Home\"}},{\"@type\":\"ListItem\",\"position\":2,\"item\":{\"@id\":\"https:\/\/www.mobilimariani.com\/fr\/flou-olivier\/#webpage\"}}]},{\"@type\":\"Article\",\"@id\":\"https:\/\/www.mobilimariani.com\/fr\/flou-olivier\/#article\",\"isPartOf\":{\"@id\":\"https:\/\/www.mobilimariani.com\/fr\/flou-olivier\/#webpage\"},\"author\":{\"@id\":\"https:\/\/www.mobilimariani.com\/#\/schema\/person\/4685d9f51269134e53f988c9122315f4\"},\"headline\":\"FLOU OLIVIER\",\"datePublished\":\"2017-01-20T15:36:08+00:00\",\"dateModified\":\"2019-04-09T10:44:40+00:00\",\"mainEntityOfPage\":{\"@id\":\"https:\/\/www.mobilimariani.com\/fr\/flou-olivier\/#webpage\"},\"publisher\":{\"@id\":\"https:\/\/www.mobilimariani.com\/#organization\"},\"image\":{\"@id\":\"https:\/\/www.mobilimariani.com\/fr\/flou-olivier\/#primaryimage\"},\"keywords\":[\"bureau\",\"chambres lit design italien\",\"Italienne fauteuils lit design\",\"tables italiens basses design\"],\"articleSection\":[\"Autre\",\"Catalogue\",\"Fauteuils\",\"Salle jour\",\"Zone nuit\"],\"inLanguage\":\"fr-CH\"},{\"@type\":\"Person\",\"@id\":\"https:\/\/www.mobilimariani.com\/#\/schema\/person\/4685d9f51269134e53f988c9122315f4\",\"name\":\"14m4rC008\",\"image\":{\"@type\":\"ImageObject\",\"@id\":\"https:\/\/www.mobilimariani.com\/#personlogo\",\"inLanguage\":\"fr-CH\",\"url\":\"https:\/\/secure.gravatar.com\/avatar\/dfaa6e536fec7030712cf850e9ddef45?s=96&d=mm&r=g\",\"contentUrl\":\"https:\/\/secure.gravatar.com\/avatar\/dfaa6e536fec7030712cf850e9ddef45?s=96&d=mm&r=g\",\"caption\":\"14m4rC008\"}}]}<\/script>\n<!-- \/ Yoast SEO plugin. -->","_links":{"self":[{"href":"https:\/\/www.mobilimariani.com\/fr\/wp-json\/wp\/v2\/posts\/9137"}],"collection":[{"href":"https:\/\/www.mobilimariani.com\/fr\/wp-json\/wp\/v2\/posts"}],"about":[{"href":"https:\/\/www.mobilimariani.com\/fr\/wp-json\/wp\/v2\/types\/post"}],"author":[{"embeddable":true,"href":"https:\/\/www.mobilimariani.com\/fr\/wp-json\/wp\/v2\/users\/1"}],"replies":[{"embeddable":true,"href":"https:\/\/www.mobilimariani.com\/fr\/wp-json\/wp\/v2\/comments?post=9137"}],"version-history":[{"count":2,"href":"https:\/\/www.mobilimariani.com\/fr\/wp-json\/wp\/v2\/posts\/9137\/revisions"}],"predecessor-version":[{"id":9180,"href":"https:\/\/www.mobilimariani.com\/fr\/wp-json\/wp\/v2\/posts\/9137\/revisions\/9180"}],"wp:featuredmedia":[{"embeddable":true,"href":"https:\/\/www.mobilimariani.com\/fr\/wp-json\/wp\/v2\/media\/5679"}],"wp:attachment":[{"href":"https:\/\/www.mobilimariani.com\/fr\/wp-json\/wp\/v2\/media?parent=9137"}],"wp:term":[{"taxonomy":"category","embeddable":true,"href":"https:\/\/www.mobilimariani.com\/fr\/wp-json\/wp\/v2\/categories?post=9137"},{"taxonomy":"post_tag","embeddable":true,"href":"https:\/\/www.mobilimariani.com\/fr\/wp-json\/wp\/v2\/tags?post=9137"}],"curies":[{"name":"wp","href":"https:\/\/api.w.org\/{rel}","templated":true}]}}