{"id":9128,"date":"2017-01-20T20:15:09","date_gmt":"2017-01-20T19:15:09","guid":{"rendered":"https:\/\/www.mobilimariani.com\/?p=9128"},"modified":"2022-02-13T12:33:10","modified_gmt":"2022-02-13T11:33:10","slug":"flou-groupe-juta","status":"publish","type":"post","link":"https:\/\/www.mobilimariani.com\/fr\/flou-groupe-juta\/","title":{"rendered":"FLOU GROUPE JUTA"},"content":{"rendered":"<p>FLOU GROUPE\u00a0JUTA design Pinuccio Borgonovo.<\/p>\n<p>Une s\u00e9rie d&#8217;accessoires fabriqu\u00e9s \u00e0 partir de commodes, tables de chevet et armoire\u00a0avec une finition sp\u00e9ciale anti-rayures style, Epoque ou rivi\u00e8re .<\/p>\n<p>L&#8217;\u00e9l\u00e9gance de ces meubles l\u00e9g\u00e8rement &#8220;flush&#8221; avec l&#8217;ouverture et la fermeture en douceur des tiroirs, est encore am\u00e9lior\u00e9e dans la version avec poign\u00e9es solides visibles.<\/p>\n<p>Table de chevet avec poign\u00e9e lat\u00e9rale \u00a046 x 48 x 44 h cm.<\/p>\n<p>Chevet bord ras 49 x 46 x 44 h cm.<\/p>\n<p>Commode avec poign\u00e9e lat\u00e9rale 120 x 58 x 69 h cm.<\/p>\n<p>Chevet 123,5 x 56 x 69 h cm.<\/p>\n<p>Armoire\u00a0avec poign\u00e9e lat\u00e9rale 67 x 48 x 122 h cm.<\/p>\n<p>Armoire\u00a0 67 x 46 x 122 h cm.<\/p>\n<p>Pour d\u00e9couvrir la marque Flou, <a href=\"https:\/\/www.mobilimariani.com\/fr\/concessionnaire-flou\/\">cliquez ici<\/a><\/p>\n<p>Vous voulez conna\u00eetre notre meilleur prix pour cet article?\u00a0<a href=\"https:\/\/www.mobilimariani.com\/fr\/contacts\/\">Cliquez ici <\/a>et envoyez-nous la demande<\/p>\n<p><strong>Pour nos clients suisses, il sera d\u00e9duit l&#8217;I.V.A. italienne \u00e0 hauteur de 22%.<\/strong><\/p>\n","protected":false},"excerpt":{"rendered":"FLOU GROUPE\u00a0JUTA design Pinuccio Borgonovo. Une s\u00e9rie d&#8217;accessoires fabriqu\u00e9s \u00e0 partir de commodes, tables de chevet et armoire\u00a0avec une finition sp\u00e9ciale anti-rayures style, Epoque ou rivi\u00e8re . L&#8217;\u00e9l\u00e9gance de ces meubles l\u00e9g\u00e8rement &#8220;flush&#8221; avec l&#8217;ouverture et la fermeture en douceur des tiroirs, est encore am\u00e9lior\u00e9e dans la version avec poign\u00e9es solides visibles. Table de chevet&#8230; <a class=\"view-article\" href=\"https:\/\/www.mobilimariani.com\/fr\/flou-groupe-juta\/\">Voir l&#8217;article<\/a>","protected":false},"author":1,"featured_media":5705,"comment_status":"closed","ping_status":"closed","sticky":false,"template":"","format":"standard","meta":[],"categories":[18,36,1,39,2],"tags":[2176,2148,948,2168,2195],"yoast_head":"<!-- This site is optimized with the Yoast SEO plugin v16.2 - https:\/\/yoast.com\/wordpress\/plugins\/seo\/ -->\n<meta name=\"description\" content=\"FLOU GROUPE\u00a0JUTA design Pinuccio Borgonovo. Une s\u00e9rie d&#039;accessoires fabriqu\u00e9s \u00e0 partir de commodes, tables de chevet et armoire\u00a0avec une finition sp\u00e9ciale\" \/>\n<meta name=\"robots\" content=\"index, follow, max-snippet:-1, max-image-preview:large, max-video-preview:-1\" \/>\n<link rel=\"canonical\" href=\"https:\/\/www.mobilimariani.com\/fr\/flou-groupe-juta\/\" \/>\n<meta property=\"og:locale\" content=\"fr_FR\" \/>\n<meta property=\"og:type\" content=\"article\" \/>\n<meta property=\"og:title\" content=\"FLOU GROUPE JUTA | Mobili Mariani\" \/>\n<meta property=\"og:description\" content=\"FLOU GROUPE\u00a0JUTA design Pinuccio Borgonovo. Une s\u00e9rie d&#039;accessoires fabriqu\u00e9s \u00e0 partir de commodes, tables de chevet et armoire\u00a0avec une finition sp\u00e9ciale\" \/>\n<meta property=\"og:url\" content=\"https:\/\/www.mobilimariani.com\/fr\/flou-groupe-juta\/\" \/>\n<meta property=\"og:site_name\" content=\"Mobili Mariani\" \/>\n<meta property=\"article:published_time\" content=\"2017-01-20T19:15:09+00:00\" \/>\n<meta property=\"article:modified_time\" content=\"2022-02-13T11:33:10+00:00\" \/>\n<meta property=\"og:image\" content=\"https:\/\/www.mobilimariani.com\/wp-content\/uploads\/2015\/07\/113.jpg\" \/>\n\t<meta property=\"og:image:width\" content=\"310\" \/>\n\t<meta property=\"og:image:height\" content=\"732\" \/>\n<meta name=\"twitter:label1\" content=\"Est. reading time\">\n\t<meta name=\"twitter:data1\" content=\"1 minute\">\n<script type=\"application\/ld+json\" class=\"yoast-schema-graph\">{\"@context\":\"https:\/\/schema.org\",\"@graph\":[{\"@type\":\"Organization\",\"@id\":\"https:\/\/www.mobilimariani.com\/#organization\",\"name\":\"Mobili Mariani\",\"url\":\"https:\/\/www.mobilimariani.com\/\",\"sameAs\":[],\"logo\":{\"@type\":\"ImageObject\",\"@id\":\"https:\/\/www.mobilimariani.com\/#logo\",\"inLanguage\":\"fr-CH\",\"url\":\"https:\/\/www.mobilimariani.com\/wp-content\/uploads\/2015\/12\/logo.png\",\"contentUrl\":\"https:\/\/www.mobilimariani.com\/wp-content\/uploads\/2015\/12\/logo.png\",\"width\":160,\"height\":110,\"caption\":\"Mobili Mariani\"},\"image\":{\"@id\":\"https:\/\/www.mobilimariani.com\/#logo\"}},{\"@type\":\"WebSite\",\"@id\":\"https:\/\/www.mobilimariani.com\/#website\",\"url\":\"https:\/\/www.mobilimariani.com\/\",\"name\":\"Mobili Mariani\",\"description\":\"Mobili Italia Svizzera\",\"publisher\":{\"@id\":\"https:\/\/www.mobilimariani.com\/#organization\"},\"potentialAction\":[{\"@type\":\"SearchAction\",\"target\":\"https:\/\/www.mobilimariani.com\/?s={search_term_string}\",\"query-input\":\"required name=search_term_string\"}],\"inLanguage\":\"fr-CH\"},{\"@type\":\"ImageObject\",\"@id\":\"https:\/\/www.mobilimariani.com\/fr\/flou-groupe-juta\/#primaryimage\",\"inLanguage\":\"fr-CH\",\"url\":\"https:\/\/www.mobilimariani.com\/wp-content\/uploads\/2015\/07\/113.jpg\",\"contentUrl\":\"https:\/\/www.mobilimariani.com\/wp-content\/uploads\/2015\/07\/113.jpg\",\"width\":310,\"height\":732,\"caption\":\"FLOU GRUPPO JUTA\"},{\"@type\":\"WebPage\",\"@id\":\"https:\/\/www.mobilimariani.com\/fr\/flou-groupe-juta\/#webpage\",\"url\":\"https:\/\/www.mobilimariani.com\/fr\/flou-groupe-juta\/\",\"name\":\"FLOU GROUPE JUTA | Mobili Mariani\",\"isPartOf\":{\"@id\":\"https:\/\/www.mobilimariani.com\/#website\"},\"primaryImageOfPage\":{\"@id\":\"https:\/\/www.mobilimariani.com\/fr\/flou-groupe-juta\/#primaryimage\"},\"datePublished\":\"2017-01-20T19:15:09+00:00\",\"dateModified\":\"2022-02-13T11:33:10+00:00\",\"description\":\"FLOU GROUPE\\u00a0JUTA design Pinuccio Borgonovo. Une s\\u00e9rie d'accessoires fabriqu\\u00e9s \\u00e0 partir de commodes, tables de chevet et armoire\\u00a0avec une finition sp\\u00e9ciale\",\"breadcrumb\":{\"@id\":\"https:\/\/www.mobilimariani.com\/fr\/flou-groupe-juta\/#breadcrumb\"},\"inLanguage\":\"fr-CH\",\"potentialAction\":[{\"@type\":\"ReadAction\",\"target\":[\"https:\/\/www.mobilimariani.com\/fr\/flou-groupe-juta\/\"]}]},{\"@type\":\"BreadcrumbList\",\"@id\":\"https:\/\/www.mobilimariani.com\/fr\/flou-groupe-juta\/#breadcrumb\",\"itemListElement\":[{\"@type\":\"ListItem\",\"position\":1,\"item\":{\"@type\":\"WebPage\",\"@id\":\"https:\/\/www.mobilimariani.com\/\",\"url\":\"https:\/\/www.mobilimariani.com\/\",\"name\":\"Home\"}},{\"@type\":\"ListItem\",\"position\":2,\"item\":{\"@id\":\"https:\/\/www.mobilimariani.com\/fr\/flou-groupe-juta\/#webpage\"}}]},{\"@type\":\"Article\",\"@id\":\"https:\/\/www.mobilimariani.com\/fr\/flou-groupe-juta\/#article\",\"isPartOf\":{\"@id\":\"https:\/\/www.mobilimariani.com\/fr\/flou-groupe-juta\/#webpage\"},\"author\":{\"@id\":\"https:\/\/www.mobilimariani.com\/#\/schema\/person\/4685d9f51269134e53f988c9122315f4\"},\"headline\":\"FLOU GROUPE JUTA\",\"datePublished\":\"2017-01-20T19:15:09+00:00\",\"dateModified\":\"2022-02-13T11:33:10+00:00\",\"mainEntityOfPage\":{\"@id\":\"https:\/\/www.mobilimariani.com\/fr\/flou-groupe-juta\/#webpage\"},\"publisher\":{\"@id\":\"https:\/\/www.mobilimariani.com\/#organization\"},\"image\":{\"@id\":\"https:\/\/www.mobilimariani.com\/fr\/flou-groupe-juta\/#primaryimage\"},\"keywords\":[\"chambre pour les gar\\u00e7ons\",\"chambres lit design italien\",\"com\\u00f2 design\",\"conception chevet\",\"mariani casual\"],\"articleSection\":[\"Autre\",\"Chambres d&rsquo;enfants\",\"Catalogue\",\"Mariani casual\",\"Zone nuit\"],\"inLanguage\":\"fr-CH\"},{\"@type\":\"Person\",\"@id\":\"https:\/\/www.mobilimariani.com\/#\/schema\/person\/4685d9f51269134e53f988c9122315f4\",\"name\":\"14m4rC008\",\"image\":{\"@type\":\"ImageObject\",\"@id\":\"https:\/\/www.mobilimariani.com\/#personlogo\",\"inLanguage\":\"fr-CH\",\"url\":\"https:\/\/secure.gravatar.com\/avatar\/dfaa6e536fec7030712cf850e9ddef45?s=96&d=mm&r=g\",\"contentUrl\":\"https:\/\/secure.gravatar.com\/avatar\/dfaa6e536fec7030712cf850e9ddef45?s=96&d=mm&r=g\",\"caption\":\"14m4rC008\"}}]}<\/script>\n<!-- \/ Yoast SEO plugin. -->","_links":{"self":[{"href":"https:\/\/www.mobilimariani.com\/fr\/wp-json\/wp\/v2\/posts\/9128"}],"collection":[{"href":"https:\/\/www.mobilimariani.com\/fr\/wp-json\/wp\/v2\/posts"}],"about":[{"href":"https:\/\/www.mobilimariani.com\/fr\/wp-json\/wp\/v2\/types\/post"}],"author":[{"embeddable":true,"href":"https:\/\/www.mobilimariani.com\/fr\/wp-json\/wp\/v2\/users\/1"}],"replies":[{"embeddable":true,"href":"https:\/\/www.mobilimariani.com\/fr\/wp-json\/wp\/v2\/comments?post=9128"}],"version-history":[{"count":3,"href":"https:\/\/www.mobilimariani.com\/fr\/wp-json\/wp\/v2\/posts\/9128\/revisions"}],"predecessor-version":[{"id":18567,"href":"https:\/\/www.mobilimariani.com\/fr\/wp-json\/wp\/v2\/posts\/9128\/revisions\/18567"}],"wp:featuredmedia":[{"embeddable":true,"href":"https:\/\/www.mobilimariani.com\/fr\/wp-json\/wp\/v2\/media\/5705"}],"wp:attachment":[{"href":"https:\/\/www.mobilimariani.com\/fr\/wp-json\/wp\/v2\/media?parent=9128"}],"wp:term":[{"taxonomy":"category","embeddable":true,"href":"https:\/\/www.mobilimariani.com\/fr\/wp-json\/wp\/v2\/categories?post=9128"},{"taxonomy":"post_tag","embeddable":true,"href":"https:\/\/www.mobilimariani.com\/fr\/wp-json\/wp\/v2\/tags?post=9128"}],"curies":[{"name":"wp","href":"https:\/\/api.w.org\/{rel}","templated":true}]}}