{"id":9113,"date":"2017-01-20T19:38:00","date_gmt":"2017-01-20T18:38:00","guid":{"rendered":"https:\/\/www.mobilimariani.com\/?p=9113"},"modified":"2018-08-27T12:12:19","modified_gmt":"2018-08-27T10:12:19","slug":"flou-gentleman-groupe-nuit","status":"publish","type":"post","link":"https:\/\/www.mobilimariani.com\/fr\/flou-gentleman-groupe-nuit\/","title":{"rendered":"FLOU GENTLEMAN GROUPE NUIT"},"content":{"rendered":"<p>FLOU GENTLEMAN GROUPE NUIT\u00a0design Carlo Colombo<\/p>\n<p>Le chevet\u00a0\u00e0\u00a0trois tiroirs, tables de\u00a0nuit\u00a0et commode\u00a0\u00e0 six tiroirs, dans l&#8217;\u00e9l\u00e9gance des lignes, dans la pr\u00e9ciosit\u00e9 des mat\u00e9riaux et la pr\u00e9cision du traitement s&#8217;exprime pleinement les valeurs du\u00a0vrai &#8220;Made in Italy&#8221;.\u00a0Structure en contreplaqu\u00e9 incurv\u00e9 recouvert ext\u00e9rieurement en cuir, finition en \u00e9b\u00e8ne mat interne. coordonn\u00e9 avec du\u00a0cuir de p\u00e9rim\u00e8tre (m\u00eame couleur\u00a0que\u00a0la structure ou couleur de contraste).\u00a0Haut et bas en \u00e9b\u00e8ne. Avant et poign\u00e9es en cuir.<\/p>\n<p>D\u00e9tails :<\/p>\n<p>La table de nuit\u00a0avec un tiroir est disponible en deux largeurs : 58 x 52 x 49 h en cm ou 90 x 52 x 49 h en cm. Structure en h\u00eatre courb\u00e9 contreplaqu\u00e9, recouvert ext\u00e9rieurement par du cuir, l&#8217;int\u00e9rieur est fini en Ebony mat. Bord en cuir p\u00e9rim\u00e8tre (m\u00eame couleur de la structure ou de couleur contraste).\u00a0Haut et bas en \u00e9b\u00e8ne. Tiroir avec int\u00e9rieur en bouleau contreplaqu\u00e9 teint\u00e9 en \u00a0noir. Avant et poign\u00e9es en cuir.<\/p>\n<p>Commode 123 x 57 x 74 h en cm. Structure en h\u00eatre courb\u00e9 contreplaqu\u00e9, recouvert ext\u00e9rieurement par du cuir, l&#8217;int\u00e9rieur est fini en Ebony mat.\u00a0Bord en cuir p\u00e9rim\u00e8tre (m\u00eame couleur de la structure ou de couleur contraste).\u00a0Haut et bas en \u00e9b\u00e8ne. Tiroir avec int\u00e9rieur en bouleau contreplaqu\u00e9 teint\u00e9 en \u00a0noir. Avant et poign\u00e9es en cuir.<\/p>\n<p>Cm hebdomadaire . 59 x 57 x 119 h\u00a0en cm. Structure en h\u00eatre courb\u00e9 contreplaqu\u00e9, recouvert ext\u00e9rieurement par du cuir, l&#8217;int\u00e9rieur est fini en Ebony mat.\u00a0Bord en cuir p\u00e9rim\u00e8tre (m\u00eame couleur de la structure ou de couleur contraste).\u00a0Haut et bas en \u00e9b\u00e8ne. Tiroir avec int\u00e9rieur en bouleau contreplaqu\u00e9 teint\u00e9 en \u00a0noir. Avant et poign\u00e9es en cuir.<\/p>\n<p>Pour d\u00e9couvrir la marque Flou, <a href=\"https:\/\/www.mobilimariani.com\/fr\/concessionnaire-flou\/\">cliquez ici<\/a><\/p>\n<p>Vous voulez conna\u00eetre notre meilleur prix pour cet article?\u00a0<a href=\"https:\/\/www.mobilimariani.com\/fr\/contacts\/\">Cliquez ici<\/a> et envoyez-nous la demande<\/p>\n<p><strong>Pour nos clients suisses, il sera d\u00e9duit l&#8217;I.V.A. italienne \u00e0 hauteur de 22%.<\/strong><\/p>\n","protected":false},"excerpt":{"rendered":"FLOU GENTLEMAN GROUPE NUIT\u00a0design Carlo Colombo Le chevet\u00a0\u00e0\u00a0trois tiroirs, tables de\u00a0nuit\u00a0et commode\u00a0\u00e0 six tiroirs, dans l&#8217;\u00e9l\u00e9gance des lignes, dans la pr\u00e9ciosit\u00e9 des mat\u00e9riaux et la pr\u00e9cision du traitement s&#8217;exprime pleinement les valeurs du\u00a0vrai &#8220;Made in Italy&#8221;.\u00a0Structure en contreplaqu\u00e9 incurv\u00e9 recouvert ext\u00e9rieurement en cuir, finition en \u00e9b\u00e8ne mat interne. coordonn\u00e9 avec du\u00a0cuir de p\u00e9rim\u00e8tre (m\u00eame couleur\u00a0que\u00a0la&#8230; <a class=\"view-article\" href=\"https:\/\/www.mobilimariani.com\/fr\/flou-gentleman-groupe-nuit\/\">Voir l&#8217;article<\/a>","protected":false},"author":1,"featured_media":5732,"comment_status":"closed","ping_status":"closed","sticky":false,"template":"","format":"standard","meta":[],"categories":[18,1,5,2],"tags":[2148,948,2168],"yoast_head":"<!-- This site is optimized with the Yoast SEO plugin v16.2 - https:\/\/yoast.com\/wordpress\/plugins\/seo\/ -->\n<meta name=\"description\" content=\"FLOU GENTLEMAN GROUPE NUIT\u00a0design Carlo Colombo Le chevet\u00a0\u00e0\u00a0trois tiroirs, tables de\u00a0nuit\u00a0et commode\u00a0\u00e0 six tiroirs, dans l&#039;\u00e9l\u00e9gance des lignes, dans la\" \/>\n<meta name=\"robots\" content=\"index, follow, max-snippet:-1, max-image-preview:large, max-video-preview:-1\" \/>\n<link rel=\"canonical\" href=\"https:\/\/www.mobilimariani.com\/fr\/flou-gentleman-groupe-nuit\/\" \/>\n<meta property=\"og:locale\" content=\"fr_FR\" \/>\n<meta property=\"og:type\" content=\"article\" \/>\n<meta property=\"og:title\" content=\"FLOU GENTLEMAN GROUPE NUIT | Mobili Mariani\" \/>\n<meta property=\"og:description\" content=\"FLOU GENTLEMAN GROUPE NUIT\u00a0design Carlo Colombo Le chevet\u00a0\u00e0\u00a0trois tiroirs, tables de\u00a0nuit\u00a0et commode\u00a0\u00e0 six tiroirs, dans l&#039;\u00e9l\u00e9gance des lignes, dans la\" \/>\n<meta property=\"og:url\" content=\"https:\/\/www.mobilimariani.com\/fr\/flou-gentleman-groupe-nuit\/\" \/>\n<meta property=\"og:site_name\" content=\"Mobili Mariani\" \/>\n<meta property=\"article:published_time\" content=\"2017-01-20T18:38:00+00:00\" \/>\n<meta property=\"article:modified_time\" content=\"2018-08-27T10:12:19+00:00\" \/>\n<meta property=\"og:image\" content=\"https:\/\/www.mobilimariani.com\/wp-content\/uploads\/2015\/07\/115.jpg\" \/>\n\t<meta property=\"og:image:width\" content=\"481\" \/>\n\t<meta property=\"og:image:height\" content=\"414\" \/>\n<meta name=\"twitter:label1\" content=\"Est. reading time\">\n\t<meta name=\"twitter:data1\" content=\"2 minutes\">\n<script type=\"application\/ld+json\" class=\"yoast-schema-graph\">{\"@context\":\"https:\/\/schema.org\",\"@graph\":[{\"@type\":\"Organization\",\"@id\":\"https:\/\/www.mobilimariani.com\/#organization\",\"name\":\"Mobili Mariani\",\"url\":\"https:\/\/www.mobilimariani.com\/\",\"sameAs\":[],\"logo\":{\"@type\":\"ImageObject\",\"@id\":\"https:\/\/www.mobilimariani.com\/#logo\",\"inLanguage\":\"fr-CH\",\"url\":\"https:\/\/www.mobilimariani.com\/wp-content\/uploads\/2015\/12\/logo.png\",\"contentUrl\":\"https:\/\/www.mobilimariani.com\/wp-content\/uploads\/2015\/12\/logo.png\",\"width\":160,\"height\":110,\"caption\":\"Mobili Mariani\"},\"image\":{\"@id\":\"https:\/\/www.mobilimariani.com\/#logo\"}},{\"@type\":\"WebSite\",\"@id\":\"https:\/\/www.mobilimariani.com\/#website\",\"url\":\"https:\/\/www.mobilimariani.com\/\",\"name\":\"Mobili Mariani\",\"description\":\"Mobili Italia Svizzera\",\"publisher\":{\"@id\":\"https:\/\/www.mobilimariani.com\/#organization\"},\"potentialAction\":[{\"@type\":\"SearchAction\",\"target\":\"https:\/\/www.mobilimariani.com\/?s={search_term_string}\",\"query-input\":\"required name=search_term_string\"}],\"inLanguage\":\"fr-CH\"},{\"@type\":\"ImageObject\",\"@id\":\"https:\/\/www.mobilimariani.com\/fr\/flou-gentleman-groupe-nuit\/#primaryimage\",\"inLanguage\":\"fr-CH\",\"url\":\"https:\/\/www.mobilimariani.com\/wp-content\/uploads\/2015\/07\/115.jpg\",\"contentUrl\":\"https:\/\/www.mobilimariani.com\/wp-content\/uploads\/2015\/07\/115.jpg\",\"width\":481,\"height\":414,\"caption\":\"FLOU GENTLMAN GRUPPO NOTTE\"},{\"@type\":\"WebPage\",\"@id\":\"https:\/\/www.mobilimariani.com\/fr\/flou-gentleman-groupe-nuit\/#webpage\",\"url\":\"https:\/\/www.mobilimariani.com\/fr\/flou-gentleman-groupe-nuit\/\",\"name\":\"FLOU GENTLEMAN GROUPE NUIT | Mobili Mariani\",\"isPartOf\":{\"@id\":\"https:\/\/www.mobilimariani.com\/#website\"},\"primaryImageOfPage\":{\"@id\":\"https:\/\/www.mobilimariani.com\/fr\/flou-gentleman-groupe-nuit\/#primaryimage\"},\"datePublished\":\"2017-01-20T18:38:00+00:00\",\"dateModified\":\"2018-08-27T10:12:19+00:00\",\"description\":\"FLOU GENTLEMAN GROUPE NUIT\\u00a0design Carlo Colombo Le chevet\\u00a0\\u00e0\\u00a0trois tiroirs, tables de\\u00a0nuit\\u00a0et commode\\u00a0\\u00e0 six tiroirs, dans l'\\u00e9l\\u00e9gance des lignes, dans la\",\"breadcrumb\":{\"@id\":\"https:\/\/www.mobilimariani.com\/fr\/flou-gentleman-groupe-nuit\/#breadcrumb\"},\"inLanguage\":\"fr-CH\",\"potentialAction\":[{\"@type\":\"ReadAction\",\"target\":[\"https:\/\/www.mobilimariani.com\/fr\/flou-gentleman-groupe-nuit\/\"]}]},{\"@type\":\"BreadcrumbList\",\"@id\":\"https:\/\/www.mobilimariani.com\/fr\/flou-gentleman-groupe-nuit\/#breadcrumb\",\"itemListElement\":[{\"@type\":\"ListItem\",\"position\":1,\"item\":{\"@type\":\"WebPage\",\"@id\":\"https:\/\/www.mobilimariani.com\/\",\"url\":\"https:\/\/www.mobilimariani.com\/\",\"name\":\"Home\"}},{\"@type\":\"ListItem\",\"position\":2,\"item\":{\"@id\":\"https:\/\/www.mobilimariani.com\/fr\/flou-gentleman-groupe-nuit\/#webpage\"}}]},{\"@type\":\"Article\",\"@id\":\"https:\/\/www.mobilimariani.com\/fr\/flou-gentleman-groupe-nuit\/#article\",\"isPartOf\":{\"@id\":\"https:\/\/www.mobilimariani.com\/fr\/flou-gentleman-groupe-nuit\/#webpage\"},\"author\":{\"@id\":\"https:\/\/www.mobilimariani.com\/#\/schema\/person\/4685d9f51269134e53f988c9122315f4\"},\"headline\":\"FLOU GENTLEMAN GROUPE NUIT\",\"datePublished\":\"2017-01-20T18:38:00+00:00\",\"dateModified\":\"2018-08-27T10:12:19+00:00\",\"mainEntityOfPage\":{\"@id\":\"https:\/\/www.mobilimariani.com\/fr\/flou-gentleman-groupe-nuit\/#webpage\"},\"publisher\":{\"@id\":\"https:\/\/www.mobilimariani.com\/#organization\"},\"image\":{\"@id\":\"https:\/\/www.mobilimariani.com\/fr\/flou-gentleman-groupe-nuit\/#primaryimage\"},\"keywords\":[\"chambres lit design italien\",\"com\\u00f2 design\",\"conception chevet\"],\"articleSection\":[\"Autre\",\"Catalogue\",\"Lits\",\"Zone nuit\"],\"inLanguage\":\"fr-CH\"},{\"@type\":\"Person\",\"@id\":\"https:\/\/www.mobilimariani.com\/#\/schema\/person\/4685d9f51269134e53f988c9122315f4\",\"name\":\"14m4rC008\",\"image\":{\"@type\":\"ImageObject\",\"@id\":\"https:\/\/www.mobilimariani.com\/#personlogo\",\"inLanguage\":\"fr-CH\",\"url\":\"https:\/\/secure.gravatar.com\/avatar\/dfaa6e536fec7030712cf850e9ddef45?s=96&d=mm&r=g\",\"contentUrl\":\"https:\/\/secure.gravatar.com\/avatar\/dfaa6e536fec7030712cf850e9ddef45?s=96&d=mm&r=g\",\"caption\":\"14m4rC008\"}}]}<\/script>\n<!-- \/ Yoast SEO plugin. -->","_links":{"self":[{"href":"https:\/\/www.mobilimariani.com\/fr\/wp-json\/wp\/v2\/posts\/9113"}],"collection":[{"href":"https:\/\/www.mobilimariani.com\/fr\/wp-json\/wp\/v2\/posts"}],"about":[{"href":"https:\/\/www.mobilimariani.com\/fr\/wp-json\/wp\/v2\/types\/post"}],"author":[{"embeddable":true,"href":"https:\/\/www.mobilimariani.com\/fr\/wp-json\/wp\/v2\/users\/1"}],"replies":[{"embeddable":true,"href":"https:\/\/www.mobilimariani.com\/fr\/wp-json\/wp\/v2\/comments?post=9113"}],"version-history":[{"count":4,"href":"https:\/\/www.mobilimariani.com\/fr\/wp-json\/wp\/v2\/posts\/9113\/revisions"}],"predecessor-version":[{"id":15826,"href":"https:\/\/www.mobilimariani.com\/fr\/wp-json\/wp\/v2\/posts\/9113\/revisions\/15826"}],"wp:featuredmedia":[{"embeddable":true,"href":"https:\/\/www.mobilimariani.com\/fr\/wp-json\/wp\/v2\/media\/5732"}],"wp:attachment":[{"href":"https:\/\/www.mobilimariani.com\/fr\/wp-json\/wp\/v2\/media?parent=9113"}],"wp:term":[{"taxonomy":"category","embeddable":true,"href":"https:\/\/www.mobilimariani.com\/fr\/wp-json\/wp\/v2\/categories?post=9113"},{"taxonomy":"post_tag","embeddable":true,"href":"https:\/\/www.mobilimariani.com\/fr\/wp-json\/wp\/v2\/tags?post=9113"}],"curies":[{"name":"wp","href":"https:\/\/api.w.org\/{rel}","templated":true}]}}