{"id":9108,"date":"2017-01-20T18:30:28","date_gmt":"2017-01-20T17:30:28","guid":{"rendered":"https:\/\/www.mobilimariani.com\/?p=9108"},"modified":"2020-12-12T16:52:37","modified_gmt":"2020-12-12T15:52:37","slug":"flou-condotti-2","status":"publish","type":"post","link":"https:\/\/www.mobilimariani.com\/fr\/flou-condotti\/","title":{"rendered":"FLOU CONDOTTI"},"content":{"rendered":"<p>FLOU CONDOTTI design E. Garbin &#8211; M. Dell&#8217;Orto.<\/p>\n<p>MEUBLES EN FIN DE PRODUCTION.<\/p>\n<p>S\u00e9rie de conteneurs avec structure en lamell\u00e9 enti\u00e8rement recouvert de cuir avec des motifs en relief.\u00a0Les profils d&#8217;aluminium et les articulations sont\u00a0recouverts de cuir.\u00a0Prestigieux par le syst\u00e8me particulier de construction et de fabrication ainsi que par la\u00a0connotation formelle stricte, il s&#8217;int\u00e8gre parfaitement dans tout type d&#8217;environnement.<\/p>\n<p>Baule bureau. La structure de lattes enti\u00e8rement recouvert de cuir avec un design en bas-relief.\u00a0Les profils d&#8217;aluminium et les articulations\u00a0sont\u00a0recouverts de cuir. Les murs int\u00e9rieurs de miroirs.\u00a0\u00c9tag\u00e8res internes: certains en acier, d&#8217;autres en cuir et les autres en contre-plaquer de palissandre\u00a0en santos.\u00a0Bureau sup\u00e9rieure amovible de palissandre Santos, 3 LED (lumi\u00e8res avec d\u00e9tecteur de mouvement). Poign\u00e9es en cuir avec structure en chrome.<\/p>\n<p>Chevet rond \u00e0\u00a0deux ou trois tiroirs d&#8217;ouverture avec une\u00a0finition en\u00a0bouleau et une fermeture en douceur.\u00a0La structure en MDF recouvert de cuir. Poign\u00e9es finition poli bross\u00e9.<\/p>\n<p>Miroir carr\u00e9 mural en cristal grav\u00e9 en argent \u00e0 45 \u00b0, cadre en aluminium.<\/p>\n<p>Articles de toilette compos\u00e9 de: modules lat\u00e9raux recouverts de cuir, de profil\u00e9s en aluminium et joints recouvert de cuir ; la partie du milieu avec une \u00e9tag\u00e8re \u00e0 livres\u00a0en\u00a0palissandre de Santos MDF plaqu\u00e9, et avec un miroir.\u00a0L&#8217;\u00e9tag\u00e8re \u00e0 livres est reli\u00e9e \u00e0 la partie centrale par l&#8217;interm\u00e9diaire d&#8217;un m\u00e9canisme en aluminium qui permet de faciliter \u00a0la rotation et la mont\u00e9e ainsi que\u00a0le ralentissement de la fermeture.\u00a0Le traitement sp\u00e9cial de la facette appel\u00e9e &#8220;pliage&#8221; permet d&#8217;avoir une dalle unique sur la face sup\u00e9rieure et sur \u200b\u200bla poign\u00e9e, sans interruption.\u00a0Plateau amovible et slide d&#8217;acier rev\u00eatu en cuir (m\u00eame couleur que les modules lat\u00e9raux).\u00a0Former \u00e0 la porte de droite avec la structure interne de tablettes noires et 2 couvercles\u00a0en cuir (m\u00eame couleur que les modules lat\u00e9raux).\u00a0Dans la porte sont ins\u00e9r\u00e9s deux petits plateaux en acier poli. Le c\u00f4t\u00e9 gauche est compos\u00e9 de 3 tiroirs d&#8217;ouverture avec finition int\u00e9rieure en mat fermeture noir et doux. Poign\u00e9es en cuir avec structure en chrome.<\/p>\n<p>Pour d\u00e9couvrir la marque Flou, <a href=\"https:\/\/www.mobilimariani.com\/fr\/concessionnaire-flou\/\">cliquez ici<\/a><\/p>\n<p>Vous voulez conna\u00eetre notre meilleur prix pour cet article?\u00a0<a href=\"https:\/\/www.mobilimariani.com\/fr\/contacts\/\">Cliquez ici<\/a> et envoyez-nous la demande<\/p>\n<p><strong>Pour nos clients suisses, il sera d\u00e9duit l&#8217;I.V.A. italienne \u00e0 hauteur de 22%.<\/strong><\/p>\n<p><strong>\u00a0<\/strong><\/p>\n","protected":false},"excerpt":{"rendered":"FLOU CONDOTTI design E. Garbin &#8211; M. Dell&#8217;Orto. MEUBLES EN FIN DE PRODUCTION. S\u00e9rie de conteneurs avec structure en lamell\u00e9 enti\u00e8rement recouvert de cuir avec des motifs en relief.\u00a0Les profils d&#8217;aluminium et les articulations sont\u00a0recouverts de cuir.\u00a0Prestigieux par le syst\u00e8me particulier de construction et de fabrication ainsi que par la\u00a0connotation formelle stricte, il s&#8217;int\u00e8gre parfaitement&#8230; <a class=\"view-article\" href=\"https:\/\/www.mobilimariani.com\/fr\/flou-condotti\/\">Voir l&#8217;article<\/a>","protected":false},"author":1,"featured_media":5774,"comment_status":"closed","ping_status":"closed","sticky":false,"template":"","format":"standard","meta":[],"categories":[18,1,2],"tags":[2188,2148],"yoast_head":"<!-- This site is optimized with the Yoast SEO plugin v16.2 - https:\/\/yoast.com\/wordpress\/plugins\/seo\/ -->\n<meta name=\"description\" content=\"FLOU CONDOTTI design E. Garbin - M. Dell&#039;Orto. MEUBLES EN FIN DE PRODUCTION. S\u00e9rie de conteneurs avec structure en lamell\u00e9 enti\u00e8rement recouvert de cuir\" \/>\n<meta name=\"robots\" content=\"index, follow, max-snippet:-1, max-image-preview:large, max-video-preview:-1\" \/>\n<link rel=\"canonical\" href=\"https:\/\/www.mobilimariani.com\/fr\/flou-condotti\/\" \/>\n<meta property=\"og:locale\" content=\"fr_FR\" \/>\n<meta property=\"og:type\" content=\"article\" \/>\n<meta property=\"og:title\" content=\"FLOU CONDOTTI | Mobili Mariani\" \/>\n<meta property=\"og:description\" content=\"FLOU CONDOTTI design E. Garbin - M. Dell&#039;Orto. MEUBLES EN FIN DE PRODUCTION. S\u00e9rie de conteneurs avec structure en lamell\u00e9 enti\u00e8rement recouvert de cuir\" \/>\n<meta property=\"og:url\" content=\"https:\/\/www.mobilimariani.com\/fr\/flou-condotti\/\" \/>\n<meta property=\"og:site_name\" content=\"Mobili Mariani\" \/>\n<meta property=\"article:published_time\" content=\"2017-01-20T17:30:28+00:00\" \/>\n<meta property=\"article:modified_time\" content=\"2020-12-12T15:52:37+00:00\" \/>\n<meta property=\"og:image\" content=\"https:\/\/www.mobilimariani.com\/wp-content\/uploads\/2015\/07\/118.jpg\" \/>\n\t<meta property=\"og:image:width\" content=\"363\" \/>\n\t<meta property=\"og:image:height\" content=\"391\" \/>\n<meta name=\"twitter:label1\" content=\"Est. reading time\">\n\t<meta name=\"twitter:data1\" content=\"2 minutes\">\n<script type=\"application\/ld+json\" class=\"yoast-schema-graph\">{\"@context\":\"https:\/\/schema.org\",\"@graph\":[{\"@type\":\"Organization\",\"@id\":\"https:\/\/www.mobilimariani.com\/#organization\",\"name\":\"Mobili Mariani\",\"url\":\"https:\/\/www.mobilimariani.com\/\",\"sameAs\":[],\"logo\":{\"@type\":\"ImageObject\",\"@id\":\"https:\/\/www.mobilimariani.com\/#logo\",\"inLanguage\":\"fr-CH\",\"url\":\"https:\/\/www.mobilimariani.com\/wp-content\/uploads\/2015\/12\/logo.png\",\"contentUrl\":\"https:\/\/www.mobilimariani.com\/wp-content\/uploads\/2015\/12\/logo.png\",\"width\":160,\"height\":110,\"caption\":\"Mobili Mariani\"},\"image\":{\"@id\":\"https:\/\/www.mobilimariani.com\/#logo\"}},{\"@type\":\"WebSite\",\"@id\":\"https:\/\/www.mobilimariani.com\/#website\",\"url\":\"https:\/\/www.mobilimariani.com\/\",\"name\":\"Mobili Mariani\",\"description\":\"Mobili Italia Svizzera\",\"publisher\":{\"@id\":\"https:\/\/www.mobilimariani.com\/#organization\"},\"potentialAction\":[{\"@type\":\"SearchAction\",\"target\":\"https:\/\/www.mobilimariani.com\/?s={search_term_string}\",\"query-input\":\"required name=search_term_string\"}],\"inLanguage\":\"fr-CH\"},{\"@type\":\"ImageObject\",\"@id\":\"https:\/\/www.mobilimariani.com\/fr\/flou-condotti\/#primaryimage\",\"inLanguage\":\"fr-CH\",\"url\":\"https:\/\/www.mobilimariani.com\/wp-content\/uploads\/2015\/07\/118.jpg\",\"contentUrl\":\"https:\/\/www.mobilimariani.com\/wp-content\/uploads\/2015\/07\/118.jpg\",\"width\":363,\"height\":391,\"caption\":\"FLOU CONDOTTI\"},{\"@type\":\"WebPage\",\"@id\":\"https:\/\/www.mobilimariani.com\/fr\/flou-condotti\/#webpage\",\"url\":\"https:\/\/www.mobilimariani.com\/fr\/flou-condotti\/\",\"name\":\"FLOU CONDOTTI | Mobili Mariani\",\"isPartOf\":{\"@id\":\"https:\/\/www.mobilimariani.com\/#website\"},\"primaryImageOfPage\":{\"@id\":\"https:\/\/www.mobilimariani.com\/fr\/flou-condotti\/#primaryimage\"},\"datePublished\":\"2017-01-20T17:30:28+00:00\",\"dateModified\":\"2020-12-12T15:52:37+00:00\",\"description\":\"FLOU CONDOTTI design E. Garbin - M. Dell'Orto. MEUBLES EN FIN DE PRODUCTION. S\\u00e9rie de conteneurs avec structure en lamell\\u00e9 enti\\u00e8rement recouvert de cuir\",\"breadcrumb\":{\"@id\":\"https:\/\/www.mobilimariani.com\/fr\/flou-condotti\/#breadcrumb\"},\"inLanguage\":\"fr-CH\",\"potentialAction\":[{\"@type\":\"ReadAction\",\"target\":[\"https:\/\/www.mobilimariani.com\/fr\/flou-condotti\/\"]}]},{\"@type\":\"BreadcrumbList\",\"@id\":\"https:\/\/www.mobilimariani.com\/fr\/flou-condotti\/#breadcrumb\",\"itemListElement\":[{\"@type\":\"ListItem\",\"position\":1,\"item\":{\"@type\":\"WebPage\",\"@id\":\"https:\/\/www.mobilimariani.com\/\",\"url\":\"https:\/\/www.mobilimariani.com\/\",\"name\":\"Home\"}},{\"@type\":\"ListItem\",\"position\":2,\"item\":{\"@id\":\"https:\/\/www.mobilimariani.com\/fr\/flou-condotti\/#webpage\"}}]},{\"@type\":\"Article\",\"@id\":\"https:\/\/www.mobilimariani.com\/fr\/flou-condotti\/#article\",\"isPartOf\":{\"@id\":\"https:\/\/www.mobilimariani.com\/fr\/flou-condotti\/#webpage\"},\"author\":{\"@id\":\"https:\/\/www.mobilimariani.com\/#\/schema\/person\/4685d9f51269134e53f988c9122315f4\"},\"headline\":\"FLOU CONDOTTI\",\"datePublished\":\"2017-01-20T17:30:28+00:00\",\"dateModified\":\"2020-12-12T15:52:37+00:00\",\"mainEntityOfPage\":{\"@id\":\"https:\/\/www.mobilimariani.com\/fr\/flou-condotti\/#webpage\"},\"publisher\":{\"@id\":\"https:\/\/www.mobilimariani.com\/#organization\"},\"image\":{\"@id\":\"https:\/\/www.mobilimariani.com\/fr\/flou-condotti\/#primaryimage\"},\"keywords\":[\"bureau\",\"chambres lit design italien\"],\"articleSection\":[\"Autre\",\"Catalogue\",\"Zone nuit\"],\"inLanguage\":\"fr-CH\"},{\"@type\":\"Person\",\"@id\":\"https:\/\/www.mobilimariani.com\/#\/schema\/person\/4685d9f51269134e53f988c9122315f4\",\"name\":\"14m4rC008\",\"image\":{\"@type\":\"ImageObject\",\"@id\":\"https:\/\/www.mobilimariani.com\/#personlogo\",\"inLanguage\":\"fr-CH\",\"url\":\"https:\/\/secure.gravatar.com\/avatar\/dfaa6e536fec7030712cf850e9ddef45?s=96&d=mm&r=g\",\"contentUrl\":\"https:\/\/secure.gravatar.com\/avatar\/dfaa6e536fec7030712cf850e9ddef45?s=96&d=mm&r=g\",\"caption\":\"14m4rC008\"}}]}<\/script>\n<!-- \/ Yoast SEO plugin. -->","_links":{"self":[{"href":"https:\/\/www.mobilimariani.com\/fr\/wp-json\/wp\/v2\/posts\/9108"}],"collection":[{"href":"https:\/\/www.mobilimariani.com\/fr\/wp-json\/wp\/v2\/posts"}],"about":[{"href":"https:\/\/www.mobilimariani.com\/fr\/wp-json\/wp\/v2\/types\/post"}],"author":[{"embeddable":true,"href":"https:\/\/www.mobilimariani.com\/fr\/wp-json\/wp\/v2\/users\/1"}],"replies":[{"embeddable":true,"href":"https:\/\/www.mobilimariani.com\/fr\/wp-json\/wp\/v2\/comments?post=9108"}],"version-history":[{"count":3,"href":"https:\/\/www.mobilimariani.com\/fr\/wp-json\/wp\/v2\/posts\/9108\/revisions"}],"predecessor-version":[{"id":26271,"href":"https:\/\/www.mobilimariani.com\/fr\/wp-json\/wp\/v2\/posts\/9108\/revisions\/26271"}],"wp:featuredmedia":[{"embeddable":true,"href":"https:\/\/www.mobilimariani.com\/fr\/wp-json\/wp\/v2\/media\/5774"}],"wp:attachment":[{"href":"https:\/\/www.mobilimariani.com\/fr\/wp-json\/wp\/v2\/media?parent=9108"}],"wp:term":[{"taxonomy":"category","embeddable":true,"href":"https:\/\/www.mobilimariani.com\/fr\/wp-json\/wp\/v2\/categories?post=9108"},{"taxonomy":"post_tag","embeddable":true,"href":"https:\/\/www.mobilimariani.com\/fr\/wp-json\/wp\/v2\/tags?post=9108"}],"curies":[{"name":"wp","href":"https:\/\/api.w.org\/{rel}","templated":true}]}}