{"id":9105,"date":"2017-02-20T16:36:43","date_gmt":"2017-02-20T15:36:43","guid":{"rendered":"https:\/\/www.mobilimariani.com\/?p=9105"},"modified":"2017-03-12T20:28:04","modified_gmt":"2017-03-12T19:28:04","slug":"flou-ari-groupe-nuit","status":"publish","type":"post","link":"https:\/\/www.mobilimariani.com\/fr\/flou-ari-groupe-nuit\/","title":{"rendered":"FLOU ARI GROUPE NUIT"},"content":{"rendered":"<p>FLOU ARI GROUPE NUIT\u00a0design E. Garbin &#8211; M. Dell&#8217;Orto.<\/p>\n<p>Id\u00e9al compl\u00e9ments lit \u00e9ponyme, tables de chevet et commode\u00a0ont une structure en bois renforc\u00e9e par effet de laquage galuchat mat ou brillant, disponible en deux couleurs et Laguna d\u00e9sert.\u00a0Poign\u00e9es et base en\u00a0chrome noir. Le premier et le deuxi\u00e8me tiroir de la commode\u00a0sont compl\u00e9t\u00e9s par des divisions internes, bo\u00eete \u00e0 bijoux recouvert de tissu.<\/p>\n<p>Pour d\u00e9couvrir la marque Flou, <a href=\"https:\/\/www.mobilimariani.com\/fr\/concessionnaire-flou\/\">cliquez ici<\/a><\/p>\n<p>Vous voulez conna\u00eetre notre meilleur prix pour cet article?\u00a0<a href=\"https:\/\/www.mobilimariani.com\/fr\/contacts\/\">Cliquez ici <\/a>et envoyez-nous la demande<\/p>\n<p><strong>Pour nos clients suisses, il sera d\u00e9duit l&#8217;I.V.A. italienne \u00e0 hauteur de 22%.<\/strong><\/p>\n<p><strong>\u00a0<\/strong><\/p>\n","protected":false},"excerpt":{"rendered":"FLOU ARI GROUPE NUIT\u00a0design E. Garbin &#8211; M. Dell&#8217;Orto. Id\u00e9al compl\u00e9ments lit \u00e9ponyme, tables de chevet et commode\u00a0ont une structure en bois renforc\u00e9e par effet de laquage galuchat mat ou brillant, disponible en deux couleurs et Laguna d\u00e9sert.\u00a0Poign\u00e9es et base en\u00a0chrome noir. Le premier et le deuxi\u00e8me tiroir de la commode\u00a0sont compl\u00e9t\u00e9s par des divisions&#8230; <a class=\"view-article\" href=\"https:\/\/www.mobilimariani.com\/fr\/flou-ari-groupe-nuit\/\">Voir l&#8217;article<\/a>","protected":false},"author":1,"featured_media":5787,"comment_status":"closed","ping_status":"closed","sticky":false,"template":"","format":"standard","meta":[],"categories":[18,1,2],"tags":[2148,948,2168],"yoast_head":"<!-- This site is optimized with the Yoast SEO plugin v16.2 - https:\/\/yoast.com\/wordpress\/plugins\/seo\/ -->\n<meta name=\"description\" content=\"FLOU ARI GROUPE NUIT\u00a0design E. Garbin - M. Dell&#039;Orto. Id\u00e9al compl\u00e9ments lit \u00e9ponyme, tables de chevet et commode\u00a0ont une structure en bois renforc\u00e9e par\" \/>\n<meta name=\"robots\" content=\"index, follow, max-snippet:-1, max-image-preview:large, max-video-preview:-1\" \/>\n<link rel=\"canonical\" href=\"https:\/\/www.mobilimariani.com\/fr\/flou-ari-groupe-nuit\/\" \/>\n<meta property=\"og:locale\" content=\"fr_FR\" \/>\n<meta property=\"og:type\" content=\"article\" \/>\n<meta property=\"og:title\" content=\"FLOU ARI GROUPE NUIT | Mobili Mariani\" \/>\n<meta property=\"og:description\" content=\"FLOU ARI GROUPE NUIT\u00a0design E. Garbin - M. Dell&#039;Orto. Id\u00e9al compl\u00e9ments lit \u00e9ponyme, tables de chevet et commode\u00a0ont une structure en bois renforc\u00e9e par\" \/>\n<meta property=\"og:url\" content=\"https:\/\/www.mobilimariani.com\/fr\/flou-ari-groupe-nuit\/\" \/>\n<meta property=\"og:site_name\" content=\"Mobili Mariani\" \/>\n<meta property=\"article:published_time\" content=\"2017-02-20T15:36:43+00:00\" \/>\n<meta property=\"article:modified_time\" content=\"2017-03-12T19:28:04+00:00\" \/>\n<meta property=\"og:image\" content=\"https:\/\/www.mobilimariani.com\/wp-content\/uploads\/2015\/07\/120.jpg\" \/>\n\t<meta property=\"og:image:width\" content=\"719\" \/>\n\t<meta property=\"og:image:height\" content=\"618\" \/>\n<meta name=\"twitter:label1\" content=\"Est. reading time\">\n\t<meta name=\"twitter:data1\" content=\"1 minute\">\n<script type=\"application\/ld+json\" class=\"yoast-schema-graph\">{\"@context\":\"https:\/\/schema.org\",\"@graph\":[{\"@type\":\"Organization\",\"@id\":\"https:\/\/www.mobilimariani.com\/#organization\",\"name\":\"Mobili Mariani\",\"url\":\"https:\/\/www.mobilimariani.com\/\",\"sameAs\":[],\"logo\":{\"@type\":\"ImageObject\",\"@id\":\"https:\/\/www.mobilimariani.com\/#logo\",\"inLanguage\":\"fr-CH\",\"url\":\"https:\/\/www.mobilimariani.com\/wp-content\/uploads\/2015\/12\/logo.png\",\"contentUrl\":\"https:\/\/www.mobilimariani.com\/wp-content\/uploads\/2015\/12\/logo.png\",\"width\":160,\"height\":110,\"caption\":\"Mobili Mariani\"},\"image\":{\"@id\":\"https:\/\/www.mobilimariani.com\/#logo\"}},{\"@type\":\"WebSite\",\"@id\":\"https:\/\/www.mobilimariani.com\/#website\",\"url\":\"https:\/\/www.mobilimariani.com\/\",\"name\":\"Mobili Mariani\",\"description\":\"Mobili Italia Svizzera\",\"publisher\":{\"@id\":\"https:\/\/www.mobilimariani.com\/#organization\"},\"potentialAction\":[{\"@type\":\"SearchAction\",\"target\":\"https:\/\/www.mobilimariani.com\/?s={search_term_string}\",\"query-input\":\"required name=search_term_string\"}],\"inLanguage\":\"fr-CH\"},{\"@type\":\"ImageObject\",\"@id\":\"https:\/\/www.mobilimariani.com\/fr\/flou-ari-groupe-nuit\/#primaryimage\",\"inLanguage\":\"fr-CH\",\"url\":\"https:\/\/www.mobilimariani.com\/wp-content\/uploads\/2015\/07\/120.jpg\",\"contentUrl\":\"https:\/\/www.mobilimariani.com\/wp-content\/uploads\/2015\/07\/120.jpg\",\"width\":719,\"height\":618,\"caption\":\"FLOU ARI GRUPPO NOTTE\"},{\"@type\":\"WebPage\",\"@id\":\"https:\/\/www.mobilimariani.com\/fr\/flou-ari-groupe-nuit\/#webpage\",\"url\":\"https:\/\/www.mobilimariani.com\/fr\/flou-ari-groupe-nuit\/\",\"name\":\"FLOU ARI GROUPE NUIT | Mobili Mariani\",\"isPartOf\":{\"@id\":\"https:\/\/www.mobilimariani.com\/#website\"},\"primaryImageOfPage\":{\"@id\":\"https:\/\/www.mobilimariani.com\/fr\/flou-ari-groupe-nuit\/#primaryimage\"},\"datePublished\":\"2017-02-20T15:36:43+00:00\",\"dateModified\":\"2017-03-12T19:28:04+00:00\",\"description\":\"FLOU ARI GROUPE NUIT\\u00a0design E. Garbin - M. Dell'Orto. Id\\u00e9al compl\\u00e9ments lit \\u00e9ponyme, tables de chevet et commode\\u00a0ont une structure en bois renforc\\u00e9e par\",\"breadcrumb\":{\"@id\":\"https:\/\/www.mobilimariani.com\/fr\/flou-ari-groupe-nuit\/#breadcrumb\"},\"inLanguage\":\"fr-CH\",\"potentialAction\":[{\"@type\":\"ReadAction\",\"target\":[\"https:\/\/www.mobilimariani.com\/fr\/flou-ari-groupe-nuit\/\"]}]},{\"@type\":\"BreadcrumbList\",\"@id\":\"https:\/\/www.mobilimariani.com\/fr\/flou-ari-groupe-nuit\/#breadcrumb\",\"itemListElement\":[{\"@type\":\"ListItem\",\"position\":1,\"item\":{\"@type\":\"WebPage\",\"@id\":\"https:\/\/www.mobilimariani.com\/\",\"url\":\"https:\/\/www.mobilimariani.com\/\",\"name\":\"Home\"}},{\"@type\":\"ListItem\",\"position\":2,\"item\":{\"@id\":\"https:\/\/www.mobilimariani.com\/fr\/flou-ari-groupe-nuit\/#webpage\"}}]},{\"@type\":\"Article\",\"@id\":\"https:\/\/www.mobilimariani.com\/fr\/flou-ari-groupe-nuit\/#article\",\"isPartOf\":{\"@id\":\"https:\/\/www.mobilimariani.com\/fr\/flou-ari-groupe-nuit\/#webpage\"},\"author\":{\"@id\":\"https:\/\/www.mobilimariani.com\/#\/schema\/person\/4685d9f51269134e53f988c9122315f4\"},\"headline\":\"FLOU ARI GROUPE NUIT\",\"datePublished\":\"2017-02-20T15:36:43+00:00\",\"dateModified\":\"2017-03-12T19:28:04+00:00\",\"mainEntityOfPage\":{\"@id\":\"https:\/\/www.mobilimariani.com\/fr\/flou-ari-groupe-nuit\/#webpage\"},\"publisher\":{\"@id\":\"https:\/\/www.mobilimariani.com\/#organization\"},\"image\":{\"@id\":\"https:\/\/www.mobilimariani.com\/fr\/flou-ari-groupe-nuit\/#primaryimage\"},\"keywords\":[\"chambres lit design italien\",\"com\\u00f2 design\",\"conception chevet\"],\"articleSection\":[\"Autre\",\"Catalogue\",\"Zone nuit\"],\"inLanguage\":\"fr-CH\"},{\"@type\":\"Person\",\"@id\":\"https:\/\/www.mobilimariani.com\/#\/schema\/person\/4685d9f51269134e53f988c9122315f4\",\"name\":\"14m4rC008\",\"image\":{\"@type\":\"ImageObject\",\"@id\":\"https:\/\/www.mobilimariani.com\/#personlogo\",\"inLanguage\":\"fr-CH\",\"url\":\"https:\/\/secure.gravatar.com\/avatar\/dfaa6e536fec7030712cf850e9ddef45?s=96&d=mm&r=g\",\"contentUrl\":\"https:\/\/secure.gravatar.com\/avatar\/dfaa6e536fec7030712cf850e9ddef45?s=96&d=mm&r=g\",\"caption\":\"14m4rC008\"}}]}<\/script>\n<!-- \/ Yoast SEO plugin. -->","_links":{"self":[{"href":"https:\/\/www.mobilimariani.com\/fr\/wp-json\/wp\/v2\/posts\/9105"}],"collection":[{"href":"https:\/\/www.mobilimariani.com\/fr\/wp-json\/wp\/v2\/posts"}],"about":[{"href":"https:\/\/www.mobilimariani.com\/fr\/wp-json\/wp\/v2\/types\/post"}],"author":[{"embeddable":true,"href":"https:\/\/www.mobilimariani.com\/fr\/wp-json\/wp\/v2\/users\/1"}],"replies":[{"embeddable":true,"href":"https:\/\/www.mobilimariani.com\/fr\/wp-json\/wp\/v2\/comments?post=9105"}],"version-history":[{"count":2,"href":"https:\/\/www.mobilimariani.com\/fr\/wp-json\/wp\/v2\/posts\/9105\/revisions"}],"predecessor-version":[{"id":9194,"href":"https:\/\/www.mobilimariani.com\/fr\/wp-json\/wp\/v2\/posts\/9105\/revisions\/9194"}],"wp:featuredmedia":[{"embeddable":true,"href":"https:\/\/www.mobilimariani.com\/fr\/wp-json\/wp\/v2\/media\/5787"}],"wp:attachment":[{"href":"https:\/\/www.mobilimariani.com\/fr\/wp-json\/wp\/v2\/media?parent=9105"}],"wp:term":[{"taxonomy":"category","embeddable":true,"href":"https:\/\/www.mobilimariani.com\/fr\/wp-json\/wp\/v2\/categories?post=9105"},{"taxonomy":"post_tag","embeddable":true,"href":"https:\/\/www.mobilimariani.com\/fr\/wp-json\/wp\/v2\/tags?post=9105"}],"curies":[{"name":"wp","href":"https:\/\/api.w.org\/{rel}","templated":true}]}}