{"id":9101,"date":"2017-02-17T16:10:43","date_gmt":"2017-02-17T15:10:43","guid":{"rendered":"https:\/\/www.mobilimariani.com\/?p=9101"},"modified":"2017-09-09T16:10:09","modified_gmt":"2017-09-09T14:10:09","slug":"flou-piazza-duomo-canape-lit","status":"publish","type":"post","link":"https:\/\/www.mobilimariani.com\/fr\/flou-piazza-duomo-canape-lit\/","title":{"rendered":"FLOU PIAZZA DUOMO CANAP\u00c9 LIT"},"content":{"rendered":"<p>Flou Piazza Duomo canap\u00e9 lit\u00a0design Giulio Manzoni.<\/p>\n<p>Piazza Duomo offre des solutions flexibles pour r\u00e9soudre les probl\u00e8mes d&#8217;espace.\u00a0Un nouveau concept de vie qui r\u00e9v\u00e8le comment convertir facilement un salon en\u00a0une chambre, et vice versa, avec un canap\u00e9 qui devient un lit en quelques gestes (simples ou doubles) et aussi simplement retourne \u00e0 sa position initiale.\u00a0Disponible en trois versions : sans accoudoir, avec un accoudoir, deux accoudoir et peut \u00eatre recouvert dans la large gamme de tissus, de cuir ou d&#8217;une collection de faux cuir Flou.\u00a0Enti\u00e8rement d\u00e9montable avec sommier \u00e0 lattes, matelas \u00e0 ressort ou un matelas Memoform.\u00a0Le lit simple est obtenue en tirant sur la poign\u00e9e au centre de la base ; ainsi le si\u00e8ge est l\u00e9g\u00e8rement vers l&#8217;avant, apr\u00e8s avoir enlev\u00e9 le rev\u00eatement de basco, habiller le lit avec des draps et housse de couette ou, au contraire, sont situ\u00e9s directement au-dessus du rev\u00eatement basco.\u00a0Pour le lit double, il suffit toujours de tirer la poign\u00e9e vers l&#8217;ext\u00e9rieur ; le si\u00e8ge avance et, gr\u00e2ce \u00e0 un m\u00e9canisme brevet\u00e9, les dossiers se rabattent afin d&#8217;obtenir un lit confortable pr\u00eat \u00e0 l&#8217;emploi.\u00a0Piazza Duomo\u00a0est \u00e9galement disponible en non-convertible en lit.<\/p>\n<p>Pour conna\u00eetre les\u00a0<span id=\"OT432079633\">rev\u00eatements\u00a0<\/span>\u00a0en tissu\u00a0<a href=\"https:\/\/www.mobilimariani.com\/fr\/flou-les-revetements\/\">cliquez ici\u00a0<\/a>pour les rev\u00eatements en faux cuir\u00a0<a href=\"https:\/\/www.mobilimariani.com\/flou-rivestimenti-lecopelle\/?lang=fr\">ici<\/a>\u00a0pour les\u00a0rev\u00eatements en cuir\u00a0<a href=\"https:\/\/www.mobilimariani.com\/flou-rivestimenti-la-pelle\/?lang=fr\">ici<\/a><\/p>\n<p>Pour d\u00e9couvrir la marque Flou<a href=\"https:\/\/www.mobilimariani.com\/fr\/concessionnaire-flou\/\">, cliquez ici<\/a><\/p>\n<p>Vous voulez conna\u00eetre notre meilleur prix pour cet article?\u00a0<a href=\"https:\/\/www.mobilimariani.com\/fr\/contacts\/\">Cliquez ici <\/a>et envoyez-nous la demande<\/p>\n<p><strong>Pour nos clients suisses, il sera d\u00e9duit l&#8217;I.V.A. italienne \u00e0 hauteur de 22%.<\/strong><\/p>\n<p><strong>\u00a0<\/strong><\/p>\n<p>&nbsp;<\/p>\n","protected":false},"excerpt":{"rendered":"Flou Piazza Duomo canap\u00e9 lit\u00a0design Giulio Manzoni. Piazza Duomo offre des solutions flexibles pour r\u00e9soudre les probl\u00e8mes d&#8217;espace.\u00a0Un nouveau concept de vie qui r\u00e9v\u00e8le comment convertir facilement un salon en\u00a0une chambre, et vice versa, avec un canap\u00e9 qui devient un lit en quelques gestes (simples ou doubles) et aussi simplement retourne \u00e0 sa position initiale.\u00a0Disponible&#8230; <a class=\"view-article\" href=\"https:\/\/www.mobilimariani.com\/fr\/flou-piazza-duomo-canape-lit\/\">Voir l&#8217;article<\/a>","protected":false},"author":1,"featured_media":5913,"comment_status":"closed","ping_status":"closed","sticky":false,"template":"","format":"standard","meta":[],"categories":[1,7,6],"tags":[2150],"yoast_head":"<!-- This site is optimized with the Yoast SEO plugin v16.2 - https:\/\/yoast.com\/wordpress\/plugins\/seo\/ -->\n<meta name=\"description\" content=\"Flou Piazza Duomo canap\u00e9 lit\u00a0design Giulio Manzoni. Piazza Duomo offre des solutions flexibles pour r\u00e9soudre les probl\u00e8mes d&#039;espace.\u00a0Un nouveau concept de\" \/>\n<meta name=\"robots\" content=\"index, follow, max-snippet:-1, max-image-preview:large, max-video-preview:-1\" \/>\n<link rel=\"canonical\" href=\"https:\/\/www.mobilimariani.com\/fr\/flou-piazza-duomo-canape-lit\/\" \/>\n<meta property=\"og:locale\" content=\"fr_FR\" \/>\n<meta property=\"og:type\" content=\"article\" \/>\n<meta property=\"og:title\" content=\"FLOU PIAZZA DUOMO CANAP\u00c9 LIT | Mobili Mariani\" \/>\n<meta property=\"og:description\" content=\"Flou Piazza Duomo canap\u00e9 lit\u00a0design Giulio Manzoni. Piazza Duomo offre des solutions flexibles pour r\u00e9soudre les probl\u00e8mes d&#039;espace.\u00a0Un nouveau concept de\" \/>\n<meta property=\"og:url\" content=\"https:\/\/www.mobilimariani.com\/fr\/flou-piazza-duomo-canape-lit\/\" \/>\n<meta property=\"og:site_name\" content=\"Mobili Mariani\" \/>\n<meta property=\"article:published_time\" content=\"2017-02-17T15:10:43+00:00\" \/>\n<meta property=\"article:modified_time\" content=\"2017-09-09T14:10:09+00:00\" \/>\n<meta property=\"og:image\" content=\"https:\/\/www.mobilimariani.com\/wp-content\/uploads\/2015\/03\/527.jpg\" \/>\n\t<meta property=\"og:image:width\" content=\"957\" \/>\n\t<meta property=\"og:image:height\" content=\"485\" \/>\n<meta name=\"twitter:label1\" content=\"Est. reading time\">\n\t<meta name=\"twitter:data1\" content=\"1 minute\">\n<script type=\"application\/ld+json\" class=\"yoast-schema-graph\">{\"@context\":\"https:\/\/schema.org\",\"@graph\":[{\"@type\":\"Organization\",\"@id\":\"https:\/\/www.mobilimariani.com\/#organization\",\"name\":\"Mobili Mariani\",\"url\":\"https:\/\/www.mobilimariani.com\/\",\"sameAs\":[],\"logo\":{\"@type\":\"ImageObject\",\"@id\":\"https:\/\/www.mobilimariani.com\/#logo\",\"inLanguage\":\"fr-CH\",\"url\":\"https:\/\/www.mobilimariani.com\/wp-content\/uploads\/2015\/12\/logo.png\",\"contentUrl\":\"https:\/\/www.mobilimariani.com\/wp-content\/uploads\/2015\/12\/logo.png\",\"width\":160,\"height\":110,\"caption\":\"Mobili Mariani\"},\"image\":{\"@id\":\"https:\/\/www.mobilimariani.com\/#logo\"}},{\"@type\":\"WebSite\",\"@id\":\"https:\/\/www.mobilimariani.com\/#website\",\"url\":\"https:\/\/www.mobilimariani.com\/\",\"name\":\"Mobili Mariani\",\"description\":\"Mobili Italia Svizzera\",\"publisher\":{\"@id\":\"https:\/\/www.mobilimariani.com\/#organization\"},\"potentialAction\":[{\"@type\":\"SearchAction\",\"target\":\"https:\/\/www.mobilimariani.com\/?s={search_term_string}\",\"query-input\":\"required name=search_term_string\"}],\"inLanguage\":\"fr-CH\"},{\"@type\":\"ImageObject\",\"@id\":\"https:\/\/www.mobilimariani.com\/fr\/flou-piazza-duomo-canape-lit\/#primaryimage\",\"inLanguage\":\"fr-CH\",\"url\":\"https:\/\/www.mobilimariani.com\/wp-content\/uploads\/2015\/03\/527.jpg\",\"contentUrl\":\"https:\/\/www.mobilimariani.com\/wp-content\/uploads\/2015\/03\/527.jpg\",\"width\":957,\"height\":485,\"caption\":\"FLOU PIAZZA DUOMO DIVANO LETTO\"},{\"@type\":\"WebPage\",\"@id\":\"https:\/\/www.mobilimariani.com\/fr\/flou-piazza-duomo-canape-lit\/#webpage\",\"url\":\"https:\/\/www.mobilimariani.com\/fr\/flou-piazza-duomo-canape-lit\/\",\"name\":\"FLOU PIAZZA DUOMO CANAP\\u00c9 LIT | Mobili Mariani\",\"isPartOf\":{\"@id\":\"https:\/\/www.mobilimariani.com\/#website\"},\"primaryImageOfPage\":{\"@id\":\"https:\/\/www.mobilimariani.com\/fr\/flou-piazza-duomo-canape-lit\/#primaryimage\"},\"datePublished\":\"2017-02-17T15:10:43+00:00\",\"dateModified\":\"2017-09-09T14:10:09+00:00\",\"description\":\"Flou Piazza Duomo canap\\u00e9 lit\\u00a0design Giulio Manzoni. Piazza Duomo offre des solutions flexibles pour r\\u00e9soudre les probl\\u00e8mes d'espace.\\u00a0Un nouveau concept de\",\"breadcrumb\":{\"@id\":\"https:\/\/www.mobilimariani.com\/fr\/flou-piazza-duomo-canape-lit\/#breadcrumb\"},\"inLanguage\":\"fr-CH\",\"potentialAction\":[{\"@type\":\"ReadAction\",\"target\":[\"https:\/\/www.mobilimariani.com\/fr\/flou-piazza-duomo-canape-lit\/\"]}]},{\"@type\":\"BreadcrumbList\",\"@id\":\"https:\/\/www.mobilimariani.com\/fr\/flou-piazza-duomo-canape-lit\/#breadcrumb\",\"itemListElement\":[{\"@type\":\"ListItem\",\"position\":1,\"item\":{\"@type\":\"WebPage\",\"@id\":\"https:\/\/www.mobilimariani.com\/\",\"url\":\"https:\/\/www.mobilimariani.com\/\",\"name\":\"Home\"}},{\"@type\":\"ListItem\",\"position\":2,\"item\":{\"@id\":\"https:\/\/www.mobilimariani.com\/fr\/flou-piazza-duomo-canape-lit\/#webpage\"}}]},{\"@type\":\"Article\",\"@id\":\"https:\/\/www.mobilimariani.com\/fr\/flou-piazza-duomo-canape-lit\/#article\",\"isPartOf\":{\"@id\":\"https:\/\/www.mobilimariani.com\/fr\/flou-piazza-duomo-canape-lit\/#webpage\"},\"author\":{\"@id\":\"https:\/\/www.mobilimariani.com\/#\/schema\/person\/4685d9f51269134e53f988c9122315f4\"},\"headline\":\"FLOU PIAZZA DUOMO CANAP\\u00c9 LIT\",\"datePublished\":\"2017-02-17T15:10:43+00:00\",\"dateModified\":\"2017-09-09T14:10:09+00:00\",\"mainEntityOfPage\":{\"@id\":\"https:\/\/www.mobilimariani.com\/fr\/flou-piazza-duomo-canape-lit\/#webpage\"},\"publisher\":{\"@id\":\"https:\/\/www.mobilimariani.com\/#organization\"},\"image\":{\"@id\":\"https:\/\/www.mobilimariani.com\/fr\/flou-piazza-duomo-canape-lit\/#primaryimage\"},\"keywords\":[\"canap\\u00e9s lits italian design\"],\"articleSection\":[\"Catalogue\",\"Sofa\",\"Salle jour\"],\"inLanguage\":\"fr-CH\"},{\"@type\":\"Person\",\"@id\":\"https:\/\/www.mobilimariani.com\/#\/schema\/person\/4685d9f51269134e53f988c9122315f4\",\"name\":\"14m4rC008\",\"image\":{\"@type\":\"ImageObject\",\"@id\":\"https:\/\/www.mobilimariani.com\/#personlogo\",\"inLanguage\":\"fr-CH\",\"url\":\"https:\/\/secure.gravatar.com\/avatar\/dfaa6e536fec7030712cf850e9ddef45?s=96&d=mm&r=g\",\"contentUrl\":\"https:\/\/secure.gravatar.com\/avatar\/dfaa6e536fec7030712cf850e9ddef45?s=96&d=mm&r=g\",\"caption\":\"14m4rC008\"}}]}<\/script>\n<!-- \/ Yoast SEO plugin. -->","_links":{"self":[{"href":"https:\/\/www.mobilimariani.com\/fr\/wp-json\/wp\/v2\/posts\/9101"}],"collection":[{"href":"https:\/\/www.mobilimariani.com\/fr\/wp-json\/wp\/v2\/posts"}],"about":[{"href":"https:\/\/www.mobilimariani.com\/fr\/wp-json\/wp\/v2\/types\/post"}],"author":[{"embeddable":true,"href":"https:\/\/www.mobilimariani.com\/fr\/wp-json\/wp\/v2\/users\/1"}],"replies":[{"embeddable":true,"href":"https:\/\/www.mobilimariani.com\/fr\/wp-json\/wp\/v2\/comments?post=9101"}],"version-history":[{"count":4,"href":"https:\/\/www.mobilimariani.com\/fr\/wp-json\/wp\/v2\/posts\/9101\/revisions"}],"predecessor-version":[{"id":19439,"href":"https:\/\/www.mobilimariani.com\/fr\/wp-json\/wp\/v2\/posts\/9101\/revisions\/19439"}],"wp:featuredmedia":[{"embeddable":true,"href":"https:\/\/www.mobilimariani.com\/fr\/wp-json\/wp\/v2\/media\/5913"}],"wp:attachment":[{"href":"https:\/\/www.mobilimariani.com\/fr\/wp-json\/wp\/v2\/media?parent=9101"}],"wp:term":[{"taxonomy":"category","embeddable":true,"href":"https:\/\/www.mobilimariani.com\/fr\/wp-json\/wp\/v2\/categories?post=9101"},{"taxonomy":"post_tag","embeddable":true,"href":"https:\/\/www.mobilimariani.com\/fr\/wp-json\/wp\/v2\/tags?post=9101"}],"curies":[{"name":"wp","href":"https:\/\/api.w.org\/{rel}","templated":true}]}}