{"id":9088,"date":"2023-04-29T17:45:20","date_gmt":"2023-04-29T15:45:20","guid":{"rendered":"https:\/\/www.mobilimariani.com\/?p=9088"},"modified":"2024-12-07T11:02:58","modified_gmt":"2024-12-07T10:02:58","slug":"flou-matelas-ressort-moux-empaquete","status":"publish","type":"post","link":"https:\/\/www.mobilimariani.com\/fr\/flou-matelas-ressort-moux-empaquete\/","title":{"rendered":"FLOU MATELAS A RESSORT MOUX EMPAQUETE"},"content":{"rendered":"<p>FLOU MATELAS A RESSORT MOUX EMPAQUETE<\/p>\n<p>Matelas \u00e0 ressorts empaquet\u00e9 individuellement (754 dans la mesure o\u00f9 170&#215;200). Il s&#8217;adapte bien \u00e0 divers parties du corps. R\u00e9gime de base rembourr\u00e9 avec de la mousse \u00e0 haute densit\u00e9<\/p>\n<p>Disponible en taille cm 170 x 200 rembourrage: coton blanc, de laine blanche.<\/p>\n<p>Liste de prix \u20ac 1.220,00<\/p>\n<h3><strong>PRIX AUTONOME \u20ac 854,00<\/strong><\/h3>\n<p>Pour voir tous nos matelas en vente\u00a0<a href=\"https:\/\/www.mobilimariani.com\/fr\/search\/matelas\">cliquez ici<\/a><\/p>\n<p>Pour voir toutes nos ventes,\u00a0<a href=\"https:\/\/www.mobilimariani.com\/fr\/search\/VENTES\">cliquez ici<\/a><\/p>\n<p>Avez-vous besoin de plus d\u2019informations?<\/p>\n<p><a href=\"https:\/\/www.mobilimariani.com\/fr\/contacts\/\" target=\"_blank\" rel=\"noreferrer noopener\">Cliquez ici\u00a0<\/a> et nous vous r\u00e9pondrons<\/p>\n<p>DISPONIBLE JUSQU&#8217;\u00c0 \u00c9PUISEMENT DES STOCKS<\/p>\n<p>&nbsp;<\/p>\n","protected":false},"excerpt":{"rendered":"FLOU MATELAS A RESSORT MOUX EMPAQUETE Matelas \u00e0 ressorts empaquet\u00e9 individuellement (754 dans la mesure o\u00f9 170&#215;200). Il s&#8217;adapte bien \u00e0 divers parties du corps. R\u00e9gime de base rembourr\u00e9 avec de la mousse \u00e0 haute densit\u00e9 Disponible en taille cm 170 x 200 rembourrage: coton blanc, de laine blanche. Liste de prix \u20ac 1.220,00 PRIX&#8230; <a class=\"view-article\" href=\"https:\/\/www.mobilimariani.com\/fr\/flou-matelas-ressort-moux-empaquete\/\">Voir l&#8217;article<\/a>","protected":false},"author":1,"featured_media":5991,"comment_status":"closed","ping_status":"closed","sticky":false,"template":"","format":"standard","meta":[],"categories":[8,49,14,38],"tags":[2179,2180],"yoast_head":"<!-- This site is optimized with the Yoast SEO plugin v16.2 - https:\/\/yoast.com\/wordpress\/plugins\/seo\/ -->\n<meta name=\"description\" content=\"FLOU MATELAS A RESSORT MOUX EMPAQUETE Matelas \u00e0 ressorts empaquet\u00e9 individuellement (754 dans la mesure o\u00f9 170x200). Il s&#039;adapte bien \u00e0 divers parties du\" \/>\n<meta name=\"robots\" content=\"index, follow, max-snippet:-1, max-image-preview:large, max-video-preview:-1\" \/>\n<link rel=\"canonical\" href=\"https:\/\/www.mobilimariani.com\/fr\/flou-matelas-ressort-moux-empaquete\/\" \/>\n<meta property=\"og:locale\" content=\"fr_FR\" \/>\n<meta property=\"og:type\" content=\"article\" \/>\n<meta property=\"og:title\" content=\"FLOU MATELAS A RESSORT MOUX EMPAQUETE | Mobili Mariani\" \/>\n<meta property=\"og:description\" content=\"FLOU MATELAS A RESSORT MOUX EMPAQUETE Matelas \u00e0 ressorts empaquet\u00e9 individuellement (754 dans la mesure o\u00f9 170x200). Il s&#039;adapte bien \u00e0 divers parties du\" \/>\n<meta property=\"og:url\" content=\"https:\/\/www.mobilimariani.com\/fr\/flou-matelas-ressort-moux-empaquete\/\" \/>\n<meta property=\"og:site_name\" content=\"Mobili Mariani\" \/>\n<meta property=\"article:published_time\" content=\"2023-04-29T15:45:20+00:00\" \/>\n<meta property=\"article:modified_time\" content=\"2024-12-07T10:02:58+00:00\" \/>\n<meta property=\"og:image\" content=\"https:\/\/www.mobilimariani.com\/wp-content\/uploads\/2015\/07\/molle-insacchettate.jpg\" \/>\n\t<meta property=\"og:image:width\" content=\"757\" \/>\n\t<meta property=\"og:image:height\" content=\"563\" \/>\n<meta name=\"twitter:label1\" content=\"Est. reading time\">\n\t<meta name=\"twitter:data1\" content=\"1 minute\">\n<script type=\"application\/ld+json\" class=\"yoast-schema-graph\">{\"@context\":\"https:\/\/schema.org\",\"@graph\":[{\"@type\":\"Organization\",\"@id\":\"https:\/\/www.mobilimariani.com\/#organization\",\"name\":\"Mobili Mariani\",\"url\":\"https:\/\/www.mobilimariani.com\/\",\"sameAs\":[],\"logo\":{\"@type\":\"ImageObject\",\"@id\":\"https:\/\/www.mobilimariani.com\/#logo\",\"inLanguage\":\"fr-CH\",\"url\":\"https:\/\/www.mobilimariani.com\/wp-content\/uploads\/2015\/12\/logo.png\",\"contentUrl\":\"https:\/\/www.mobilimariani.com\/wp-content\/uploads\/2015\/12\/logo.png\",\"width\":160,\"height\":110,\"caption\":\"Mobili Mariani\"},\"image\":{\"@id\":\"https:\/\/www.mobilimariani.com\/#logo\"}},{\"@type\":\"WebSite\",\"@id\":\"https:\/\/www.mobilimariani.com\/#website\",\"url\":\"https:\/\/www.mobilimariani.com\/\",\"name\":\"Mobili Mariani\",\"description\":\"Mobili Italia Svizzera\",\"publisher\":{\"@id\":\"https:\/\/www.mobilimariani.com\/#organization\"},\"potentialAction\":[{\"@type\":\"SearchAction\",\"target\":\"https:\/\/www.mobilimariani.com\/?s={search_term_string}\",\"query-input\":\"required name=search_term_string\"}],\"inLanguage\":\"fr-CH\"},{\"@type\":\"ImageObject\",\"@id\":\"https:\/\/www.mobilimariani.com\/fr\/flou-matelas-ressort-moux-empaquete\/#primaryimage\",\"inLanguage\":\"fr-CH\",\"url\":\"https:\/\/www.mobilimariani.com\/wp-content\/uploads\/2015\/07\/molle-insacchettate.jpg\",\"contentUrl\":\"https:\/\/www.mobilimariani.com\/wp-content\/uploads\/2015\/07\/molle-insacchettate.jpg\",\"width\":757,\"height\":563,\"caption\":\"FLOU MATERASSO MOLLE INSACCHETTATE\"},{\"@type\":\"WebPage\",\"@id\":\"https:\/\/www.mobilimariani.com\/fr\/flou-matelas-ressort-moux-empaquete\/#webpage\",\"url\":\"https:\/\/www.mobilimariani.com\/fr\/flou-matelas-ressort-moux-empaquete\/\",\"name\":\"FLOU MATELAS A RESSORT MOUX EMPAQUETE | Mobili Mariani\",\"isPartOf\":{\"@id\":\"https:\/\/www.mobilimariani.com\/#website\"},\"primaryImageOfPage\":{\"@id\":\"https:\/\/www.mobilimariani.com\/fr\/flou-matelas-ressort-moux-empaquete\/#primaryimage\"},\"datePublished\":\"2023-04-29T15:45:20+00:00\",\"dateModified\":\"2024-12-07T10:02:58+00:00\",\"description\":\"FLOU MATELAS A RESSORT MOUX EMPAQUETE Matelas \\u00e0 ressorts empaquet\\u00e9 individuellement (754 dans la mesure o\\u00f9 170x200). Il s'adapte bien \\u00e0 divers parties du\",\"breadcrumb\":{\"@id\":\"https:\/\/www.mobilimariani.com\/fr\/flou-matelas-ressort-moux-empaquete\/#breadcrumb\"},\"inLanguage\":\"fr-CH\",\"potentialAction\":[{\"@type\":\"ReadAction\",\"target\":[\"https:\/\/www.mobilimariani.com\/fr\/flou-matelas-ressort-moux-empaquete\/\"]}]},{\"@type\":\"BreadcrumbList\",\"@id\":\"https:\/\/www.mobilimariani.com\/fr\/flou-matelas-ressort-moux-empaquete\/#breadcrumb\",\"itemListElement\":[{\"@type\":\"ListItem\",\"position\":1,\"item\":{\"@type\":\"WebPage\",\"@id\":\"https:\/\/www.mobilimariani.com\/\",\"url\":\"https:\/\/www.mobilimariani.com\/\",\"name\":\"Home\"}},{\"@type\":\"ListItem\",\"position\":2,\"item\":{\"@id\":\"https:\/\/www.mobilimariani.com\/fr\/flou-matelas-ressort-moux-empaquete\/#webpage\"}}]},{\"@type\":\"Article\",\"@id\":\"https:\/\/www.mobilimariani.com\/fr\/flou-matelas-ressort-moux-empaquete\/#article\",\"isPartOf\":{\"@id\":\"https:\/\/www.mobilimariani.com\/fr\/flou-matelas-ressort-moux-empaquete\/#webpage\"},\"author\":{\"@id\":\"https:\/\/www.mobilimariani.com\/#\/schema\/person\/4685d9f51269134e53f988c9122315f4\"},\"headline\":\"FLOU MATELAS A RESSORT MOUX EMPAQUETE\",\"datePublished\":\"2023-04-29T15:45:20+00:00\",\"dateModified\":\"2024-12-07T10:02:58+00:00\",\"mainEntityOfPage\":{\"@id\":\"https:\/\/www.mobilimariani.com\/fr\/flou-matelas-ressort-moux-empaquete\/#webpage\"},\"publisher\":{\"@id\":\"https:\/\/www.mobilimariani.com\/#organization\"},\"image\":{\"@id\":\"https:\/\/www.mobilimariani.com\/fr\/flou-matelas-ressort-moux-empaquete\/#primaryimage\"},\"keywords\":[\"accessoires de lit\",\"matelas\"],\"articleSection\":[\"News\",\"Offres zone nuit\",\"Outlet\",\"Promotions\"],\"inLanguage\":\"fr-CH\"},{\"@type\":\"Person\",\"@id\":\"https:\/\/www.mobilimariani.com\/#\/schema\/person\/4685d9f51269134e53f988c9122315f4\",\"name\":\"14m4rC008\",\"image\":{\"@type\":\"ImageObject\",\"@id\":\"https:\/\/www.mobilimariani.com\/#personlogo\",\"inLanguage\":\"fr-CH\",\"url\":\"https:\/\/secure.gravatar.com\/avatar\/dfaa6e536fec7030712cf850e9ddef45?s=96&d=mm&r=g\",\"contentUrl\":\"https:\/\/secure.gravatar.com\/avatar\/dfaa6e536fec7030712cf850e9ddef45?s=96&d=mm&r=g\",\"caption\":\"14m4rC008\"}}]}<\/script>\n<!-- \/ Yoast SEO plugin. -->","_links":{"self":[{"href":"https:\/\/www.mobilimariani.com\/fr\/wp-json\/wp\/v2\/posts\/9088"}],"collection":[{"href":"https:\/\/www.mobilimariani.com\/fr\/wp-json\/wp\/v2\/posts"}],"about":[{"href":"https:\/\/www.mobilimariani.com\/fr\/wp-json\/wp\/v2\/types\/post"}],"author":[{"embeddable":true,"href":"https:\/\/www.mobilimariani.com\/fr\/wp-json\/wp\/v2\/users\/1"}],"replies":[{"embeddable":true,"href":"https:\/\/www.mobilimariani.com\/fr\/wp-json\/wp\/v2\/comments?post=9088"}],"version-history":[{"count":8,"href":"https:\/\/www.mobilimariani.com\/fr\/wp-json\/wp\/v2\/posts\/9088\/revisions"}],"predecessor-version":[{"id":29904,"href":"https:\/\/www.mobilimariani.com\/fr\/wp-json\/wp\/v2\/posts\/9088\/revisions\/29904"}],"wp:featuredmedia":[{"embeddable":true,"href":"https:\/\/www.mobilimariani.com\/fr\/wp-json\/wp\/v2\/media\/5991"}],"wp:attachment":[{"href":"https:\/\/www.mobilimariani.com\/fr\/wp-json\/wp\/v2\/media?parent=9088"}],"wp:term":[{"taxonomy":"category","embeddable":true,"href":"https:\/\/www.mobilimariani.com\/fr\/wp-json\/wp\/v2\/categories?post=9088"},{"taxonomy":"post_tag","embeddable":true,"href":"https:\/\/www.mobilimariani.com\/fr\/wp-json\/wp\/v2\/tags?post=9088"}],"curies":[{"name":"wp","href":"https:\/\/api.w.org\/{rel}","templated":true}]}}