{"id":9033,"date":"2017-01-14T17:50:28","date_gmt":"2017-01-14T16:50:28","guid":{"rendered":"https:\/\/www.mobilimariani.com\/?p=9033"},"modified":"2021-05-08T16:30:11","modified_gmt":"2021-05-08T14:30:11","slug":"flou-oreiller-memoform-air","status":"publish","type":"post","link":"https:\/\/www.mobilimariani.com\/fr\/flou-oreiller-memoform-air\/","title":{"rendered":"FLOU OREILLER MEMOFORM AIR"},"content":{"rendered":"<p>FLOU OREILLER MEMOFORM AIR<\/p>\n<p>Housse finition fa\u00e7onn\u00e9e : 80% coton, 20% fibre anallergique. \u00c2me en mat\u00e9riau visco\u00e9lastique<br \/>\nMemoform et avec une structure \u00e0 cellules ouvertes BIOSGEL, un gel en mesure d\u2019absorber la chaleur.<br \/>\nR\u00e9sistant \u2013 L\u00e9ger et respirant &#8211; Test\u00e9 cliniquement \u2013 Dermocompatible.<br \/>\nConseill\u00e9 aux personnes qui souffrent particuli\u00e8rement de la chaleur nocturne. Gr\u00e2ce \u00e0 sa structure mol\u00e9culaire \u00e0 tr\u00e8s haute densit\u00e9, cet oreiller absorbe la chaleur beaucoup plus lentement que les autres oreillers traditionnels, en restant frais plus longtemps.<\/p>\n<p>Pour d\u00e9couvrir la marque Flou, <a href=\"https:\/\/www.mobilimariani.com\/fr\/concessionnaire-flou\/\">cliquez ici<\/a><\/p>\n<p>Pour d\u00e9couvrir tous nos oreillers,<a href=\"https:\/\/www.mobilimariani.com\/fr\/search\/oreiller\/page\/1\/\">\u00a0cliquez ici<\/a><\/p>\n<p>Vous voulez conna\u00eetre notre meilleur prix pour cet article?\u00a0<a href=\"https:\/\/www.mobilimariani.com\/fr\/contacts\/\">Cliquez ici<\/a> et envoyez-nous la demande<\/p>\n<p>Nous exp\u00e9dions o\u00f9 que vous soyez.<\/p>\n<p>&nbsp;<\/p>\n","protected":false},"excerpt":{"rendered":"FLOU OREILLER MEMOFORM AIR Housse finition fa\u00e7onn\u00e9e : 80% coton, 20% fibre anallergique. \u00c2me en mat\u00e9riau visco\u00e9lastique Memoform et avec une structure \u00e0 cellules ouvertes BIOSGEL, un gel en mesure d\u2019absorber la chaleur. R\u00e9sistant \u2013 L\u00e9ger et respirant &#8211; Test\u00e9 cliniquement \u2013 Dermocompatible. Conseill\u00e9 aux personnes qui souffrent particuli\u00e8rement de la chaleur nocturne. Gr\u00e2ce \u00e0&#8230; <a class=\"view-article\" href=\"https:\/\/www.mobilimariani.com\/fr\/flou-oreiller-memoform-air\/\">Voir l&#8217;article<\/a>","protected":false},"author":1,"featured_media":1163,"comment_status":"closed","ping_status":"closed","sticky":false,"template":"","format":"standard","meta":[],"categories":[18,36,1,5,2],"tags":[2179,2181],"yoast_head":"<!-- This site is optimized with the Yoast SEO plugin v16.2 - https:\/\/yoast.com\/wordpress\/plugins\/seo\/ -->\n<meta name=\"description\" content=\"FLOU OREILLER MEMOFORM AIR Housse finition fa\u00e7onn\u00e9e : 80% coton, 20% fibre anallergique. \u00c2me en mat\u00e9riau visco\u00e9lastique Memoform et avec une structure \u00e0\" \/>\n<meta name=\"robots\" content=\"index, follow, max-snippet:-1, max-image-preview:large, max-video-preview:-1\" \/>\n<link rel=\"canonical\" href=\"https:\/\/www.mobilimariani.com\/fr\/flou-oreiller-memoform-air\/\" \/>\n<meta property=\"og:locale\" content=\"fr_FR\" \/>\n<meta property=\"og:type\" content=\"article\" \/>\n<meta property=\"og:title\" content=\"FLOU OREILLER MEMOFORM AIR | Mobili Mariani\" \/>\n<meta property=\"og:description\" content=\"FLOU OREILLER MEMOFORM AIR Housse finition fa\u00e7onn\u00e9e : 80% coton, 20% fibre anallergique. \u00c2me en mat\u00e9riau visco\u00e9lastique Memoform et avec une structure \u00e0\" \/>\n<meta property=\"og:url\" content=\"https:\/\/www.mobilimariani.com\/fr\/flou-oreiller-memoform-air\/\" \/>\n<meta property=\"og:site_name\" content=\"Mobili Mariani\" \/>\n<meta property=\"article:published_time\" content=\"2017-01-14T16:50:28+00:00\" \/>\n<meta property=\"article:modified_time\" content=\"2021-05-08T14:30:11+00:00\" \/>\n<meta property=\"og:image\" content=\"https:\/\/www.mobilimariani.com\/wp-content\/uploads\/2015\/01\/MEMOFORM-AIR.jpg\" \/>\n\t<meta property=\"og:image:width\" content=\"1189\" \/>\n\t<meta property=\"og:image:height\" content=\"521\" \/>\n<meta name=\"twitter:label1\" content=\"Est. reading time\">\n\t<meta name=\"twitter:data1\" content=\"1 minute\">\n<script type=\"application\/ld+json\" class=\"yoast-schema-graph\">{\"@context\":\"https:\/\/schema.org\",\"@graph\":[{\"@type\":\"Organization\",\"@id\":\"https:\/\/www.mobilimariani.com\/#organization\",\"name\":\"Mobili Mariani\",\"url\":\"https:\/\/www.mobilimariani.com\/\",\"sameAs\":[],\"logo\":{\"@type\":\"ImageObject\",\"@id\":\"https:\/\/www.mobilimariani.com\/#logo\",\"inLanguage\":\"fr-CH\",\"url\":\"https:\/\/www.mobilimariani.com\/wp-content\/uploads\/2015\/12\/logo.png\",\"contentUrl\":\"https:\/\/www.mobilimariani.com\/wp-content\/uploads\/2015\/12\/logo.png\",\"width\":160,\"height\":110,\"caption\":\"Mobili Mariani\"},\"image\":{\"@id\":\"https:\/\/www.mobilimariani.com\/#logo\"}},{\"@type\":\"WebSite\",\"@id\":\"https:\/\/www.mobilimariani.com\/#website\",\"url\":\"https:\/\/www.mobilimariani.com\/\",\"name\":\"Mobili Mariani\",\"description\":\"Mobili Italia Svizzera\",\"publisher\":{\"@id\":\"https:\/\/www.mobilimariani.com\/#organization\"},\"potentialAction\":[{\"@type\":\"SearchAction\",\"target\":\"https:\/\/www.mobilimariani.com\/?s={search_term_string}\",\"query-input\":\"required name=search_term_string\"}],\"inLanguage\":\"fr-CH\"},{\"@type\":\"ImageObject\",\"@id\":\"https:\/\/www.mobilimariani.com\/fr\/flou-oreiller-memoform-air\/#primaryimage\",\"inLanguage\":\"fr-CH\",\"url\":\"https:\/\/www.mobilimariani.com\/wp-content\/uploads\/2015\/01\/MEMOFORM-AIR.jpg\",\"contentUrl\":\"https:\/\/www.mobilimariani.com\/wp-content\/uploads\/2015\/01\/MEMOFORM-AIR.jpg\",\"width\":1189,\"height\":521,\"caption\":\"FLOU GUANCIALE MEMOFORM AIR\"},{\"@type\":\"WebPage\",\"@id\":\"https:\/\/www.mobilimariani.com\/fr\/flou-oreiller-memoform-air\/#webpage\",\"url\":\"https:\/\/www.mobilimariani.com\/fr\/flou-oreiller-memoform-air\/\",\"name\":\"FLOU OREILLER MEMOFORM AIR | Mobili Mariani\",\"isPartOf\":{\"@id\":\"https:\/\/www.mobilimariani.com\/#website\"},\"primaryImageOfPage\":{\"@id\":\"https:\/\/www.mobilimariani.com\/fr\/flou-oreiller-memoform-air\/#primaryimage\"},\"datePublished\":\"2017-01-14T16:50:28+00:00\",\"dateModified\":\"2021-05-08T14:30:11+00:00\",\"description\":\"FLOU OREILLER MEMOFORM AIR Housse finition fa\\u00e7onn\\u00e9e : 80% coton, 20% fibre anallergique. \\u00c2me en mat\\u00e9riau visco\\u00e9lastique Memoform et avec une structure \\u00e0\",\"breadcrumb\":{\"@id\":\"https:\/\/www.mobilimariani.com\/fr\/flou-oreiller-memoform-air\/#breadcrumb\"},\"inLanguage\":\"fr-CH\",\"potentialAction\":[{\"@type\":\"ReadAction\",\"target\":[\"https:\/\/www.mobilimariani.com\/fr\/flou-oreiller-memoform-air\/\"]}]},{\"@type\":\"BreadcrumbList\",\"@id\":\"https:\/\/www.mobilimariani.com\/fr\/flou-oreiller-memoform-air\/#breadcrumb\",\"itemListElement\":[{\"@type\":\"ListItem\",\"position\":1,\"item\":{\"@type\":\"WebPage\",\"@id\":\"https:\/\/www.mobilimariani.com\/\",\"url\":\"https:\/\/www.mobilimariani.com\/\",\"name\":\"Home\"}},{\"@type\":\"ListItem\",\"position\":2,\"item\":{\"@id\":\"https:\/\/www.mobilimariani.com\/fr\/flou-oreiller-memoform-air\/#webpage\"}}]},{\"@type\":\"Article\",\"@id\":\"https:\/\/www.mobilimariani.com\/fr\/flou-oreiller-memoform-air\/#article\",\"isPartOf\":{\"@id\":\"https:\/\/www.mobilimariani.com\/fr\/flou-oreiller-memoform-air\/#webpage\"},\"author\":{\"@id\":\"https:\/\/www.mobilimariani.com\/#\/schema\/person\/4685d9f51269134e53f988c9122315f4\"},\"headline\":\"FLOU OREILLER MEMOFORM AIR\",\"datePublished\":\"2017-01-14T16:50:28+00:00\",\"dateModified\":\"2021-05-08T14:30:11+00:00\",\"mainEntityOfPage\":{\"@id\":\"https:\/\/www.mobilimariani.com\/fr\/flou-oreiller-memoform-air\/#webpage\"},\"publisher\":{\"@id\":\"https:\/\/www.mobilimariani.com\/#organization\"},\"image\":{\"@id\":\"https:\/\/www.mobilimariani.com\/fr\/flou-oreiller-memoform-air\/#primaryimage\"},\"keywords\":[\"accessoires de lit\",\"oreiller Flou\"],\"articleSection\":[\"Autre\",\"Chambres d&rsquo;enfants\",\"Catalogue\",\"Lits\",\"Zone nuit\"],\"inLanguage\":\"fr-CH\"},{\"@type\":\"Person\",\"@id\":\"https:\/\/www.mobilimariani.com\/#\/schema\/person\/4685d9f51269134e53f988c9122315f4\",\"name\":\"14m4rC008\",\"image\":{\"@type\":\"ImageObject\",\"@id\":\"https:\/\/www.mobilimariani.com\/#personlogo\",\"inLanguage\":\"fr-CH\",\"url\":\"https:\/\/secure.gravatar.com\/avatar\/dfaa6e536fec7030712cf850e9ddef45?s=96&d=mm&r=g\",\"contentUrl\":\"https:\/\/secure.gravatar.com\/avatar\/dfaa6e536fec7030712cf850e9ddef45?s=96&d=mm&r=g\",\"caption\":\"14m4rC008\"}}]}<\/script>\n<!-- \/ Yoast SEO plugin. -->","_links":{"self":[{"href":"https:\/\/www.mobilimariani.com\/fr\/wp-json\/wp\/v2\/posts\/9033"}],"collection":[{"href":"https:\/\/www.mobilimariani.com\/fr\/wp-json\/wp\/v2\/posts"}],"about":[{"href":"https:\/\/www.mobilimariani.com\/fr\/wp-json\/wp\/v2\/types\/post"}],"author":[{"embeddable":true,"href":"https:\/\/www.mobilimariani.com\/fr\/wp-json\/wp\/v2\/users\/1"}],"replies":[{"embeddable":true,"href":"https:\/\/www.mobilimariani.com\/fr\/wp-json\/wp\/v2\/comments?post=9033"}],"version-history":[{"count":5,"href":"https:\/\/www.mobilimariani.com\/fr\/wp-json\/wp\/v2\/posts\/9033\/revisions"}],"predecessor-version":[{"id":26945,"href":"https:\/\/www.mobilimariani.com\/fr\/wp-json\/wp\/v2\/posts\/9033\/revisions\/26945"}],"wp:featuredmedia":[{"embeddable":true,"href":"https:\/\/www.mobilimariani.com\/fr\/wp-json\/wp\/v2\/media\/1163"}],"wp:attachment":[{"href":"https:\/\/www.mobilimariani.com\/fr\/wp-json\/wp\/v2\/media?parent=9033"}],"wp:term":[{"taxonomy":"category","embeddable":true,"href":"https:\/\/www.mobilimariani.com\/fr\/wp-json\/wp\/v2\/categories?post=9033"},{"taxonomy":"post_tag","embeddable":true,"href":"https:\/\/www.mobilimariani.com\/fr\/wp-json\/wp\/v2\/tags?post=9033"}],"curies":[{"name":"wp","href":"https:\/\/api.w.org\/{rel}","templated":true}]}}