{"id":9025,"date":"2023-04-29T17:35:16","date_gmt":"2023-04-29T15:35:16","guid":{"rendered":"https:\/\/www.mobilimariani.com\/?p=9025"},"modified":"2024-06-29T08:36:06","modified_gmt":"2024-06-29T06:36:06","slug":"flou-oreiller-comfort","status":"publish","type":"post","link":"https:\/\/www.mobilimariani.com\/fr\/flou-oreiller-comfort\/","title":{"rendered":"FLOU OREILLER COMFORT"},"content":{"rendered":"<p>FLOU OREILLER COMFORT &#8211; \u00c9PUIS\u00c9<\/p>\n<p>Rev\u00eatement ext\u00e9rieur: 100% satin de coton ray\u00e9. Rev\u00eatement int\u00e9rieur: 100% jersey de coton.<br \/>\nProduit naturel de forme traditionnelle.<br \/>\nClimatis\u00e9, dot\u00e9 d\u2019une face laine et d\u2019une face coton.<br \/>\n\u00c2me centrale en latex bialv\u00e9olaire respirant.<\/p>\n<p>&nbsp;<\/p>\n","protected":false},"excerpt":{"rendered":"FLOU OREILLER COMFORT &#8211; \u00c9PUIS\u00c9 Rev\u00eatement ext\u00e9rieur: 100% satin de coton ray\u00e9. Rev\u00eatement int\u00e9rieur: 100% jersey de coton. Produit naturel de forme traditionnelle. Climatis\u00e9, dot\u00e9 d\u2019une face laine et d\u2019une face coton. \u00c2me centrale en latex bialv\u00e9olaire respirant. &nbsp;","protected":false},"author":1,"featured_media":6038,"comment_status":"closed","ping_status":"closed","sticky":false,"template":"","format":"standard","meta":[],"categories":[8,49,14,38],"tags":[2179,2181],"yoast_head":"<!-- This site is optimized with the Yoast SEO plugin v16.2 - https:\/\/yoast.com\/wordpress\/plugins\/seo\/ -->\n<meta name=\"description\" content=\"FLOU OREILLER COMFORT - \u00c9PUIS\u00c9 Rev\u00eatement ext\u00e9rieur: 100% satin de coton ray\u00e9. Rev\u00eatement int\u00e9rieur: 100% jersey de coton. Produit naturel de forme\" \/>\n<meta name=\"robots\" content=\"index, follow, max-snippet:-1, max-image-preview:large, max-video-preview:-1\" \/>\n<link rel=\"canonical\" href=\"https:\/\/www.mobilimariani.com\/fr\/flou-oreiller-comfort\/\" \/>\n<meta property=\"og:locale\" content=\"fr_FR\" \/>\n<meta property=\"og:type\" content=\"article\" \/>\n<meta property=\"og:title\" content=\"FLOU OREILLER COMFORT | Mobili Mariani\" \/>\n<meta property=\"og:description\" content=\"FLOU OREILLER COMFORT - \u00c9PUIS\u00c9 Rev\u00eatement ext\u00e9rieur: 100% satin de coton ray\u00e9. Rev\u00eatement int\u00e9rieur: 100% jersey de coton. Produit naturel de forme\" \/>\n<meta property=\"og:url\" content=\"https:\/\/www.mobilimariani.com\/fr\/flou-oreiller-comfort\/\" \/>\n<meta property=\"og:site_name\" content=\"Mobili Mariani\" \/>\n<meta property=\"article:published_time\" content=\"2023-04-29T15:35:16+00:00\" \/>\n<meta property=\"article:modified_time\" content=\"2024-06-29T06:36:06+00:00\" \/>\n<meta property=\"og:image\" content=\"https:\/\/www.mobilimariani.com\/wp-content\/uploads\/2015\/07\/Appunti012.jpg\" \/>\n\t<meta property=\"og:image:width\" content=\"662\" \/>\n\t<meta property=\"og:image:height\" content=\"388\" \/>\n<meta name=\"twitter:label1\" content=\"Est. reading time\">\n\t<meta name=\"twitter:data1\" content=\"1 minute\">\n<script type=\"application\/ld+json\" class=\"yoast-schema-graph\">{\"@context\":\"https:\/\/schema.org\",\"@graph\":[{\"@type\":\"Organization\",\"@id\":\"https:\/\/www.mobilimariani.com\/#organization\",\"name\":\"Mobili Mariani\",\"url\":\"https:\/\/www.mobilimariani.com\/\",\"sameAs\":[],\"logo\":{\"@type\":\"ImageObject\",\"@id\":\"https:\/\/www.mobilimariani.com\/#logo\",\"inLanguage\":\"fr-CH\",\"url\":\"https:\/\/www.mobilimariani.com\/wp-content\/uploads\/2015\/12\/logo.png\",\"contentUrl\":\"https:\/\/www.mobilimariani.com\/wp-content\/uploads\/2015\/12\/logo.png\",\"width\":160,\"height\":110,\"caption\":\"Mobili Mariani\"},\"image\":{\"@id\":\"https:\/\/www.mobilimariani.com\/#logo\"}},{\"@type\":\"WebSite\",\"@id\":\"https:\/\/www.mobilimariani.com\/#website\",\"url\":\"https:\/\/www.mobilimariani.com\/\",\"name\":\"Mobili Mariani\",\"description\":\"Mobili Italia Svizzera\",\"publisher\":{\"@id\":\"https:\/\/www.mobilimariani.com\/#organization\"},\"potentialAction\":[{\"@type\":\"SearchAction\",\"target\":\"https:\/\/www.mobilimariani.com\/?s={search_term_string}\",\"query-input\":\"required name=search_term_string\"}],\"inLanguage\":\"fr-CH\"},{\"@type\":\"ImageObject\",\"@id\":\"https:\/\/www.mobilimariani.com\/fr\/flou-oreiller-comfort\/#primaryimage\",\"inLanguage\":\"fr-CH\",\"url\":\"https:\/\/www.mobilimariani.com\/wp-content\/uploads\/2015\/07\/Appunti012.jpg\",\"contentUrl\":\"https:\/\/www.mobilimariani.com\/wp-content\/uploads\/2015\/07\/Appunti012.jpg\",\"width\":662,\"height\":388,\"caption\":\"FLOU GUANCIALE COMFORT\"},{\"@type\":\"WebPage\",\"@id\":\"https:\/\/www.mobilimariani.com\/fr\/flou-oreiller-comfort\/#webpage\",\"url\":\"https:\/\/www.mobilimariani.com\/fr\/flou-oreiller-comfort\/\",\"name\":\"FLOU OREILLER COMFORT | Mobili Mariani\",\"isPartOf\":{\"@id\":\"https:\/\/www.mobilimariani.com\/#website\"},\"primaryImageOfPage\":{\"@id\":\"https:\/\/www.mobilimariani.com\/fr\/flou-oreiller-comfort\/#primaryimage\"},\"datePublished\":\"2023-04-29T15:35:16+00:00\",\"dateModified\":\"2024-06-29T06:36:06+00:00\",\"description\":\"FLOU OREILLER COMFORT - \\u00c9PUIS\\u00c9 Rev\\u00eatement ext\\u00e9rieur: 100% satin de coton ray\\u00e9. Rev\\u00eatement int\\u00e9rieur: 100% jersey de coton. Produit naturel de forme\",\"breadcrumb\":{\"@id\":\"https:\/\/www.mobilimariani.com\/fr\/flou-oreiller-comfort\/#breadcrumb\"},\"inLanguage\":\"fr-CH\",\"potentialAction\":[{\"@type\":\"ReadAction\",\"target\":[\"https:\/\/www.mobilimariani.com\/fr\/flou-oreiller-comfort\/\"]}]},{\"@type\":\"BreadcrumbList\",\"@id\":\"https:\/\/www.mobilimariani.com\/fr\/flou-oreiller-comfort\/#breadcrumb\",\"itemListElement\":[{\"@type\":\"ListItem\",\"position\":1,\"item\":{\"@type\":\"WebPage\",\"@id\":\"https:\/\/www.mobilimariani.com\/\",\"url\":\"https:\/\/www.mobilimariani.com\/\",\"name\":\"Home\"}},{\"@type\":\"ListItem\",\"position\":2,\"item\":{\"@id\":\"https:\/\/www.mobilimariani.com\/fr\/flou-oreiller-comfort\/#webpage\"}}]},{\"@type\":\"Article\",\"@id\":\"https:\/\/www.mobilimariani.com\/fr\/flou-oreiller-comfort\/#article\",\"isPartOf\":{\"@id\":\"https:\/\/www.mobilimariani.com\/fr\/flou-oreiller-comfort\/#webpage\"},\"author\":{\"@id\":\"https:\/\/www.mobilimariani.com\/#\/schema\/person\/4685d9f51269134e53f988c9122315f4\"},\"headline\":\"FLOU OREILLER COMFORT\",\"datePublished\":\"2023-04-29T15:35:16+00:00\",\"dateModified\":\"2024-06-29T06:36:06+00:00\",\"mainEntityOfPage\":{\"@id\":\"https:\/\/www.mobilimariani.com\/fr\/flou-oreiller-comfort\/#webpage\"},\"publisher\":{\"@id\":\"https:\/\/www.mobilimariani.com\/#organization\"},\"image\":{\"@id\":\"https:\/\/www.mobilimariani.com\/fr\/flou-oreiller-comfort\/#primaryimage\"},\"keywords\":[\"accessoires de lit\",\"oreiller Flou\"],\"articleSection\":[\"News\",\"Offres zone nuit\",\"Outlet\",\"Promotions\"],\"inLanguage\":\"fr-CH\"},{\"@type\":\"Person\",\"@id\":\"https:\/\/www.mobilimariani.com\/#\/schema\/person\/4685d9f51269134e53f988c9122315f4\",\"name\":\"14m4rC008\",\"image\":{\"@type\":\"ImageObject\",\"@id\":\"https:\/\/www.mobilimariani.com\/#personlogo\",\"inLanguage\":\"fr-CH\",\"url\":\"https:\/\/secure.gravatar.com\/avatar\/dfaa6e536fec7030712cf850e9ddef45?s=96&d=mm&r=g\",\"contentUrl\":\"https:\/\/secure.gravatar.com\/avatar\/dfaa6e536fec7030712cf850e9ddef45?s=96&d=mm&r=g\",\"caption\":\"14m4rC008\"}}]}<\/script>\n<!-- \/ Yoast SEO plugin. -->","_links":{"self":[{"href":"https:\/\/www.mobilimariani.com\/fr\/wp-json\/wp\/v2\/posts\/9025"}],"collection":[{"href":"https:\/\/www.mobilimariani.com\/fr\/wp-json\/wp\/v2\/posts"}],"about":[{"href":"https:\/\/www.mobilimariani.com\/fr\/wp-json\/wp\/v2\/types\/post"}],"author":[{"embeddable":true,"href":"https:\/\/www.mobilimariani.com\/fr\/wp-json\/wp\/v2\/users\/1"}],"replies":[{"embeddable":true,"href":"https:\/\/www.mobilimariani.com\/fr\/wp-json\/wp\/v2\/comments?post=9025"}],"version-history":[{"count":10,"href":"https:\/\/www.mobilimariani.com\/fr\/wp-json\/wp\/v2\/posts\/9025\/revisions"}],"predecessor-version":[{"id":30708,"href":"https:\/\/www.mobilimariani.com\/fr\/wp-json\/wp\/v2\/posts\/9025\/revisions\/30708"}],"wp:featuredmedia":[{"embeddable":true,"href":"https:\/\/www.mobilimariani.com\/fr\/wp-json\/wp\/v2\/media\/6038"}],"wp:attachment":[{"href":"https:\/\/www.mobilimariani.com\/fr\/wp-json\/wp\/v2\/media?parent=9025"}],"wp:term":[{"taxonomy":"category","embeddable":true,"href":"https:\/\/www.mobilimariani.com\/fr\/wp-json\/wp\/v2\/categories?post=9025"},{"taxonomy":"post_tag","embeddable":true,"href":"https:\/\/www.mobilimariani.com\/fr\/wp-json\/wp\/v2\/tags?post=9025"}],"curies":[{"name":"wp","href":"https:\/\/api.w.org\/{rel}","templated":true}]}}