{"id":9023,"date":"2024-04-29T17:29:26","date_gmt":"2024-04-29T15:29:26","guid":{"rendered":"https:\/\/www.mobilimariani.com\/?p=9023"},"modified":"2025-09-30T20:05:38","modified_gmt":"2025-09-30T18:05:38","slug":"flou-oreiller-adaptatif","status":"publish","type":"post","link":"https:\/\/www.mobilimariani.com\/fr\/flou-oreiller-adaptatif\/","title":{"rendered":"FLOU OREILLER ADAPTATIF"},"content":{"rendered":"<p>FLOU OREILLER ADAPTATIF<\/p>\n<p>Rev\u00eatement ext\u00e9rieur : 60% fibre anallergique &#8211; 40% viscose.<br \/>\nForme ergo-anatomique en mat\u00e9riau visco\u00e9lastique \u00e0 m\u00e9moire de forme.<br \/>\nIl est \u00e9tudi\u00e9 pour s\u2019adapter \u00e0 diff\u00e9rentes corpulences gr\u00e2ce \u00e0 une conformation ergonomique exclusive \u00ab \u00e0 m\u00e9moire de forme \u00bb qui permet son utilisation dans deux positions diff\u00e9rentes.<\/p>\n<p>Liste de prix \u20ac. 177,00<\/p>\n<p><strong>PRIX AUTONOME \u20ac. 95,00<\/strong><\/p>\n<p>DISPONIBLE JUSQU\u2019\u00c0 \u00c9PUISEMENT DES STOCKS<\/p>\n<p>Pour d\u00e9couvrir tous nos oreillers,<a href=\"https:\/\/www.mobilimariani.com\/fr\/search\/oreiller\/page\/1\/\">\u00a0cliquez ici<\/a><\/p>\n<p>Pour voir toutes nos ventes,\u00a0<a href=\"https:\/\/www.mobilimariani.com\/fr\/search\/VENTES\">cliquez ici<\/a><\/p>\n<p>Pour d\u00e9couvrir la marque Flou,\u00a0<a href=\"https:\/\/www.mobilimariani.com\/fr\/concessionnaire-flou\/\">cliquez ici<\/a><\/p>\n<p>Avez-vous besoin de plus d\u2019informations?<\/p>\n<p><a href=\"https:\/\/www.mobilimariani.com\/fr\/contacts\/\" target=\"_blank\" rel=\"noreferrer noopener\">Cliquez ici\u00a0<\/a>\u00a0et nous vous r\u00e9pondrons<\/p>\n<p>&nbsp;<\/p>\n","protected":false},"excerpt":{"rendered":"FLOU OREILLER ADAPTATIF Rev\u00eatement ext\u00e9rieur : 60% fibre anallergique &#8211; 40% viscose. Forme ergo-anatomique en mat\u00e9riau visco\u00e9lastique \u00e0 m\u00e9moire de forme. Il est \u00e9tudi\u00e9 pour s\u2019adapter \u00e0 diff\u00e9rentes corpulences gr\u00e2ce \u00e0 une conformation ergonomique exclusive \u00ab \u00e0 m\u00e9moire de forme \u00bb qui permet son utilisation dans deux positions diff\u00e9rentes. Liste de prix \u20ac. 177,00 PRIX&#8230; <a class=\"view-article\" href=\"https:\/\/www.mobilimariani.com\/fr\/flou-oreiller-adaptatif\/\">Voir l&#8217;article<\/a>","protected":false},"author":1,"featured_media":6041,"comment_status":"closed","ping_status":"closed","sticky":false,"template":"","format":"standard","meta":[],"categories":[8,49,14,38],"tags":[2179,2181],"yoast_head":"<!-- This site is optimized with the Yoast SEO plugin v16.2 - https:\/\/yoast.com\/wordpress\/plugins\/seo\/ -->\n<meta name=\"description\" content=\"FLOU OREILLER ADAPTATIF Rev\u00eatement ext\u00e9rieur : 60% fibre anallergique - 40% viscose. Forme ergo-anatomique en mat\u00e9riau visco\u00e9lastique \u00e0 m\u00e9moire de forme.\" \/>\n<meta name=\"robots\" content=\"index, follow, max-snippet:-1, max-image-preview:large, max-video-preview:-1\" \/>\n<link rel=\"canonical\" href=\"https:\/\/www.mobilimariani.com\/fr\/flou-oreiller-adaptatif\/\" \/>\n<meta property=\"og:locale\" content=\"fr_FR\" \/>\n<meta property=\"og:type\" content=\"article\" \/>\n<meta property=\"og:title\" content=\"FLOU OREILLER ADAPTATIF | Mobili Mariani\" \/>\n<meta property=\"og:description\" content=\"FLOU OREILLER ADAPTATIF Rev\u00eatement ext\u00e9rieur : 60% fibre anallergique - 40% viscose. Forme ergo-anatomique en mat\u00e9riau visco\u00e9lastique \u00e0 m\u00e9moire de forme.\" \/>\n<meta property=\"og:url\" content=\"https:\/\/www.mobilimariani.com\/fr\/flou-oreiller-adaptatif\/\" \/>\n<meta property=\"og:site_name\" content=\"Mobili Mariani\" \/>\n<meta property=\"article:published_time\" content=\"2024-04-29T15:29:26+00:00\" \/>\n<meta property=\"article:modified_time\" content=\"2025-09-30T18:05:38+00:00\" \/>\n<meta property=\"og:image\" content=\"https:\/\/www.mobilimariani.com\/wp-content\/uploads\/2015\/07\/127.jpg\" \/>\n\t<meta property=\"og:image:width\" content=\"551\" \/>\n\t<meta property=\"og:image:height\" content=\"529\" \/>\n<meta name=\"twitter:label1\" content=\"Est. reading time\">\n\t<meta name=\"twitter:data1\" content=\"1 minute\">\n<script type=\"application\/ld+json\" class=\"yoast-schema-graph\">{\"@context\":\"https:\/\/schema.org\",\"@graph\":[{\"@type\":\"Organization\",\"@id\":\"https:\/\/www.mobilimariani.com\/#organization\",\"name\":\"Mobili Mariani\",\"url\":\"https:\/\/www.mobilimariani.com\/\",\"sameAs\":[],\"logo\":{\"@type\":\"ImageObject\",\"@id\":\"https:\/\/www.mobilimariani.com\/#logo\",\"inLanguage\":\"fr-CH\",\"url\":\"https:\/\/www.mobilimariani.com\/wp-content\/uploads\/2015\/12\/logo.png\",\"contentUrl\":\"https:\/\/www.mobilimariani.com\/wp-content\/uploads\/2015\/12\/logo.png\",\"width\":160,\"height\":110,\"caption\":\"Mobili Mariani\"},\"image\":{\"@id\":\"https:\/\/www.mobilimariani.com\/#logo\"}},{\"@type\":\"WebSite\",\"@id\":\"https:\/\/www.mobilimariani.com\/#website\",\"url\":\"https:\/\/www.mobilimariani.com\/\",\"name\":\"Mobili Mariani\",\"description\":\"Mobili Italia Svizzera\",\"publisher\":{\"@id\":\"https:\/\/www.mobilimariani.com\/#organization\"},\"potentialAction\":[{\"@type\":\"SearchAction\",\"target\":\"https:\/\/www.mobilimariani.com\/?s={search_term_string}\",\"query-input\":\"required name=search_term_string\"}],\"inLanguage\":\"fr-CH\"},{\"@type\":\"ImageObject\",\"@id\":\"https:\/\/www.mobilimariani.com\/fr\/flou-oreiller-adaptatif\/#primaryimage\",\"inLanguage\":\"fr-CH\",\"url\":\"https:\/\/www.mobilimariani.com\/wp-content\/uploads\/2015\/07\/127.jpg\",\"contentUrl\":\"https:\/\/www.mobilimariani.com\/wp-content\/uploads\/2015\/07\/127.jpg\",\"width\":551,\"height\":529,\"caption\":\"FLOU GUANCIALE ADAPTIVE\"},{\"@type\":\"WebPage\",\"@id\":\"https:\/\/www.mobilimariani.com\/fr\/flou-oreiller-adaptatif\/#webpage\",\"url\":\"https:\/\/www.mobilimariani.com\/fr\/flou-oreiller-adaptatif\/\",\"name\":\"FLOU OREILLER ADAPTATIF | Mobili Mariani\",\"isPartOf\":{\"@id\":\"https:\/\/www.mobilimariani.com\/#website\"},\"primaryImageOfPage\":{\"@id\":\"https:\/\/www.mobilimariani.com\/fr\/flou-oreiller-adaptatif\/#primaryimage\"},\"datePublished\":\"2024-04-29T15:29:26+00:00\",\"dateModified\":\"2025-09-30T18:05:38+00:00\",\"description\":\"FLOU OREILLER ADAPTATIF Rev\\u00eatement ext\\u00e9rieur : 60% fibre anallergique - 40% viscose. Forme ergo-anatomique en mat\\u00e9riau visco\\u00e9lastique \\u00e0 m\\u00e9moire de forme.\",\"breadcrumb\":{\"@id\":\"https:\/\/www.mobilimariani.com\/fr\/flou-oreiller-adaptatif\/#breadcrumb\"},\"inLanguage\":\"fr-CH\",\"potentialAction\":[{\"@type\":\"ReadAction\",\"target\":[\"https:\/\/www.mobilimariani.com\/fr\/flou-oreiller-adaptatif\/\"]}]},{\"@type\":\"BreadcrumbList\",\"@id\":\"https:\/\/www.mobilimariani.com\/fr\/flou-oreiller-adaptatif\/#breadcrumb\",\"itemListElement\":[{\"@type\":\"ListItem\",\"position\":1,\"item\":{\"@type\":\"WebPage\",\"@id\":\"https:\/\/www.mobilimariani.com\/\",\"url\":\"https:\/\/www.mobilimariani.com\/\",\"name\":\"Home\"}},{\"@type\":\"ListItem\",\"position\":2,\"item\":{\"@id\":\"https:\/\/www.mobilimariani.com\/fr\/flou-oreiller-adaptatif\/#webpage\"}}]},{\"@type\":\"Article\",\"@id\":\"https:\/\/www.mobilimariani.com\/fr\/flou-oreiller-adaptatif\/#article\",\"isPartOf\":{\"@id\":\"https:\/\/www.mobilimariani.com\/fr\/flou-oreiller-adaptatif\/#webpage\"},\"author\":{\"@id\":\"https:\/\/www.mobilimariani.com\/#\/schema\/person\/4685d9f51269134e53f988c9122315f4\"},\"headline\":\"FLOU OREILLER ADAPTATIF\",\"datePublished\":\"2024-04-29T15:29:26+00:00\",\"dateModified\":\"2025-09-30T18:05:38+00:00\",\"mainEntityOfPage\":{\"@id\":\"https:\/\/www.mobilimariani.com\/fr\/flou-oreiller-adaptatif\/#webpage\"},\"publisher\":{\"@id\":\"https:\/\/www.mobilimariani.com\/#organization\"},\"image\":{\"@id\":\"https:\/\/www.mobilimariani.com\/fr\/flou-oreiller-adaptatif\/#primaryimage\"},\"keywords\":[\"accessoires de lit\",\"oreiller Flou\"],\"articleSection\":[\"News\",\"Offres zone nuit\",\"Outlet\",\"Promotions\"],\"inLanguage\":\"fr-CH\"},{\"@type\":\"Person\",\"@id\":\"https:\/\/www.mobilimariani.com\/#\/schema\/person\/4685d9f51269134e53f988c9122315f4\",\"name\":\"14m4rC008\",\"image\":{\"@type\":\"ImageObject\",\"@id\":\"https:\/\/www.mobilimariani.com\/#personlogo\",\"inLanguage\":\"fr-CH\",\"url\":\"https:\/\/secure.gravatar.com\/avatar\/dfaa6e536fec7030712cf850e9ddef45?s=96&d=mm&r=g\",\"contentUrl\":\"https:\/\/secure.gravatar.com\/avatar\/dfaa6e536fec7030712cf850e9ddef45?s=96&d=mm&r=g\",\"caption\":\"14m4rC008\"}}]}<\/script>\n<!-- \/ Yoast SEO plugin. -->","_links":{"self":[{"href":"https:\/\/www.mobilimariani.com\/fr\/wp-json\/wp\/v2\/posts\/9023"}],"collection":[{"href":"https:\/\/www.mobilimariani.com\/fr\/wp-json\/wp\/v2\/posts"}],"about":[{"href":"https:\/\/www.mobilimariani.com\/fr\/wp-json\/wp\/v2\/types\/post"}],"author":[{"embeddable":true,"href":"https:\/\/www.mobilimariani.com\/fr\/wp-json\/wp\/v2\/users\/1"}],"replies":[{"embeddable":true,"href":"https:\/\/www.mobilimariani.com\/fr\/wp-json\/wp\/v2\/comments?post=9023"}],"version-history":[{"count":11,"href":"https:\/\/www.mobilimariani.com\/fr\/wp-json\/wp\/v2\/posts\/9023\/revisions"}],"predecessor-version":[{"id":33013,"href":"https:\/\/www.mobilimariani.com\/fr\/wp-json\/wp\/v2\/posts\/9023\/revisions\/33013"}],"wp:featuredmedia":[{"embeddable":true,"href":"https:\/\/www.mobilimariani.com\/fr\/wp-json\/wp\/v2\/media\/6041"}],"wp:attachment":[{"href":"https:\/\/www.mobilimariani.com\/fr\/wp-json\/wp\/v2\/media?parent=9023"}],"wp:term":[{"taxonomy":"category","embeddable":true,"href":"https:\/\/www.mobilimariani.com\/fr\/wp-json\/wp\/v2\/categories?post=9023"},{"taxonomy":"post_tag","embeddable":true,"href":"https:\/\/www.mobilimariani.com\/fr\/wp-json\/wp\/v2\/tags?post=9023"}],"curies":[{"name":"wp","href":"https:\/\/api.w.org\/{rel}","templated":true}]}}