{"id":9019,"date":"2015-12-04T17:16:23","date_gmt":"2015-12-04T16:16:23","guid":{"rendered":"https:\/\/www.mobilimariani.com\/?p=9019"},"modified":"2025-12-09T15:30:03","modified_gmt":"2025-12-09T14:30:03","slug":"flou-couvre-lit","status":"publish","type":"post","link":"https:\/\/www.mobilimariani.com\/fr\/flou-couvre-lit\/","title":{"rendered":"FLOU COUVRE-LIT"},"content":{"rendered":"<p>FLOU COUVRE-LIT<\/p>\n<p>L&#8217; ensemble des couvre-lits Flou est compos\u00e9 de housse de couette cousu sur trois c\u00f4t\u00e9s, la feuille de fond tendait les angles et les taies d&#8217;oreiller.\u00a0Vous pouvez choisir parmi une collection de plus de 250 housse de couette coordonn\u00e9e et, selon le type de matelas, entre 9 largeurs ( 85\/90\/100\/120\/140\/160\/170\/180\/200 ) et 2 longueurs ( 200\/210 ) diff\u00e9rentes.\u00a0Les collections sont mises \u00e0 jour chaque ann\u00e9e dans les couleurs et les motifs, selon les derni\u00e8res tendances de la mode.<\/p>\n<p>Pour d\u00e9couvrir la marque FLOU, <a href=\"https:\/\/www.mobilimariani.com\/fr\/concessionnaire-flou\/\">cliquez ici<\/a><\/p>\n<p>Vous voulez conna\u00eetre notre meilleur prix pour cet article?\u00a0<a href=\"https:\/\/www.mobilimariani.com\/fr\/contacts\/\">Cliquez ici<\/a> et envoyez-nous la demande<\/p>\n<p><strong>Pour nos clients suisses, il sera d\u00e9duit l&#8217;I.V.A. italienne \u00e0 hauteur de 22%.<\/strong><\/p>\n","protected":false},"excerpt":{"rendered":"FLOU COUVRE-LIT L&#8217; ensemble des couvre-lits Flou est compos\u00e9 de housse de couette cousu sur trois c\u00f4t\u00e9s, la feuille de fond tendait les angles et les taies d&#8217;oreiller.\u00a0Vous pouvez choisir parmi une collection de plus de 250 housse de couette coordonn\u00e9e et, selon le type de matelas, entre 9 largeurs ( 85\/90\/100\/120\/140\/160\/170\/180\/200 ) et 2&#8230; <a class=\"view-article\" href=\"https:\/\/www.mobilimariani.com\/fr\/flou-couvre-lit\/\">Voir l&#8217;article<\/a>","protected":false},"author":1,"featured_media":6053,"comment_status":"closed","ping_status":"closed","sticky":false,"template":"","format":"standard","meta":[],"categories":[18,36,1,5,2],"tags":[],"yoast_head":"<!-- This site is optimized with the Yoast SEO plugin v16.2 - https:\/\/yoast.com\/wordpress\/plugins\/seo\/ -->\n<meta name=\"description\" content=\"FLOU COUVRE-LIT L&#039; ensemble des couvre-lits Flou est compos\u00e9 de housse de couette cousu sur trois c\u00f4t\u00e9s, la feuille de fond tendait les angles et les\" \/>\n<meta name=\"robots\" content=\"index, follow, max-snippet:-1, max-image-preview:large, max-video-preview:-1\" \/>\n<link rel=\"canonical\" href=\"https:\/\/www.mobilimariani.com\/fr\/flou-couvre-lit\/\" \/>\n<meta property=\"og:locale\" content=\"fr_FR\" \/>\n<meta property=\"og:type\" content=\"article\" \/>\n<meta property=\"og:title\" content=\"FLOU COUVRE-LIT | Mobili Mariani\" \/>\n<meta property=\"og:description\" content=\"FLOU COUVRE-LIT L&#039; ensemble des couvre-lits Flou est compos\u00e9 de housse de couette cousu sur trois c\u00f4t\u00e9s, la feuille de fond tendait les angles et les\" \/>\n<meta property=\"og:url\" content=\"https:\/\/www.mobilimariani.com\/fr\/flou-couvre-lit\/\" \/>\n<meta property=\"og:site_name\" content=\"Mobili Mariani\" \/>\n<meta property=\"article:published_time\" content=\"2015-12-04T16:16:23+00:00\" \/>\n<meta property=\"article:modified_time\" content=\"2025-12-09T14:30:03+00:00\" \/>\n<meta property=\"og:image\" content=\"https:\/\/www.mobilimariani.com\/wp-content\/uploads\/2015\/07\/100.jpg\" \/>\n\t<meta property=\"og:image:width\" content=\"495\" \/>\n\t<meta property=\"og:image:height\" content=\"617\" \/>\n<meta name=\"twitter:label1\" content=\"Est. reading time\">\n\t<meta name=\"twitter:data1\" content=\"1 minute\">\n<script type=\"application\/ld+json\" class=\"yoast-schema-graph\">{\"@context\":\"https:\/\/schema.org\",\"@graph\":[{\"@type\":\"Organization\",\"@id\":\"https:\/\/www.mobilimariani.com\/#organization\",\"name\":\"Mobili Mariani\",\"url\":\"https:\/\/www.mobilimariani.com\/\",\"sameAs\":[],\"logo\":{\"@type\":\"ImageObject\",\"@id\":\"https:\/\/www.mobilimariani.com\/#logo\",\"inLanguage\":\"fr-CH\",\"url\":\"https:\/\/www.mobilimariani.com\/wp-content\/uploads\/2015\/12\/logo.png\",\"contentUrl\":\"https:\/\/www.mobilimariani.com\/wp-content\/uploads\/2015\/12\/logo.png\",\"width\":160,\"height\":110,\"caption\":\"Mobili Mariani\"},\"image\":{\"@id\":\"https:\/\/www.mobilimariani.com\/#logo\"}},{\"@type\":\"WebSite\",\"@id\":\"https:\/\/www.mobilimariani.com\/#website\",\"url\":\"https:\/\/www.mobilimariani.com\/\",\"name\":\"Mobili Mariani\",\"description\":\"Mobili Italia Svizzera\",\"publisher\":{\"@id\":\"https:\/\/www.mobilimariani.com\/#organization\"},\"potentialAction\":[{\"@type\":\"SearchAction\",\"target\":\"https:\/\/www.mobilimariani.com\/?s={search_term_string}\",\"query-input\":\"required name=search_term_string\"}],\"inLanguage\":\"fr-CH\"},{\"@type\":\"ImageObject\",\"@id\":\"https:\/\/www.mobilimariani.com\/fr\/flou-couvre-lit\/#primaryimage\",\"inLanguage\":\"fr-CH\",\"url\":\"https:\/\/www.mobilimariani.com\/wp-content\/uploads\/2015\/07\/100.jpg\",\"contentUrl\":\"https:\/\/www.mobilimariani.com\/wp-content\/uploads\/2015\/07\/100.jpg\",\"width\":495,\"height\":617,\"caption\":\"FLOU COPRIPIUMINI\"},{\"@type\":\"WebPage\",\"@id\":\"https:\/\/www.mobilimariani.com\/fr\/flou-couvre-lit\/#webpage\",\"url\":\"https:\/\/www.mobilimariani.com\/fr\/flou-couvre-lit\/\",\"name\":\"FLOU COUVRE-LIT | Mobili Mariani\",\"isPartOf\":{\"@id\":\"https:\/\/www.mobilimariani.com\/#website\"},\"primaryImageOfPage\":{\"@id\":\"https:\/\/www.mobilimariani.com\/fr\/flou-couvre-lit\/#primaryimage\"},\"datePublished\":\"2015-12-04T16:16:23+00:00\",\"dateModified\":\"2025-12-09T14:30:03+00:00\",\"description\":\"FLOU COUVRE-LIT L' ensemble des couvre-lits Flou est compos\\u00e9 de housse de couette cousu sur trois c\\u00f4t\\u00e9s, la feuille de fond tendait les angles et les\",\"breadcrumb\":{\"@id\":\"https:\/\/www.mobilimariani.com\/fr\/flou-couvre-lit\/#breadcrumb\"},\"inLanguage\":\"fr-CH\",\"potentialAction\":[{\"@type\":\"ReadAction\",\"target\":[\"https:\/\/www.mobilimariani.com\/fr\/flou-couvre-lit\/\"]}]},{\"@type\":\"BreadcrumbList\",\"@id\":\"https:\/\/www.mobilimariani.com\/fr\/flou-couvre-lit\/#breadcrumb\",\"itemListElement\":[{\"@type\":\"ListItem\",\"position\":1,\"item\":{\"@type\":\"WebPage\",\"@id\":\"https:\/\/www.mobilimariani.com\/\",\"url\":\"https:\/\/www.mobilimariani.com\/\",\"name\":\"Home\"}},{\"@type\":\"ListItem\",\"position\":2,\"item\":{\"@id\":\"https:\/\/www.mobilimariani.com\/fr\/flou-couvre-lit\/#webpage\"}}]},{\"@type\":\"Article\",\"@id\":\"https:\/\/www.mobilimariani.com\/fr\/flou-couvre-lit\/#article\",\"isPartOf\":{\"@id\":\"https:\/\/www.mobilimariani.com\/fr\/flou-couvre-lit\/#webpage\"},\"author\":{\"@id\":\"https:\/\/www.mobilimariani.com\/#\/schema\/person\/4685d9f51269134e53f988c9122315f4\"},\"headline\":\"FLOU COUVRE-LIT\",\"datePublished\":\"2015-12-04T16:16:23+00:00\",\"dateModified\":\"2025-12-09T14:30:03+00:00\",\"mainEntityOfPage\":{\"@id\":\"https:\/\/www.mobilimariani.com\/fr\/flou-couvre-lit\/#webpage\"},\"publisher\":{\"@id\":\"https:\/\/www.mobilimariani.com\/#organization\"},\"image\":{\"@id\":\"https:\/\/www.mobilimariani.com\/fr\/flou-couvre-lit\/#primaryimage\"},\"articleSection\":[\"Autre\",\"Chambres d&rsquo;enfants\",\"Catalogue\",\"Lits\",\"Zone nuit\"],\"inLanguage\":\"fr-CH\"},{\"@type\":\"Person\",\"@id\":\"https:\/\/www.mobilimariani.com\/#\/schema\/person\/4685d9f51269134e53f988c9122315f4\",\"name\":\"14m4rC008\",\"image\":{\"@type\":\"ImageObject\",\"@id\":\"https:\/\/www.mobilimariani.com\/#personlogo\",\"inLanguage\":\"fr-CH\",\"url\":\"https:\/\/secure.gravatar.com\/avatar\/dfaa6e536fec7030712cf850e9ddef45?s=96&d=mm&r=g\",\"contentUrl\":\"https:\/\/secure.gravatar.com\/avatar\/dfaa6e536fec7030712cf850e9ddef45?s=96&d=mm&r=g\",\"caption\":\"14m4rC008\"}}]}<\/script>\n<!-- \/ Yoast SEO plugin. -->","_links":{"self":[{"href":"https:\/\/www.mobilimariani.com\/fr\/wp-json\/wp\/v2\/posts\/9019"}],"collection":[{"href":"https:\/\/www.mobilimariani.com\/fr\/wp-json\/wp\/v2\/posts"}],"about":[{"href":"https:\/\/www.mobilimariani.com\/fr\/wp-json\/wp\/v2\/types\/post"}],"author":[{"embeddable":true,"href":"https:\/\/www.mobilimariani.com\/fr\/wp-json\/wp\/v2\/users\/1"}],"replies":[{"embeddable":true,"href":"https:\/\/www.mobilimariani.com\/fr\/wp-json\/wp\/v2\/comments?post=9019"}],"version-history":[{"count":2,"href":"https:\/\/www.mobilimariani.com\/fr\/wp-json\/wp\/v2\/posts\/9019\/revisions"}],"predecessor-version":[{"id":9238,"href":"https:\/\/www.mobilimariani.com\/fr\/wp-json\/wp\/v2\/posts\/9019\/revisions\/9238"}],"wp:featuredmedia":[{"embeddable":true,"href":"https:\/\/www.mobilimariani.com\/fr\/wp-json\/wp\/v2\/media\/6053"}],"wp:attachment":[{"href":"https:\/\/www.mobilimariani.com\/fr\/wp-json\/wp\/v2\/media?parent=9019"}],"wp:term":[{"taxonomy":"category","embeddable":true,"href":"https:\/\/www.mobilimariani.com\/fr\/wp-json\/wp\/v2\/categories?post=9019"},{"taxonomy":"post_tag","embeddable":true,"href":"https:\/\/www.mobilimariani.com\/fr\/wp-json\/wp\/v2\/tags?post=9019"}],"curies":[{"name":"wp","href":"https:\/\/api.w.org\/{rel}","templated":true}]}}