{"id":9017,"date":"2015-12-04T17:10:11","date_gmt":"2015-12-04T16:10:11","guid":{"rendered":"https:\/\/www.mobilimariani.com\/?p=9017"},"modified":"2020-04-10T18:58:50","modified_gmt":"2020-04-10T16:58:50","slug":"flou-les-revetements","status":"publish","type":"post","link":"https:\/\/www.mobilimariani.com\/fr\/flou-les-revetements\/","title":{"rendered":"FLOU : Les rev\u00eatements"},"content":{"rendered":"<p>FLOU : Les rev\u00eatements<\/p>\n<p>Principale protagoniste des textiles Flou, le rev\u00eatement est un \u00e9l\u00e9ment qui caract\u00e9rise, identifie et distingue les lits, les fauteuils et les canap\u00e9s.<\/p>\n<p>Les tissus de rev\u00eatement\u00a0Flou, faites par les meilleurs producteurs italiens, sont naturels, pratiques, \u00e9l\u00e9gants et durables. Ils sont pratiques et r\u00e9sistent \u00e0 de nombreux lavages.\u00a0L&#8217;entretien est simple et vous pouvez choisir parmi une vaste gamme de couleurs.\u00a0Il existe plus 140\u00a0tissus et sont ordonn\u00e9 par trame, texture et lourdeur. Vous pouvez \u00e9galement choisir des couleurs unique\u00a0ou \u00e0 motifs qui se combinent parfaitement avec les draps et les housses de couettes coordonn\u00e9s par Flou.<\/p>\n<p>&nbsp;<\/p>\n<p>Pour d\u00e9couvrir la marque Flou, <a href=\"https:\/\/www.mobilimariani.com\/fr\/concessionnaire-flou\/\">cliquez ici<\/a><\/p>\n<p>Vous voulez conna\u00eetre notre meilleur prix pour cet article?\u00a0<a href=\"https:\/\/www.mobilimariani.com\/fr\/contacts\/\">Cliquez ici<\/a> et envoyez-nous la demande<\/p>\n<p><strong>Pour nos clients suisses, il sera d\u00e9duit l&#8217;I.V.A. italienne \u00e0 hauteur de 22%.<\/strong><\/p>\n","protected":false},"excerpt":{"rendered":"FLOU : Les rev\u00eatements Principale protagoniste des textiles Flou, le rev\u00eatement est un \u00e9l\u00e9ment qui caract\u00e9rise, identifie et distingue les lits, les fauteuils et les canap\u00e9s. Les tissus de rev\u00eatement\u00a0Flou, faites par les meilleurs producteurs italiens, sont naturels, pratiques, \u00e9l\u00e9gants et durables. Ils sont pratiques et r\u00e9sistent \u00e0 de nombreux lavages.\u00a0L&#8217;entretien est simple et vous&#8230; <a class=\"view-article\" href=\"https:\/\/www.mobilimariani.com\/fr\/flou-les-revetements\/\">Voir l&#8217;article<\/a>","protected":false},"author":1,"featured_media":6079,"comment_status":"closed","ping_status":"closed","sticky":false,"template":"","format":"standard","meta":[],"categories":[36,1,7,5,32,6,2],"tags":[],"yoast_head":"<!-- This site is optimized with the Yoast SEO plugin v16.2 - https:\/\/yoast.com\/wordpress\/plugins\/seo\/ -->\n<meta name=\"description\" content=\"FLOU : Les rev\u00eatements Principale protagoniste des textiles Flou, le rev\u00eatement est un \u00e9l\u00e9ment qui caract\u00e9rise, identifie et distingue les lits, les\" \/>\n<meta name=\"robots\" content=\"index, follow, max-snippet:-1, max-image-preview:large, max-video-preview:-1\" \/>\n<link rel=\"canonical\" href=\"https:\/\/www.mobilimariani.com\/fr\/flou-les-revetements\/\" \/>\n<meta property=\"og:locale\" content=\"fr_FR\" \/>\n<meta property=\"og:type\" content=\"article\" \/>\n<meta property=\"og:title\" content=\"FLOU : Les rev\u00eatements | Mobili Mariani\" \/>\n<meta property=\"og:description\" content=\"FLOU : Les rev\u00eatements Principale protagoniste des textiles Flou, le rev\u00eatement est un \u00e9l\u00e9ment qui caract\u00e9rise, identifie et distingue les lits, les\" \/>\n<meta property=\"og:url\" content=\"https:\/\/www.mobilimariani.com\/fr\/flou-les-revetements\/\" \/>\n<meta property=\"og:site_name\" content=\"Mobili Mariani\" \/>\n<meta property=\"article:published_time\" content=\"2015-12-04T16:10:11+00:00\" \/>\n<meta property=\"article:modified_time\" content=\"2020-04-10T16:58:50+00:00\" \/>\n<meta property=\"og:image\" content=\"https:\/\/www.mobilimariani.com\/wp-content\/uploads\/2015\/07\/129.jpg\" \/>\n\t<meta property=\"og:image:width\" content=\"718\" \/>\n\t<meta property=\"og:image:height\" content=\"615\" \/>\n<meta name=\"twitter:label1\" content=\"Est. reading time\">\n\t<meta name=\"twitter:data1\" content=\"1 minute\">\n<script type=\"application\/ld+json\" class=\"yoast-schema-graph\">{\"@context\":\"https:\/\/schema.org\",\"@graph\":[{\"@type\":\"Organization\",\"@id\":\"https:\/\/www.mobilimariani.com\/#organization\",\"name\":\"Mobili Mariani\",\"url\":\"https:\/\/www.mobilimariani.com\/\",\"sameAs\":[],\"logo\":{\"@type\":\"ImageObject\",\"@id\":\"https:\/\/www.mobilimariani.com\/#logo\",\"inLanguage\":\"fr-CH\",\"url\":\"https:\/\/www.mobilimariani.com\/wp-content\/uploads\/2015\/12\/logo.png\",\"contentUrl\":\"https:\/\/www.mobilimariani.com\/wp-content\/uploads\/2015\/12\/logo.png\",\"width\":160,\"height\":110,\"caption\":\"Mobili Mariani\"},\"image\":{\"@id\":\"https:\/\/www.mobilimariani.com\/#logo\"}},{\"@type\":\"WebSite\",\"@id\":\"https:\/\/www.mobilimariani.com\/#website\",\"url\":\"https:\/\/www.mobilimariani.com\/\",\"name\":\"Mobili Mariani\",\"description\":\"Mobili Italia Svizzera\",\"publisher\":{\"@id\":\"https:\/\/www.mobilimariani.com\/#organization\"},\"potentialAction\":[{\"@type\":\"SearchAction\",\"target\":\"https:\/\/www.mobilimariani.com\/?s={search_term_string}\",\"query-input\":\"required name=search_term_string\"}],\"inLanguage\":\"fr-CH\"},{\"@type\":\"ImageObject\",\"@id\":\"https:\/\/www.mobilimariani.com\/fr\/flou-les-revetements\/#primaryimage\",\"inLanguage\":\"fr-CH\",\"url\":\"https:\/\/www.mobilimariani.com\/wp-content\/uploads\/2015\/07\/129.jpg\",\"contentUrl\":\"https:\/\/www.mobilimariani.com\/wp-content\/uploads\/2015\/07\/129.jpg\",\"width\":718,\"height\":615,\"caption\":\"FLOU: I RIVESTIMENTI\"},{\"@type\":\"WebPage\",\"@id\":\"https:\/\/www.mobilimariani.com\/fr\/flou-les-revetements\/#webpage\",\"url\":\"https:\/\/www.mobilimariani.com\/fr\/flou-les-revetements\/\",\"name\":\"FLOU : Les rev\\u00eatements | Mobili Mariani\",\"isPartOf\":{\"@id\":\"https:\/\/www.mobilimariani.com\/#website\"},\"primaryImageOfPage\":{\"@id\":\"https:\/\/www.mobilimariani.com\/fr\/flou-les-revetements\/#primaryimage\"},\"datePublished\":\"2015-12-04T16:10:11+00:00\",\"dateModified\":\"2020-04-10T16:58:50+00:00\",\"description\":\"FLOU : Les rev\\u00eatements Principale protagoniste des textiles Flou, le rev\\u00eatement est un \\u00e9l\\u00e9ment qui caract\\u00e9rise, identifie et distingue les lits, les\",\"breadcrumb\":{\"@id\":\"https:\/\/www.mobilimariani.com\/fr\/flou-les-revetements\/#breadcrumb\"},\"inLanguage\":\"fr-CH\",\"potentialAction\":[{\"@type\":\"ReadAction\",\"target\":[\"https:\/\/www.mobilimariani.com\/fr\/flou-les-revetements\/\"]}]},{\"@type\":\"BreadcrumbList\",\"@id\":\"https:\/\/www.mobilimariani.com\/fr\/flou-les-revetements\/#breadcrumb\",\"itemListElement\":[{\"@type\":\"ListItem\",\"position\":1,\"item\":{\"@type\":\"WebPage\",\"@id\":\"https:\/\/www.mobilimariani.com\/\",\"url\":\"https:\/\/www.mobilimariani.com\/\",\"name\":\"Home\"}},{\"@type\":\"ListItem\",\"position\":2,\"item\":{\"@id\":\"https:\/\/www.mobilimariani.com\/fr\/flou-les-revetements\/#webpage\"}}]},{\"@type\":\"Article\",\"@id\":\"https:\/\/www.mobilimariani.com\/fr\/flou-les-revetements\/#article\",\"isPartOf\":{\"@id\":\"https:\/\/www.mobilimariani.com\/fr\/flou-les-revetements\/#webpage\"},\"author\":{\"@id\":\"https:\/\/www.mobilimariani.com\/#\/schema\/person\/4685d9f51269134e53f988c9122315f4\"},\"headline\":\"FLOU : Les rev\\u00eatements\",\"datePublished\":\"2015-12-04T16:10:11+00:00\",\"dateModified\":\"2020-04-10T16:58:50+00:00\",\"mainEntityOfPage\":{\"@id\":\"https:\/\/www.mobilimariani.com\/fr\/flou-les-revetements\/#webpage\"},\"publisher\":{\"@id\":\"https:\/\/www.mobilimariani.com\/#organization\"},\"image\":{\"@id\":\"https:\/\/www.mobilimariani.com\/fr\/flou-les-revetements\/#primaryimage\"},\"articleSection\":[\"Chambres d&rsquo;enfants\",\"Catalogue\",\"Sofa\",\"Lits\",\"Fauteuils\",\"Salle jour\",\"Zone nuit\"],\"inLanguage\":\"fr-CH\"},{\"@type\":\"Person\",\"@id\":\"https:\/\/www.mobilimariani.com\/#\/schema\/person\/4685d9f51269134e53f988c9122315f4\",\"name\":\"14m4rC008\",\"image\":{\"@type\":\"ImageObject\",\"@id\":\"https:\/\/www.mobilimariani.com\/#personlogo\",\"inLanguage\":\"fr-CH\",\"url\":\"https:\/\/secure.gravatar.com\/avatar\/dfaa6e536fec7030712cf850e9ddef45?s=96&d=mm&r=g\",\"contentUrl\":\"https:\/\/secure.gravatar.com\/avatar\/dfaa6e536fec7030712cf850e9ddef45?s=96&d=mm&r=g\",\"caption\":\"14m4rC008\"}}]}<\/script>\n<!-- \/ Yoast SEO plugin. -->","_links":{"self":[{"href":"https:\/\/www.mobilimariani.com\/fr\/wp-json\/wp\/v2\/posts\/9017"}],"collection":[{"href":"https:\/\/www.mobilimariani.com\/fr\/wp-json\/wp\/v2\/posts"}],"about":[{"href":"https:\/\/www.mobilimariani.com\/fr\/wp-json\/wp\/v2\/types\/post"}],"author":[{"embeddable":true,"href":"https:\/\/www.mobilimariani.com\/fr\/wp-json\/wp\/v2\/users\/1"}],"replies":[{"embeddable":true,"href":"https:\/\/www.mobilimariani.com\/fr\/wp-json\/wp\/v2\/comments?post=9017"}],"version-history":[{"count":3,"href":"https:\/\/www.mobilimariani.com\/fr\/wp-json\/wp\/v2\/posts\/9017\/revisions"}],"predecessor-version":[{"id":16216,"href":"https:\/\/www.mobilimariani.com\/fr\/wp-json\/wp\/v2\/posts\/9017\/revisions\/16216"}],"wp:featuredmedia":[{"embeddable":true,"href":"https:\/\/www.mobilimariani.com\/fr\/wp-json\/wp\/v2\/media\/6079"}],"wp:attachment":[{"href":"https:\/\/www.mobilimariani.com\/fr\/wp-json\/wp\/v2\/media?parent=9017"}],"wp:term":[{"taxonomy":"category","embeddable":true,"href":"https:\/\/www.mobilimariani.com\/fr\/wp-json\/wp\/v2\/categories?post=9017"},{"taxonomy":"post_tag","embeddable":true,"href":"https:\/\/www.mobilimariani.com\/fr\/wp-json\/wp\/v2\/tags?post=9017"}],"curies":[{"name":"wp","href":"https:\/\/api.w.org\/{rel}","templated":true}]}}