{"id":9010,"date":"2017-02-20T17:11:18","date_gmt":"2017-02-20T16:11:18","guid":{"rendered":"https:\/\/www.mobilimariani.com\/?p=9010"},"modified":"2021-08-07T18:06:42","modified_gmt":"2021-08-07T16:06:42","slug":"flou-lit-ari","status":"publish","type":"post","link":"https:\/\/www.mobilimariani.com\/fr\/flou-lit-ari\/","title":{"rendered":"FLOU LIT ARI"},"content":{"rendered":"<p>FLOU LIT ARI &#8211; INDISPONIBLE<\/p>\n<p>Lit \u00e0 baldaquin con\u00e7u par Emanuela Garbin et Mario Dell&#8217;Orto.<\/p>\n<p>S&#8217;inspirant\u00a0des suggestions romantiques, des lignes s\u00e8ches d\u00e9note la rigueur d&#8217;une matrice contemporaine unique.<\/p>\n<p>La structure en bois massif toulipier de bois est renforc\u00e9e par la luminosit\u00e9 de la peau de chagrin \u00e0 effet laqu\u00e9 , disponible \u00e0 la fois brillant et mat en deux teintes : Laguna et d\u00e9sert.<\/p>\n<p>Disponible uniquement en version double , Ari a lattes orientables.<\/p>\n<p>La t\u00eate de lit rembourr\u00e9e et amovible peut etre recouverte en\u00a0tissus, en simili-cuir ou en cuir. Les pieds et les autres d\u00e9tails sont en chrome noir.<\/p>\n<p>Ari peut accueillir un matelas en 160\/170\/180 x 200 cm de longueur.<\/p>\n<p>Pour d\u00e9couvrir la marque Flou, <a href=\"https:\/\/www.mobilimariani.com\/fr\/concessionnaire-flou\/\">cliquez ici<\/a><\/p>\n<p>Pour d\u00e9couvrir le catalogue de tous nos lits\u00a0<a href=\"https:\/\/www.mobilimariani.com\/fr\/search\/lit\">cliquez ici<\/a><\/p>\n<p>&nbsp;<\/p>\n","protected":false},"excerpt":{"rendered":"FLOU LIT ARI &#8211; INDISPONIBLE Lit \u00e0 baldaquin con\u00e7u par Emanuela Garbin et Mario Dell&#8217;Orto. S&#8217;inspirant\u00a0des suggestions romantiques, des lignes s\u00e8ches d\u00e9note la rigueur d&#8217;une matrice contemporaine unique. La structure en bois massif toulipier de bois est renforc\u00e9e par la luminosit\u00e9 de la peau de chagrin \u00e0 effet laqu\u00e9 , disponible \u00e0 la fois brillant&#8230; <a class=\"view-article\" href=\"https:\/\/www.mobilimariani.com\/fr\/flou-lit-ari\/\">Voir l&#8217;article<\/a>","protected":false},"author":1,"featured_media":1562,"comment_status":"closed","ping_status":"closed","sticky":false,"template":"","format":"standard","meta":[],"categories":[1,5,2],"tags":[2148,2147],"yoast_head":"<!-- This site is optimized with the Yoast SEO plugin v16.2 - https:\/\/yoast.com\/wordpress\/plugins\/seo\/ -->\n<meta name=\"description\" content=\"FLOU LIT ARI - INDISPONIBLE Lit \u00e0 baldaquin con\u00e7u par Emanuela Garbin et Mario Dell&#039;Orto. S&#039;inspirant\u00a0des suggestions romantiques, des lignes s\u00e8ches\" \/>\n<meta name=\"robots\" content=\"index, follow, max-snippet:-1, max-image-preview:large, max-video-preview:-1\" \/>\n<link rel=\"canonical\" href=\"https:\/\/www.mobilimariani.com\/fr\/flou-lit-ari\/\" \/>\n<meta property=\"og:locale\" content=\"fr_FR\" \/>\n<meta property=\"og:type\" content=\"article\" \/>\n<meta property=\"og:title\" content=\"FLOU LIT ARI | Mobili Mariani\" \/>\n<meta property=\"og:description\" content=\"FLOU LIT ARI - INDISPONIBLE Lit \u00e0 baldaquin con\u00e7u par Emanuela Garbin et Mario Dell&#039;Orto. S&#039;inspirant\u00a0des suggestions romantiques, des lignes s\u00e8ches\" \/>\n<meta property=\"og:url\" content=\"https:\/\/www.mobilimariani.com\/fr\/flou-lit-ari\/\" \/>\n<meta property=\"og:site_name\" content=\"Mobili Mariani\" \/>\n<meta property=\"article:published_time\" content=\"2017-02-20T16:11:18+00:00\" \/>\n<meta property=\"article:modified_time\" content=\"2021-08-07T16:06:42+00:00\" \/>\n<meta property=\"og:image\" content=\"https:\/\/www.mobilimariani.com\/wp-content\/uploads\/2015\/01\/ari2picc-e1424793242926.jpg\" \/>\n\t<meta property=\"og:image:width\" content=\"400\" \/>\n\t<meta property=\"og:image:height\" content=\"346\" \/>\n<meta name=\"twitter:label1\" content=\"Est. reading time\">\n\t<meta name=\"twitter:data1\" content=\"1 minute\">\n<script type=\"application\/ld+json\" class=\"yoast-schema-graph\">{\"@context\":\"https:\/\/schema.org\",\"@graph\":[{\"@type\":\"Organization\",\"@id\":\"https:\/\/www.mobilimariani.com\/#organization\",\"name\":\"Mobili Mariani\",\"url\":\"https:\/\/www.mobilimariani.com\/\",\"sameAs\":[],\"logo\":{\"@type\":\"ImageObject\",\"@id\":\"https:\/\/www.mobilimariani.com\/#logo\",\"inLanguage\":\"fr-CH\",\"url\":\"https:\/\/www.mobilimariani.com\/wp-content\/uploads\/2015\/12\/logo.png\",\"contentUrl\":\"https:\/\/www.mobilimariani.com\/wp-content\/uploads\/2015\/12\/logo.png\",\"width\":160,\"height\":110,\"caption\":\"Mobili Mariani\"},\"image\":{\"@id\":\"https:\/\/www.mobilimariani.com\/#logo\"}},{\"@type\":\"WebSite\",\"@id\":\"https:\/\/www.mobilimariani.com\/#website\",\"url\":\"https:\/\/www.mobilimariani.com\/\",\"name\":\"Mobili Mariani\",\"description\":\"Mobili Italia Svizzera\",\"publisher\":{\"@id\":\"https:\/\/www.mobilimariani.com\/#organization\"},\"potentialAction\":[{\"@type\":\"SearchAction\",\"target\":\"https:\/\/www.mobilimariani.com\/?s={search_term_string}\",\"query-input\":\"required name=search_term_string\"}],\"inLanguage\":\"fr-CH\"},{\"@type\":\"ImageObject\",\"@id\":\"https:\/\/www.mobilimariani.com\/fr\/flou-lit-ari\/#primaryimage\",\"inLanguage\":\"fr-CH\",\"url\":\"https:\/\/www.mobilimariani.com\/wp-content\/uploads\/2015\/01\/ari2picc-e1424793242926.jpg\",\"contentUrl\":\"https:\/\/www.mobilimariani.com\/wp-content\/uploads\/2015\/01\/ari2picc-e1424793242926.jpg\",\"width\":400,\"height\":346,\"caption\":\"FLOU LETTO ARI\"},{\"@type\":\"WebPage\",\"@id\":\"https:\/\/www.mobilimariani.com\/fr\/flou-lit-ari\/#webpage\",\"url\":\"https:\/\/www.mobilimariani.com\/fr\/flou-lit-ari\/\",\"name\":\"FLOU LIT ARI | Mobili Mariani\",\"isPartOf\":{\"@id\":\"https:\/\/www.mobilimariani.com\/#website\"},\"primaryImageOfPage\":{\"@id\":\"https:\/\/www.mobilimariani.com\/fr\/flou-lit-ari\/#primaryimage\"},\"datePublished\":\"2017-02-20T16:11:18+00:00\",\"dateModified\":\"2021-08-07T16:06:42+00:00\",\"description\":\"FLOU LIT ARI - INDISPONIBLE Lit \\u00e0 baldaquin con\\u00e7u par Emanuela Garbin et Mario Dell'Orto. S'inspirant\\u00a0des suggestions romantiques, des lignes s\\u00e8ches\",\"breadcrumb\":{\"@id\":\"https:\/\/www.mobilimariani.com\/fr\/flou-lit-ari\/#breadcrumb\"},\"inLanguage\":\"fr-CH\",\"potentialAction\":[{\"@type\":\"ReadAction\",\"target\":[\"https:\/\/www.mobilimariani.com\/fr\/flou-lit-ari\/\"]}]},{\"@type\":\"BreadcrumbList\",\"@id\":\"https:\/\/www.mobilimariani.com\/fr\/flou-lit-ari\/#breadcrumb\",\"itemListElement\":[{\"@type\":\"ListItem\",\"position\":1,\"item\":{\"@type\":\"WebPage\",\"@id\":\"https:\/\/www.mobilimariani.com\/\",\"url\":\"https:\/\/www.mobilimariani.com\/\",\"name\":\"Home\"}},{\"@type\":\"ListItem\",\"position\":2,\"item\":{\"@id\":\"https:\/\/www.mobilimariani.com\/fr\/flou-lit-ari\/#webpage\"}}]},{\"@type\":\"Article\",\"@id\":\"https:\/\/www.mobilimariani.com\/fr\/flou-lit-ari\/#article\",\"isPartOf\":{\"@id\":\"https:\/\/www.mobilimariani.com\/fr\/flou-lit-ari\/#webpage\"},\"author\":{\"@id\":\"https:\/\/www.mobilimariani.com\/#\/schema\/person\/4685d9f51269134e53f988c9122315f4\"},\"headline\":\"FLOU LIT ARI\",\"datePublished\":\"2017-02-20T16:11:18+00:00\",\"dateModified\":\"2021-08-07T16:06:42+00:00\",\"mainEntityOfPage\":{\"@id\":\"https:\/\/www.mobilimariani.com\/fr\/flou-lit-ari\/#webpage\"},\"publisher\":{\"@id\":\"https:\/\/www.mobilimariani.com\/#organization\"},\"image\":{\"@id\":\"https:\/\/www.mobilimariani.com\/fr\/flou-lit-ari\/#primaryimage\"},\"keywords\":[\"chambres lit design italien\",\"lits design italien\"],\"articleSection\":[\"Catalogue\",\"Lits\",\"Zone nuit\"],\"inLanguage\":\"fr-CH\"},{\"@type\":\"Person\",\"@id\":\"https:\/\/www.mobilimariani.com\/#\/schema\/person\/4685d9f51269134e53f988c9122315f4\",\"name\":\"14m4rC008\",\"image\":{\"@type\":\"ImageObject\",\"@id\":\"https:\/\/www.mobilimariani.com\/#personlogo\",\"inLanguage\":\"fr-CH\",\"url\":\"https:\/\/secure.gravatar.com\/avatar\/dfaa6e536fec7030712cf850e9ddef45?s=96&d=mm&r=g\",\"contentUrl\":\"https:\/\/secure.gravatar.com\/avatar\/dfaa6e536fec7030712cf850e9ddef45?s=96&d=mm&r=g\",\"caption\":\"14m4rC008\"}}]}<\/script>\n<!-- \/ Yoast SEO plugin. -->","_links":{"self":[{"href":"https:\/\/www.mobilimariani.com\/fr\/wp-json\/wp\/v2\/posts\/9010"}],"collection":[{"href":"https:\/\/www.mobilimariani.com\/fr\/wp-json\/wp\/v2\/posts"}],"about":[{"href":"https:\/\/www.mobilimariani.com\/fr\/wp-json\/wp\/v2\/types\/post"}],"author":[{"embeddable":true,"href":"https:\/\/www.mobilimariani.com\/fr\/wp-json\/wp\/v2\/users\/1"}],"replies":[{"embeddable":true,"href":"https:\/\/www.mobilimariani.com\/fr\/wp-json\/wp\/v2\/comments?post=9010"}],"version-history":[{"count":6,"href":"https:\/\/www.mobilimariani.com\/fr\/wp-json\/wp\/v2\/posts\/9010\/revisions"}],"predecessor-version":[{"id":27434,"href":"https:\/\/www.mobilimariani.com\/fr\/wp-json\/wp\/v2\/posts\/9010\/revisions\/27434"}],"wp:featuredmedia":[{"embeddable":true,"href":"https:\/\/www.mobilimariani.com\/fr\/wp-json\/wp\/v2\/media\/1562"}],"wp:attachment":[{"href":"https:\/\/www.mobilimariani.com\/fr\/wp-json\/wp\/v2\/media?parent=9010"}],"wp:term":[{"taxonomy":"category","embeddable":true,"href":"https:\/\/www.mobilimariani.com\/fr\/wp-json\/wp\/v2\/categories?post=9010"},{"taxonomy":"post_tag","embeddable":true,"href":"https:\/\/www.mobilimariani.com\/fr\/wp-json\/wp\/v2\/tags?post=9010"}],"curies":[{"name":"wp","href":"https:\/\/api.w.org\/{rel}","templated":true}]}}