{"id":9007,"date":"2014-01-01T16:56:31","date_gmt":"2014-01-01T15:56:31","guid":{"rendered":"https:\/\/www.mobilimariani.com\/?p=9007"},"modified":"2018-09-15T10:07:10","modified_gmt":"2018-09-15T08:07:10","slug":"flou-lit-sailor","status":"publish","type":"post","link":"https:\/\/www.mobilimariani.com\/fr\/flou-lit-sailor\/","title":{"rendered":"FLOU LIT SAILOR"},"content":{"rendered":"<p>FLOU LIT\u00a0SAILOR DESIGN CARLO COLOMBO &#8211; INDISPONIBLE<\/p>\n<p>Con\u00e7u par Carlo Colombo, Sailor est un lit unique, dont la t\u00eate r\u00e9interpr\u00e8te et \u00e9voque les formes de voiliers.\u00a0\u00c9l\u00e9gant et aux lignes rigoureuses, Sailor a toujours une base amovible avec des lattes orientables ou orthop\u00e9dique ; Il est \u00e9galement disponible avec une base de stockage.\u00a0La t\u00eate de lit est en mousse et vous pouvez jouer \u00e0 volont\u00e9, tout comme les tissus, cuir ou simili cuir compl\u00e8tement amovibles gr\u00e2ce \u00e0 base fermetures velcro.<\/p>\n<p>Sailor est dispose avec un\u00a0\u00e9l\u00e9gant tubulaire p\u00e9rim\u00e8tre en acier chrome.<\/p>\n<p>Disponible pour matelas en 160\/170\/180 x 200\/210 cm de longueur.<\/p>\n<p>Pour d\u00e9couvrir les bases\u00a0du\u00a0lit,\u00a0<a href=\"https:\/\/www.mobilimariani.com\/flou-le-basi-dei-letti\/?lang=fr\">cliquez ici<\/a><\/p>\n<p>Pour conna\u00eetre les\u00a0<span id=\"OT432079633\">rev\u00eatements\u00a0<\/span>\u00a0en tissu\u00a0<a href=\"https:\/\/www.mobilimariani.com\/fr\/flou-les-revetements\/\">cliquez ici\u00a0<\/a>pour les rev\u00eatements en faux cuir\u00a0<a href=\"https:\/\/www.mobilimariani.com\/flou-rivestimenti-lecopelle\/?lang=fr\">ici<\/a>\u00a0pour les\u00a0rev\u00eatements en cuir\u00a0<a href=\"https:\/\/www.mobilimariani.com\/flou-rivestimenti-la-pelle\/?lang=fr\">ici<\/a><\/p>\n<p>Pour d\u00e9couvrir la marque Flou <a title=\"FLOU\" href=\"https:\/\/www.mobilimariani.com\/fr\/concessionnaire-flou\/\">cliquez ici<\/a><\/p>\n<p>Vous voulez conna\u00eetre notre meilleur prix pour cet article?\u00a0<a href=\"https:\/\/www.mobilimariani.com\/fr\/contacts\/\">Cliquez ici\u00a0<\/a>et envoyez-nous la demande<\/p>\n<p>Signale le lieu de livraison et si le montage est n\u00e9c\u00e9ssaire.<\/p>\n<p>Nous livrons dans toute l\u2019Europe<\/p>\n<p><strong>Pour nos clients suisses, il sera d\u00e9duit l\u2019I.V.A. italienne \u00e0 hauteur de 22%<\/strong><\/p>\n","protected":false},"excerpt":{"rendered":"FLOU LIT\u00a0SAILOR DESIGN CARLO COLOMBO &#8211; INDISPONIBLE Con\u00e7u par Carlo Colombo, Sailor est un lit unique, dont la t\u00eate r\u00e9interpr\u00e8te et \u00e9voque les formes de voiliers.\u00a0\u00c9l\u00e9gant et aux lignes rigoureuses, Sailor a toujours une base amovible avec des lattes orientables ou orthop\u00e9dique ; Il est \u00e9galement disponible avec une base de stockage.\u00a0La t\u00eate de lit&#8230; <a class=\"view-article\" href=\"https:\/\/www.mobilimariani.com\/fr\/flou-lit-sailor\/\">Voir l&#8217;article<\/a>","protected":false},"author":1,"featured_media":6346,"comment_status":"closed","ping_status":"closed","sticky":false,"template":"","format":"standard","meta":[],"categories":[1,5,2],"tags":[2148,2147],"yoast_head":"<!-- This site is optimized with the Yoast SEO plugin v16.2 - https:\/\/yoast.com\/wordpress\/plugins\/seo\/ -->\n<meta name=\"description\" content=\"FLOU LIT\u00a0SAILOR DESIGN CARLO COLOMBO - INDISPONIBLE Con\u00e7u par Carlo Colombo, Sailor est un lit unique, dont la t\u00eate r\u00e9interpr\u00e8te et \u00e9voque les formes de\" \/>\n<meta name=\"robots\" content=\"index, follow, max-snippet:-1, max-image-preview:large, max-video-preview:-1\" \/>\n<link rel=\"canonical\" href=\"https:\/\/www.mobilimariani.com\/fr\/flou-lit-sailor\/\" \/>\n<meta property=\"og:locale\" content=\"fr_FR\" \/>\n<meta property=\"og:type\" content=\"article\" \/>\n<meta property=\"og:title\" content=\"FLOU LIT SAILOR | Mobili Mariani\" \/>\n<meta property=\"og:description\" content=\"FLOU LIT\u00a0SAILOR DESIGN CARLO COLOMBO - INDISPONIBLE Con\u00e7u par Carlo Colombo, Sailor est un lit unique, dont la t\u00eate r\u00e9interpr\u00e8te et \u00e9voque les formes de\" \/>\n<meta property=\"og:url\" content=\"https:\/\/www.mobilimariani.com\/fr\/flou-lit-sailor\/\" \/>\n<meta property=\"og:site_name\" content=\"Mobili Mariani\" \/>\n<meta property=\"article:published_time\" content=\"2014-01-01T15:56:31+00:00\" \/>\n<meta property=\"article:modified_time\" content=\"2018-09-15T08:07:10+00:00\" \/>\n<meta property=\"og:image\" content=\"https:\/\/www.mobilimariani.com\/wp-content\/uploads\/2015\/08\/201.jpg\" \/>\n\t<meta property=\"og:image:width\" content=\"909\" \/>\n\t<meta property=\"og:image:height\" content=\"566\" \/>\n<meta name=\"twitter:label1\" content=\"Est. reading time\">\n\t<meta name=\"twitter:data1\" content=\"1 minute\">\n<script type=\"application\/ld+json\" class=\"yoast-schema-graph\">{\"@context\":\"https:\/\/schema.org\",\"@graph\":[{\"@type\":\"Organization\",\"@id\":\"https:\/\/www.mobilimariani.com\/#organization\",\"name\":\"Mobili Mariani\",\"url\":\"https:\/\/www.mobilimariani.com\/\",\"sameAs\":[],\"logo\":{\"@type\":\"ImageObject\",\"@id\":\"https:\/\/www.mobilimariani.com\/#logo\",\"inLanguage\":\"fr-CH\",\"url\":\"https:\/\/www.mobilimariani.com\/wp-content\/uploads\/2015\/12\/logo.png\",\"contentUrl\":\"https:\/\/www.mobilimariani.com\/wp-content\/uploads\/2015\/12\/logo.png\",\"width\":160,\"height\":110,\"caption\":\"Mobili Mariani\"},\"image\":{\"@id\":\"https:\/\/www.mobilimariani.com\/#logo\"}},{\"@type\":\"WebSite\",\"@id\":\"https:\/\/www.mobilimariani.com\/#website\",\"url\":\"https:\/\/www.mobilimariani.com\/\",\"name\":\"Mobili Mariani\",\"description\":\"Mobili Italia Svizzera\",\"publisher\":{\"@id\":\"https:\/\/www.mobilimariani.com\/#organization\"},\"potentialAction\":[{\"@type\":\"SearchAction\",\"target\":\"https:\/\/www.mobilimariani.com\/?s={search_term_string}\",\"query-input\":\"required name=search_term_string\"}],\"inLanguage\":\"fr-CH\"},{\"@type\":\"ImageObject\",\"@id\":\"https:\/\/www.mobilimariani.com\/fr\/flou-lit-sailor\/#primaryimage\",\"inLanguage\":\"fr-CH\",\"url\":\"https:\/\/www.mobilimariani.com\/wp-content\/uploads\/2015\/08\/201.jpg\",\"contentUrl\":\"https:\/\/www.mobilimariani.com\/wp-content\/uploads\/2015\/08\/201.jpg\",\"width\":909,\"height\":566,\"caption\":\"FLOU LETTO SAILOR\"},{\"@type\":\"WebPage\",\"@id\":\"https:\/\/www.mobilimariani.com\/fr\/flou-lit-sailor\/#webpage\",\"url\":\"https:\/\/www.mobilimariani.com\/fr\/flou-lit-sailor\/\",\"name\":\"FLOU LIT SAILOR | Mobili Mariani\",\"isPartOf\":{\"@id\":\"https:\/\/www.mobilimariani.com\/#website\"},\"primaryImageOfPage\":{\"@id\":\"https:\/\/www.mobilimariani.com\/fr\/flou-lit-sailor\/#primaryimage\"},\"datePublished\":\"2014-01-01T15:56:31+00:00\",\"dateModified\":\"2018-09-15T08:07:10+00:00\",\"description\":\"FLOU LIT\\u00a0SAILOR DESIGN CARLO COLOMBO - INDISPONIBLE Con\\u00e7u par Carlo Colombo, Sailor est un lit unique, dont la t\\u00eate r\\u00e9interpr\\u00e8te et \\u00e9voque les formes de\",\"breadcrumb\":{\"@id\":\"https:\/\/www.mobilimariani.com\/fr\/flou-lit-sailor\/#breadcrumb\"},\"inLanguage\":\"fr-CH\",\"potentialAction\":[{\"@type\":\"ReadAction\",\"target\":[\"https:\/\/www.mobilimariani.com\/fr\/flou-lit-sailor\/\"]}]},{\"@type\":\"BreadcrumbList\",\"@id\":\"https:\/\/www.mobilimariani.com\/fr\/flou-lit-sailor\/#breadcrumb\",\"itemListElement\":[{\"@type\":\"ListItem\",\"position\":1,\"item\":{\"@type\":\"WebPage\",\"@id\":\"https:\/\/www.mobilimariani.com\/\",\"url\":\"https:\/\/www.mobilimariani.com\/\",\"name\":\"Home\"}},{\"@type\":\"ListItem\",\"position\":2,\"item\":{\"@id\":\"https:\/\/www.mobilimariani.com\/fr\/flou-lit-sailor\/#webpage\"}}]},{\"@type\":\"Article\",\"@id\":\"https:\/\/www.mobilimariani.com\/fr\/flou-lit-sailor\/#article\",\"isPartOf\":{\"@id\":\"https:\/\/www.mobilimariani.com\/fr\/flou-lit-sailor\/#webpage\"},\"author\":{\"@id\":\"https:\/\/www.mobilimariani.com\/#\/schema\/person\/4685d9f51269134e53f988c9122315f4\"},\"headline\":\"FLOU LIT SAILOR\",\"datePublished\":\"2014-01-01T15:56:31+00:00\",\"dateModified\":\"2018-09-15T08:07:10+00:00\",\"mainEntityOfPage\":{\"@id\":\"https:\/\/www.mobilimariani.com\/fr\/flou-lit-sailor\/#webpage\"},\"publisher\":{\"@id\":\"https:\/\/www.mobilimariani.com\/#organization\"},\"image\":{\"@id\":\"https:\/\/www.mobilimariani.com\/fr\/flou-lit-sailor\/#primaryimage\"},\"keywords\":[\"chambres lit design italien\",\"lits design italien\"],\"articleSection\":[\"Catalogue\",\"Lits\",\"Zone nuit\"],\"inLanguage\":\"fr-CH\"},{\"@type\":\"Person\",\"@id\":\"https:\/\/www.mobilimariani.com\/#\/schema\/person\/4685d9f51269134e53f988c9122315f4\",\"name\":\"14m4rC008\",\"image\":{\"@type\":\"ImageObject\",\"@id\":\"https:\/\/www.mobilimariani.com\/#personlogo\",\"inLanguage\":\"fr-CH\",\"url\":\"https:\/\/secure.gravatar.com\/avatar\/dfaa6e536fec7030712cf850e9ddef45?s=96&d=mm&r=g\",\"contentUrl\":\"https:\/\/secure.gravatar.com\/avatar\/dfaa6e536fec7030712cf850e9ddef45?s=96&d=mm&r=g\",\"caption\":\"14m4rC008\"}}]}<\/script>\n<!-- \/ Yoast SEO plugin. -->","_links":{"self":[{"href":"https:\/\/www.mobilimariani.com\/fr\/wp-json\/wp\/v2\/posts\/9007"}],"collection":[{"href":"https:\/\/www.mobilimariani.com\/fr\/wp-json\/wp\/v2\/posts"}],"about":[{"href":"https:\/\/www.mobilimariani.com\/fr\/wp-json\/wp\/v2\/types\/post"}],"author":[{"embeddable":true,"href":"https:\/\/www.mobilimariani.com\/fr\/wp-json\/wp\/v2\/users\/1"}],"replies":[{"embeddable":true,"href":"https:\/\/www.mobilimariani.com\/fr\/wp-json\/wp\/v2\/comments?post=9007"}],"version-history":[{"count":6,"href":"https:\/\/www.mobilimariani.com\/fr\/wp-json\/wp\/v2\/posts\/9007\/revisions"}],"predecessor-version":[{"id":22011,"href":"https:\/\/www.mobilimariani.com\/fr\/wp-json\/wp\/v2\/posts\/9007\/revisions\/22011"}],"wp:featuredmedia":[{"embeddable":true,"href":"https:\/\/www.mobilimariani.com\/fr\/wp-json\/wp\/v2\/media\/6346"}],"wp:attachment":[{"href":"https:\/\/www.mobilimariani.com\/fr\/wp-json\/wp\/v2\/media?parent=9007"}],"wp:term":[{"taxonomy":"category","embeddable":true,"href":"https:\/\/www.mobilimariani.com\/fr\/wp-json\/wp\/v2\/categories?post=9007"},{"taxonomy":"post_tag","embeddable":true,"href":"https:\/\/www.mobilimariani.com\/fr\/wp-json\/wp\/v2\/tags?post=9007"}],"curies":[{"name":"wp","href":"https:\/\/api.w.org\/{rel}","templated":true}]}}