{"id":9001,"date":"2021-08-04T11:32:07","date_gmt":"2021-08-04T09:32:07","guid":{"rendered":"https:\/\/www.mobilimariani.com\/?p=9001"},"modified":"2021-08-07T18:10:03","modified_gmt":"2021-08-07T16:10:03","slug":"flou-lit-notturno-et-notturno-2","status":"publish","type":"post","link":"https:\/\/www.mobilimariani.com\/fr\/flou-lit-notturno-et-notturno-2\/","title":{"rendered":"FLOU LIT NOTTURNO E NOTTURNO 2"},"content":{"rendered":"<p>FLOU LIT NOTTURNO DESIGN VITTORIO PRATO.<\/p>\n<p>Lit fonctionnel aux lignes essentielles et \u00e9l\u00e9gantes con\u00e7u par Vittorio Prato en 1982.<\/p>\n<p>La t\u00eate de lit 92 cm de haut par\u00a01 cm d&#8217;\u00e9paisseur insert en acier, est droit et lisse, rembourr\u00e9, comme la base, en tissu, cuir ou simili cuir compl\u00e8tement amovibles gr\u00e2ce aux pratiques attaches Velcro.<\/p>\n<p>Il est disponible avec la base Comfort, la base conteneur, la base h. 25, base h. 16 avec literie en lattes orthop\u00e9diques, lattes orientables, des r\u00e9seaux avec des v\u00e9los \u00e9lectriques,\u00a0matelas \u00e9lectriques ou manuels h\u00e9bergement 85\/90\/100\/120\/140\/160\/170\/180\/200 x 190\/200\/210 cm de longueur.<\/p>\n<p>Dans la version Notturno 2, dessin\u00e9e par le Centre de recherche Flou en 2008, la t\u00eate devient \u00e9paisse cm. 8 et haute cm. 93.<\/p>\n<p>MARIANI CASUAL: meilleur rapport qualit\u00e9 \/ prix dans la version avec sommier fixe + lattes r\u00e9glables ou sommier avec conteneur + lattes orthop\u00e9diques \u00a0pour le mod\u00e8le Notturno, m\u00eame dans les mesures individuelles.<\/p>\n<p>Pour d\u00e9couvrir les bases\u00a0du\u00a0lit,\u00a0<a href=\"https:\/\/www.mobilimariani.com\/flou-le-basi-dei-letti\/?lang=fr\">cliquez ici<\/a><\/p>\n<p>Pour d\u00e9couvrir le sommier\u00a0avec mouvement\u00a0<a href=\"https:\/\/www.mobilimariani.com\/flou-base-rete-movimento\/?lang=fr\">cliquez ici<\/a><\/p>\n<p>Pour conna\u00eetre les\u00a0<span id=\"OT432079633\">rev\u00eatements\u00a0<\/span>\u00a0en tissu\u00a0<a href=\"https:\/\/www.mobilimariani.com\/fr\/flou-les-revetements\/\">cliquez ici\u00a0<\/a>pour les rev\u00eatements en faux cuir\u00a0<a href=\"https:\/\/www.mobilimariani.com\/flou-rivestimenti-lecopelle\/?lang=fr\">ici<\/a>\u00a0pour les\u00a0rev\u00eatements en cuir\u00a0<a href=\"https:\/\/www.mobilimariani.com\/flou-rivestimenti-la-pelle\/?lang=fr\">ici<\/a><\/p>\n<p>Pour d\u00e9couvrir la marque Flou, <a href=\"https:\/\/www.mobilimariani.com\/fr\/concessionnaire-flou\/\">cliquez ici<\/a><\/p>\n<p>Pour d\u00e9couvrir le catalogue de tous nos lits\u00a0<a href=\"https:\/\/www.mobilimariani.com\/fr\/search\/lit\">cliquez ici<\/a><\/p>\n<p>Vous voulez conna\u00eetre notre meilleur prix pour cet article?\u00a0<a href=\"https:\/\/www.mobilimariani.com\/fr\/contacts\/\">Cliquez ici<\/a>\u00a0et envoyez-nous la demande indiquant le lieu d\u2019exp\u00e9dition<\/p>\n<p>Pour nos clients suisses, la TVA italienne sera d\u00e9duite.<\/p>\n","protected":false},"excerpt":{"rendered":"FLOU LIT NOTTURNO DESIGN VITTORIO PRATO. Lit fonctionnel aux lignes essentielles et \u00e9l\u00e9gantes con\u00e7u par Vittorio Prato en 1982. La t\u00eate de lit 92 cm de haut par\u00a01 cm d&#8217;\u00e9paisseur insert en acier, est droit et lisse, rembourr\u00e9, comme la base, en tissu, cuir ou simili cuir compl\u00e8tement amovibles gr\u00e2ce aux pratiques attaches Velcro. Il&#8230; <a class=\"view-article\" href=\"https:\/\/www.mobilimariani.com\/fr\/flou-lit-notturno-et-notturno-2\/\">Voir l&#8217;article<\/a>","protected":false},"author":1,"featured_media":6414,"comment_status":"closed","ping_status":"closed","sticky":false,"template":"","format":"standard","meta":[],"categories":[1,5,39,2],"tags":[2148,2147],"yoast_head":"<!-- This site is optimized with the Yoast SEO plugin v16.2 - https:\/\/yoast.com\/wordpress\/plugins\/seo\/ -->\n<meta name=\"description\" content=\"FLOU LIT NOTTURNO DESIGN VITTORIO PRATO. Lit fonctionnel aux lignes essentielles et \u00e9l\u00e9gantes con\u00e7u par Vittorio Prato en 1982. La t\u00eate de lit 92 cm de\" \/>\n<meta name=\"robots\" content=\"index, follow, max-snippet:-1, max-image-preview:large, max-video-preview:-1\" \/>\n<link rel=\"canonical\" href=\"https:\/\/www.mobilimariani.com\/fr\/flou-lit-notturno-et-notturno-2\/\" \/>\n<meta property=\"og:locale\" content=\"fr_FR\" \/>\n<meta property=\"og:type\" content=\"article\" \/>\n<meta property=\"og:title\" content=\"FLOU LIT NOTTURNO E NOTTURNO 2 | Mobili Mariani\" \/>\n<meta property=\"og:description\" content=\"FLOU LIT NOTTURNO DESIGN VITTORIO PRATO. Lit fonctionnel aux lignes essentielles et \u00e9l\u00e9gantes con\u00e7u par Vittorio Prato en 1982. La t\u00eate de lit 92 cm de\" \/>\n<meta property=\"og:url\" content=\"https:\/\/www.mobilimariani.com\/fr\/flou-lit-notturno-et-notturno-2\/\" \/>\n<meta property=\"og:site_name\" content=\"Mobili Mariani\" \/>\n<meta property=\"article:published_time\" content=\"2021-08-04T09:32:07+00:00\" \/>\n<meta property=\"article:modified_time\" content=\"2021-08-07T16:10:03+00:00\" \/>\n<meta property=\"og:image\" content=\"https:\/\/www.mobilimariani.com\/wp-content\/uploads\/2015\/05\/100-1.jpg\" \/>\n\t<meta property=\"og:image:width\" content=\"836\" \/>\n\t<meta property=\"og:image:height\" content=\"520\" \/>\n<meta name=\"twitter:label1\" content=\"Est. reading time\">\n\t<meta name=\"twitter:data1\" content=\"2 minutes\">\n<script type=\"application\/ld+json\" class=\"yoast-schema-graph\">{\"@context\":\"https:\/\/schema.org\",\"@graph\":[{\"@type\":\"Organization\",\"@id\":\"https:\/\/www.mobilimariani.com\/#organization\",\"name\":\"Mobili Mariani\",\"url\":\"https:\/\/www.mobilimariani.com\/\",\"sameAs\":[],\"logo\":{\"@type\":\"ImageObject\",\"@id\":\"https:\/\/www.mobilimariani.com\/#logo\",\"inLanguage\":\"fr-CH\",\"url\":\"https:\/\/www.mobilimariani.com\/wp-content\/uploads\/2015\/12\/logo.png\",\"contentUrl\":\"https:\/\/www.mobilimariani.com\/wp-content\/uploads\/2015\/12\/logo.png\",\"width\":160,\"height\":110,\"caption\":\"Mobili Mariani\"},\"image\":{\"@id\":\"https:\/\/www.mobilimariani.com\/#logo\"}},{\"@type\":\"WebSite\",\"@id\":\"https:\/\/www.mobilimariani.com\/#website\",\"url\":\"https:\/\/www.mobilimariani.com\/\",\"name\":\"Mobili Mariani\",\"description\":\"Mobili Italia Svizzera\",\"publisher\":{\"@id\":\"https:\/\/www.mobilimariani.com\/#organization\"},\"potentialAction\":[{\"@type\":\"SearchAction\",\"target\":\"https:\/\/www.mobilimariani.com\/?s={search_term_string}\",\"query-input\":\"required name=search_term_string\"}],\"inLanguage\":\"fr-CH\"},{\"@type\":\"ImageObject\",\"@id\":\"https:\/\/www.mobilimariani.com\/fr\/flou-lit-notturno-et-notturno-2\/#primaryimage\",\"inLanguage\":\"fr-CH\",\"url\":\"https:\/\/www.mobilimariani.com\/wp-content\/uploads\/2015\/05\/100-1.jpg\",\"contentUrl\":\"https:\/\/www.mobilimariani.com\/wp-content\/uploads\/2015\/05\/100-1.jpg\",\"width\":836,\"height\":520,\"caption\":\"FLOU LETTO NOTTURNO E NOTTURNO 2\"},{\"@type\":\"WebPage\",\"@id\":\"https:\/\/www.mobilimariani.com\/fr\/flou-lit-notturno-et-notturno-2\/#webpage\",\"url\":\"https:\/\/www.mobilimariani.com\/fr\/flou-lit-notturno-et-notturno-2\/\",\"name\":\"FLOU LIT NOTTURNO E NOTTURNO 2 | Mobili Mariani\",\"isPartOf\":{\"@id\":\"https:\/\/www.mobilimariani.com\/#website\"},\"primaryImageOfPage\":{\"@id\":\"https:\/\/www.mobilimariani.com\/fr\/flou-lit-notturno-et-notturno-2\/#primaryimage\"},\"datePublished\":\"2021-08-04T09:32:07+00:00\",\"dateModified\":\"2021-08-07T16:10:03+00:00\",\"description\":\"FLOU LIT NOTTURNO DESIGN VITTORIO PRATO. Lit fonctionnel aux lignes essentielles et \\u00e9l\\u00e9gantes con\\u00e7u par Vittorio Prato en 1982. La t\\u00eate de lit 92 cm de\",\"breadcrumb\":{\"@id\":\"https:\/\/www.mobilimariani.com\/fr\/flou-lit-notturno-et-notturno-2\/#breadcrumb\"},\"inLanguage\":\"fr-CH\",\"potentialAction\":[{\"@type\":\"ReadAction\",\"target\":[\"https:\/\/www.mobilimariani.com\/fr\/flou-lit-notturno-et-notturno-2\/\"]}]},{\"@type\":\"BreadcrumbList\",\"@id\":\"https:\/\/www.mobilimariani.com\/fr\/flou-lit-notturno-et-notturno-2\/#breadcrumb\",\"itemListElement\":[{\"@type\":\"ListItem\",\"position\":1,\"item\":{\"@type\":\"WebPage\",\"@id\":\"https:\/\/www.mobilimariani.com\/\",\"url\":\"https:\/\/www.mobilimariani.com\/\",\"name\":\"Home\"}},{\"@type\":\"ListItem\",\"position\":2,\"item\":{\"@id\":\"https:\/\/www.mobilimariani.com\/fr\/flou-lit-notturno-et-notturno-2\/#webpage\"}}]},{\"@type\":\"Article\",\"@id\":\"https:\/\/www.mobilimariani.com\/fr\/flou-lit-notturno-et-notturno-2\/#article\",\"isPartOf\":{\"@id\":\"https:\/\/www.mobilimariani.com\/fr\/flou-lit-notturno-et-notturno-2\/#webpage\"},\"author\":{\"@id\":\"https:\/\/www.mobilimariani.com\/#\/schema\/person\/4685d9f51269134e53f988c9122315f4\"},\"headline\":\"FLOU LIT NOTTURNO E NOTTURNO 2\",\"datePublished\":\"2021-08-04T09:32:07+00:00\",\"dateModified\":\"2021-08-07T16:10:03+00:00\",\"mainEntityOfPage\":{\"@id\":\"https:\/\/www.mobilimariani.com\/fr\/flou-lit-notturno-et-notturno-2\/#webpage\"},\"publisher\":{\"@id\":\"https:\/\/www.mobilimariani.com\/#organization\"},\"image\":{\"@id\":\"https:\/\/www.mobilimariani.com\/fr\/flou-lit-notturno-et-notturno-2\/#primaryimage\"},\"keywords\":[\"chambres lit design italien\",\"lits design italien\"],\"articleSection\":[\"Catalogue\",\"Lits\",\"Mariani casual\",\"Zone nuit\"],\"inLanguage\":\"fr-CH\"},{\"@type\":\"Person\",\"@id\":\"https:\/\/www.mobilimariani.com\/#\/schema\/person\/4685d9f51269134e53f988c9122315f4\",\"name\":\"14m4rC008\",\"image\":{\"@type\":\"ImageObject\",\"@id\":\"https:\/\/www.mobilimariani.com\/#personlogo\",\"inLanguage\":\"fr-CH\",\"url\":\"https:\/\/secure.gravatar.com\/avatar\/dfaa6e536fec7030712cf850e9ddef45?s=96&d=mm&r=g\",\"contentUrl\":\"https:\/\/secure.gravatar.com\/avatar\/dfaa6e536fec7030712cf850e9ddef45?s=96&d=mm&r=g\",\"caption\":\"14m4rC008\"}}]}<\/script>\n<!-- \/ Yoast SEO plugin. -->","_links":{"self":[{"href":"https:\/\/www.mobilimariani.com\/fr\/wp-json\/wp\/v2\/posts\/9001"}],"collection":[{"href":"https:\/\/www.mobilimariani.com\/fr\/wp-json\/wp\/v2\/posts"}],"about":[{"href":"https:\/\/www.mobilimariani.com\/fr\/wp-json\/wp\/v2\/types\/post"}],"author":[{"embeddable":true,"href":"https:\/\/www.mobilimariani.com\/fr\/wp-json\/wp\/v2\/users\/1"}],"replies":[{"embeddable":true,"href":"https:\/\/www.mobilimariani.com\/fr\/wp-json\/wp\/v2\/comments?post=9001"}],"version-history":[{"count":10,"href":"https:\/\/www.mobilimariani.com\/fr\/wp-json\/wp\/v2\/posts\/9001\/revisions"}],"predecessor-version":[{"id":27437,"href":"https:\/\/www.mobilimariani.com\/fr\/wp-json\/wp\/v2\/posts\/9001\/revisions\/27437"}],"wp:featuredmedia":[{"embeddable":true,"href":"https:\/\/www.mobilimariani.com\/fr\/wp-json\/wp\/v2\/media\/6414"}],"wp:attachment":[{"href":"https:\/\/www.mobilimariani.com\/fr\/wp-json\/wp\/v2\/media?parent=9001"}],"wp:term":[{"taxonomy":"category","embeddable":true,"href":"https:\/\/www.mobilimariani.com\/fr\/wp-json\/wp\/v2\/categories?post=9001"},{"taxonomy":"post_tag","embeddable":true,"href":"https:\/\/www.mobilimariani.com\/fr\/wp-json\/wp\/v2\/tags?post=9001"}],"curies":[{"name":"wp","href":"https:\/\/api.w.org\/{rel}","templated":true}]}}