{"id":8987,"date":"2021-08-02T17:34:42","date_gmt":"2021-08-02T15:34:42","guid":{"rendered":"https:\/\/www.mobilimariani.com\/?p=8987"},"modified":"2021-08-07T18:22:00","modified_gmt":"2021-08-07T16:22:00","slug":"flou-lit-duetto","status":"publish","type":"post","link":"https:\/\/www.mobilimariani.com\/fr\/flou-lit-duetto\/","title":{"rendered":"FLOU LIT DUETTO"},"content":{"rendered":"<p>FLOU LIT DUETTO<\/p>\n<p>Un syst\u00e8me modulaire pratique et polyvalent con\u00e7u par Flou, qui est adapt\u00e9 \u00e0 de nombreux besoins. La modularit\u00e9 du syst\u00e8me, permet facilement de le transformer afin\u00a0de le rendre plus fonctionel.\u00a0Il peut \u00eatre, en effet, soit un canap\u00e9 soit un lit sur lequel vous pouvez combiner avec un deuxi\u00e8me m\u00e9canisme de lit avec des pistons \u00e0 gaz qui vous permet de soulever facilement le premier lit, son ancrage avec deux blocs d&#8217;acier et de caoutchouc (afin d&#8217;obtenir un solution optimale). Et\u00a0peut \u00e9galement fournir des tiroirs avec une grande capacit\u00e9 de remplissement pour \u00eatre plac\u00e9e sous la premi\u00e8re chambre.\u00a0Duetto est enti\u00e8rement amovible gr\u00e2ce au velcro. il peut \u00eatre recouvert de tissu, de cuir ou de simili cuir de la collection Flou. Et conseill\u00e9 d&#8217;utiliser des versions sp\u00e9ciales matelas sp\u00e9cial Printemps, orthop\u00e9dique, Memoform faite d&#8217;une hauteur de 15 cm. Il\u00a0est disponible avec une jupe souple de rev\u00eatement &#8221; shabby chic &#8220;, est fournit des oreillers de forme (deux pour l&#8217;arri\u00e8re et\/ou deux pour les bras) avec des taies en tissu, cuir ou simili cuir, ce qui permet d&#8217;etre plus \u00e0 l&#8217;aise.<\/p>\n<p>Premier lit avec matelas utilisable en\u00a085 x 190\/200 cm ou 100 x 190\/200 ; deuxi\u00e8me lit avec matelas utilisable cm en 85 x 190\/200 cm ou 100 x 190\/200.<\/p>\n<p>Pour conna\u00eetre les\u00a0<span id=\"OT432079633\">rev\u00eatements\u00a0<\/span>\u00a0en tissu\u00a0<a href=\"https:\/\/www.mobilimariani.com\/fr\/flou-les-revetements\/\">cliquez ici\u00a0<\/a>pour les rev\u00eatements en faux cuir\u00a0<a href=\"https:\/\/www.mobilimariani.com\/flou-rivestimenti-lecopelle\/?lang=fr\">ici<\/a>\u00a0pour les\u00a0rev\u00eatements en cuir\u00a0<a href=\"https:\/\/www.mobilimariani.com\/flou-rivestimenti-la-pelle\/?lang=fr\">ici<\/a><\/p>\n<p>Pour d\u00e9couvrir la marque Flou, <a href=\"https:\/\/www.mobilimariani.com\/fr\/concessionnaire-flou\/\">cliquez ici<\/a><\/p>\n<p>Pour d\u00e9couvrir le catalogue de tous nos lits\u00a0<a href=\"https:\/\/www.mobilimariani.com\/fr\/search\/lit\">cliquez ici<\/a><\/p>\n<p>Vous voulez conna\u00eetre notre meilleur prix pour cet article?\u00a0<a href=\"https:\/\/www.mobilimariani.com\/fr\/contacts\/\">Cliquez ici<\/a>\u00a0et envoyez-nous la demande indiquant le lieu d\u2019exp\u00e9dition<\/p>\n<p>Pour nos clients suisses, la TVA italienne sera d\u00e9duite.<\/p>\n","protected":false},"excerpt":{"rendered":"FLOU LIT DUETTO Un syst\u00e8me modulaire pratique et polyvalent con\u00e7u par Flou, qui est adapt\u00e9 \u00e0 de nombreux besoins. La modularit\u00e9 du syst\u00e8me, permet facilement de le transformer afin\u00a0de le rendre plus fonctionel.\u00a0Il peut \u00eatre, en effet, soit un canap\u00e9 soit un lit sur lequel vous pouvez combiner avec un deuxi\u00e8me m\u00e9canisme de lit avec&#8230; <a class=\"view-article\" href=\"https:\/\/www.mobilimariani.com\/fr\/flou-lit-duetto\/\">Voir l&#8217;article<\/a>","protected":false},"author":1,"featured_media":3190,"comment_status":"closed","ping_status":"closed","sticky":false,"template":"","format":"standard","meta":[],"categories":[36,1,7,5,2],"tags":[2150,2176,2147,1362],"yoast_head":"<!-- This site is optimized with the Yoast SEO plugin v16.2 - https:\/\/yoast.com\/wordpress\/plugins\/seo\/ -->\n<meta name=\"description\" content=\"FLOU LIT DUETTO Un syst\u00e8me modulaire pratique et polyvalent con\u00e7u par Flou, qui est adapt\u00e9 \u00e0 de nombreux besoins. La modularit\u00e9 du syst\u00e8me, permet\" \/>\n<meta name=\"robots\" content=\"index, follow, max-snippet:-1, max-image-preview:large, max-video-preview:-1\" \/>\n<link rel=\"canonical\" href=\"https:\/\/www.mobilimariani.com\/fr\/flou-lit-duetto\/\" \/>\n<meta property=\"og:locale\" content=\"fr_FR\" \/>\n<meta property=\"og:type\" content=\"article\" \/>\n<meta property=\"og:title\" content=\"FLOU LIT DUETTO | Mobili Mariani\" \/>\n<meta property=\"og:description\" content=\"FLOU LIT DUETTO Un syst\u00e8me modulaire pratique et polyvalent con\u00e7u par Flou, qui est adapt\u00e9 \u00e0 de nombreux besoins. La modularit\u00e9 du syst\u00e8me, permet\" \/>\n<meta property=\"og:url\" content=\"https:\/\/www.mobilimariani.com\/fr\/flou-lit-duetto\/\" \/>\n<meta property=\"og:site_name\" content=\"Mobili Mariani\" \/>\n<meta property=\"article:published_time\" content=\"2021-08-02T15:34:42+00:00\" \/>\n<meta property=\"article:modified_time\" content=\"2021-08-07T16:22:00+00:00\" \/>\n<meta property=\"og:image\" content=\"https:\/\/www.mobilimariani.com\/wp-content\/uploads\/2015\/01\/14.jpg\" \/>\n\t<meta property=\"og:image:width\" content=\"704\" \/>\n\t<meta property=\"og:image:height\" content=\"432\" \/>\n<meta name=\"twitter:label1\" content=\"Est. reading time\">\n\t<meta name=\"twitter:data1\" content=\"2 minutes\">\n<script type=\"application\/ld+json\" class=\"yoast-schema-graph\">{\"@context\":\"https:\/\/schema.org\",\"@graph\":[{\"@type\":\"Organization\",\"@id\":\"https:\/\/www.mobilimariani.com\/#organization\",\"name\":\"Mobili Mariani\",\"url\":\"https:\/\/www.mobilimariani.com\/\",\"sameAs\":[],\"logo\":{\"@type\":\"ImageObject\",\"@id\":\"https:\/\/www.mobilimariani.com\/#logo\",\"inLanguage\":\"fr-CH\",\"url\":\"https:\/\/www.mobilimariani.com\/wp-content\/uploads\/2015\/12\/logo.png\",\"contentUrl\":\"https:\/\/www.mobilimariani.com\/wp-content\/uploads\/2015\/12\/logo.png\",\"width\":160,\"height\":110,\"caption\":\"Mobili Mariani\"},\"image\":{\"@id\":\"https:\/\/www.mobilimariani.com\/#logo\"}},{\"@type\":\"WebSite\",\"@id\":\"https:\/\/www.mobilimariani.com\/#website\",\"url\":\"https:\/\/www.mobilimariani.com\/\",\"name\":\"Mobili Mariani\",\"description\":\"Mobili Italia Svizzera\",\"publisher\":{\"@id\":\"https:\/\/www.mobilimariani.com\/#organization\"},\"potentialAction\":[{\"@type\":\"SearchAction\",\"target\":\"https:\/\/www.mobilimariani.com\/?s={search_term_string}\",\"query-input\":\"required name=search_term_string\"}],\"inLanguage\":\"fr-CH\"},{\"@type\":\"ImageObject\",\"@id\":\"https:\/\/www.mobilimariani.com\/fr\/flou-lit-duetto\/#primaryimage\",\"inLanguage\":\"fr-CH\",\"url\":\"https:\/\/www.mobilimariani.com\/wp-content\/uploads\/2015\/01\/14.jpg\",\"contentUrl\":\"https:\/\/www.mobilimariani.com\/wp-content\/uploads\/2015\/01\/14.jpg\",\"width\":704,\"height\":432,\"caption\":\"FLOU LETTO DUETTO\"},{\"@type\":\"WebPage\",\"@id\":\"https:\/\/www.mobilimariani.com\/fr\/flou-lit-duetto\/#webpage\",\"url\":\"https:\/\/www.mobilimariani.com\/fr\/flou-lit-duetto\/\",\"name\":\"FLOU LIT DUETTO | Mobili Mariani\",\"isPartOf\":{\"@id\":\"https:\/\/www.mobilimariani.com\/#website\"},\"primaryImageOfPage\":{\"@id\":\"https:\/\/www.mobilimariani.com\/fr\/flou-lit-duetto\/#primaryimage\"},\"datePublished\":\"2021-08-02T15:34:42+00:00\",\"dateModified\":\"2021-08-07T16:22:00+00:00\",\"description\":\"FLOU LIT DUETTO Un syst\\u00e8me modulaire pratique et polyvalent con\\u00e7u par Flou, qui est adapt\\u00e9 \\u00e0 de nombreux besoins. La modularit\\u00e9 du syst\\u00e8me, permet\",\"breadcrumb\":{\"@id\":\"https:\/\/www.mobilimariani.com\/fr\/flou-lit-duetto\/#breadcrumb\"},\"inLanguage\":\"fr-CH\",\"potentialAction\":[{\"@type\":\"ReadAction\",\"target\":[\"https:\/\/www.mobilimariani.com\/fr\/flou-lit-duetto\/\"]}]},{\"@type\":\"BreadcrumbList\",\"@id\":\"https:\/\/www.mobilimariani.com\/fr\/flou-lit-duetto\/#breadcrumb\",\"itemListElement\":[{\"@type\":\"ListItem\",\"position\":1,\"item\":{\"@type\":\"WebPage\",\"@id\":\"https:\/\/www.mobilimariani.com\/\",\"url\":\"https:\/\/www.mobilimariani.com\/\",\"name\":\"Home\"}},{\"@type\":\"ListItem\",\"position\":2,\"item\":{\"@id\":\"https:\/\/www.mobilimariani.com\/fr\/flou-lit-duetto\/#webpage\"}}]},{\"@type\":\"Article\",\"@id\":\"https:\/\/www.mobilimariani.com\/fr\/flou-lit-duetto\/#article\",\"isPartOf\":{\"@id\":\"https:\/\/www.mobilimariani.com\/fr\/flou-lit-duetto\/#webpage\"},\"author\":{\"@id\":\"https:\/\/www.mobilimariani.com\/#\/schema\/person\/4685d9f51269134e53f988c9122315f4\"},\"headline\":\"FLOU LIT DUETTO\",\"datePublished\":\"2021-08-02T15:34:42+00:00\",\"dateModified\":\"2021-08-07T16:22:00+00:00\",\"mainEntityOfPage\":{\"@id\":\"https:\/\/www.mobilimariani.com\/fr\/flou-lit-duetto\/#webpage\"},\"publisher\":{\"@id\":\"https:\/\/www.mobilimariani.com\/#organization\"},\"image\":{\"@id\":\"https:\/\/www.mobilimariani.com\/fr\/flou-lit-duetto\/#primaryimage\"},\"keywords\":[\"canap\\u00e9s lits italian design\",\"chambre pour les gar\\u00e7ons\",\"lits design italien\",\"sommier\"],\"articleSection\":[\"Chambres d&rsquo;enfants\",\"Catalogue\",\"Sofa\",\"Lits\",\"Zone nuit\"],\"inLanguage\":\"fr-CH\"},{\"@type\":\"Person\",\"@id\":\"https:\/\/www.mobilimariani.com\/#\/schema\/person\/4685d9f51269134e53f988c9122315f4\",\"name\":\"14m4rC008\",\"image\":{\"@type\":\"ImageObject\",\"@id\":\"https:\/\/www.mobilimariani.com\/#personlogo\",\"inLanguage\":\"fr-CH\",\"url\":\"https:\/\/secure.gravatar.com\/avatar\/dfaa6e536fec7030712cf850e9ddef45?s=96&d=mm&r=g\",\"contentUrl\":\"https:\/\/secure.gravatar.com\/avatar\/dfaa6e536fec7030712cf850e9ddef45?s=96&d=mm&r=g\",\"caption\":\"14m4rC008\"}}]}<\/script>\n<!-- \/ Yoast SEO plugin. -->","_links":{"self":[{"href":"https:\/\/www.mobilimariani.com\/fr\/wp-json\/wp\/v2\/posts\/8987"}],"collection":[{"href":"https:\/\/www.mobilimariani.com\/fr\/wp-json\/wp\/v2\/posts"}],"about":[{"href":"https:\/\/www.mobilimariani.com\/fr\/wp-json\/wp\/v2\/types\/post"}],"author":[{"embeddable":true,"href":"https:\/\/www.mobilimariani.com\/fr\/wp-json\/wp\/v2\/users\/1"}],"replies":[{"embeddable":true,"href":"https:\/\/www.mobilimariani.com\/fr\/wp-json\/wp\/v2\/comments?post=8987"}],"version-history":[{"count":6,"href":"https:\/\/www.mobilimariani.com\/fr\/wp-json\/wp\/v2\/posts\/8987\/revisions"}],"predecessor-version":[{"id":27441,"href":"https:\/\/www.mobilimariani.com\/fr\/wp-json\/wp\/v2\/posts\/8987\/revisions\/27441"}],"wp:featuredmedia":[{"embeddable":true,"href":"https:\/\/www.mobilimariani.com\/fr\/wp-json\/wp\/v2\/media\/3190"}],"wp:attachment":[{"href":"https:\/\/www.mobilimariani.com\/fr\/wp-json\/wp\/v2\/media?parent=8987"}],"wp:term":[{"taxonomy":"category","embeddable":true,"href":"https:\/\/www.mobilimariani.com\/fr\/wp-json\/wp\/v2\/categories?post=8987"},{"taxonomy":"post_tag","embeddable":true,"href":"https:\/\/www.mobilimariani.com\/fr\/wp-json\/wp\/v2\/tags?post=8987"}],"curies":[{"name":"wp","href":"https:\/\/api.w.org\/{rel}","templated":true}]}}