{"id":8897,"date":"2015-11-24T17:12:08","date_gmt":"2015-11-24T16:12:08","guid":{"rendered":"https:\/\/www.mobilimariani.com\/?p=8897"},"modified":"2018-04-06T10:10:59","modified_gmt":"2018-04-06T08:10:59","slug":"salle-de-bains-avec-lavabo-en-travertin","status":"publish","type":"post","link":"https:\/\/www.mobilimariani.com\/fr\/salle-de-bains-avec-lavabo-en-travertin\/","title":{"rendered":"Salle de bains avec lavabo en travertin."},"content":{"rendered":"<p>Salle de bains avec lavabo en travertin.<\/p>\n<p>Cette r\u00e9alisation est l&#8217;une de nos plus grande fiert\u00e9.<\/p>\n<p>La salle de bain est con\u00e7u dans le but de surprendre les invit\u00e9s de la r\u00e9sidence, d\u00e8s que vous ouvrez la porte de la chambre, la premi\u00e8re chose que vous voyez est l&#8217;\u00e9vier sculpt\u00e9 dans le\u00a0travertin nous avons r\u00e9alis\u00e9\u00a0un armature de forme circulaire afin de l&#8217;accueillir et de le valoriser qui elle-m\u00eame a \u00e9t\u00e9 recouvert de mosa\u00efque de verre iris\u00e9 d&#8217;une couleur rouge vin.<\/p>\n<p>Toujours de\u00a0notre r\u00e9alisation sur mesure, il y a le conteneur miroir d&#8217;angle situ\u00e9 au-dessus de l&#8217;\u00e9vier , et l&#8217;armoire avec deux portes inclin\u00e9es \u00e0 45 \u00b0.<\/p>\n<p><strong>Pour nos clients suisses, il sera d\u00e9duit l&#8217;I.V.A. italienne \u00e0 hauteur de 22%.<\/strong><\/p>\n","protected":false},"excerpt":{"rendered":"Salle de bains avec lavabo en travertin. Cette r\u00e9alisation est l&#8217;une de nos plus grande fiert\u00e9. La salle de bain est con\u00e7u dans le but de surprendre les invit\u00e9s de la r\u00e9sidence, d\u00e8s que vous ouvrez la porte de la chambre, la premi\u00e8re chose que vous voyez est l&#8217;\u00e9vier sculpt\u00e9 dans le\u00a0travertin nous avons r\u00e9alis\u00e9\u00a0un&#8230; <a class=\"view-article\" href=\"https:\/\/www.mobilimariani.com\/fr\/salle-de-bains-avec-lavabo-en-travertin\/\">Voir l&#8217;article<\/a>","protected":false},"author":1,"featured_media":7023,"comment_status":"closed","ping_status":"closed","sticky":false,"template":"","format":"standard","meta":[],"categories":[22,15],"tags":[],"yoast_head":"<!-- This site is optimized with the Yoast SEO plugin v16.2 - https:\/\/yoast.com\/wordpress\/plugins\/seo\/ -->\n<meta name=\"description\" content=\"Salle de bains avec lavabo en travertin.\" \/>\n<meta name=\"robots\" content=\"index, follow, max-snippet:-1, max-image-preview:large, max-video-preview:-1\" \/>\n<link rel=\"canonical\" href=\"https:\/\/www.mobilimariani.com\/fr\/salle-de-bains-avec-lavabo-en-travertin\/\" \/>\n<meta property=\"og:locale\" content=\"fr_FR\" \/>\n<meta property=\"og:type\" content=\"article\" \/>\n<meta property=\"og:title\" content=\"Salle de bains avec lavabo en travertin.\" \/>\n<meta property=\"og:description\" content=\"Salle de bains avec lavabo en travertin.\" \/>\n<meta property=\"og:url\" content=\"https:\/\/www.mobilimariani.com\/fr\/salle-de-bains-avec-lavabo-en-travertin\/\" \/>\n<meta property=\"og:site_name\" content=\"Mobili Mariani\" \/>\n<meta property=\"article:published_time\" content=\"2015-11-24T16:12:08+00:00\" \/>\n<meta property=\"article:modified_time\" content=\"2018-04-06T08:10:59+00:00\" \/>\n<meta property=\"og:image\" content=\"https:\/\/www.mobilimariani.com\/wp-content\/uploads\/2015\/09\/prospettiva-bagno.jpg\" \/>\n\t<meta property=\"og:image:width\" content=\"2332\" \/>\n\t<meta property=\"og:image:height\" content=\"1501\" \/>\n<meta name=\"twitter:label1\" content=\"Est. reading time\">\n\t<meta name=\"twitter:data1\" content=\"1 minute\">\n<script type=\"application\/ld+json\" class=\"yoast-schema-graph\">{\"@context\":\"https:\/\/schema.org\",\"@graph\":[{\"@type\":\"Organization\",\"@id\":\"https:\/\/www.mobilimariani.com\/#organization\",\"name\":\"Mobili Mariani\",\"url\":\"https:\/\/www.mobilimariani.com\/\",\"sameAs\":[],\"logo\":{\"@type\":\"ImageObject\",\"@id\":\"https:\/\/www.mobilimariani.com\/#logo\",\"inLanguage\":\"fr-CH\",\"url\":\"https:\/\/www.mobilimariani.com\/wp-content\/uploads\/2015\/12\/logo.png\",\"contentUrl\":\"https:\/\/www.mobilimariani.com\/wp-content\/uploads\/2015\/12\/logo.png\",\"width\":160,\"height\":110,\"caption\":\"Mobili Mariani\"},\"image\":{\"@id\":\"https:\/\/www.mobilimariani.com\/#logo\"}},{\"@type\":\"WebSite\",\"@id\":\"https:\/\/www.mobilimariani.com\/#website\",\"url\":\"https:\/\/www.mobilimariani.com\/\",\"name\":\"Mobili Mariani\",\"description\":\"Mobili Italia Svizzera\",\"publisher\":{\"@id\":\"https:\/\/www.mobilimariani.com\/#organization\"},\"potentialAction\":[{\"@type\":\"SearchAction\",\"target\":\"https:\/\/www.mobilimariani.com\/?s={search_term_string}\",\"query-input\":\"required name=search_term_string\"}],\"inLanguage\":\"fr-CH\"},{\"@type\":\"ImageObject\",\"@id\":\"https:\/\/www.mobilimariani.com\/fr\/salle-de-bains-avec-lavabo-en-travertin\/#primaryimage\",\"inLanguage\":\"fr-CH\",\"url\":\"https:\/\/www.mobilimariani.com\/wp-content\/uploads\/2015\/09\/prospettiva-bagno.jpg\",\"contentUrl\":\"https:\/\/www.mobilimariani.com\/wp-content\/uploads\/2015\/09\/prospettiva-bagno.jpg\",\"width\":2332,\"height\":1501,\"caption\":\"Bagno zona giorno con lavello in travertino.\"},{\"@type\":\"WebPage\",\"@id\":\"https:\/\/www.mobilimariani.com\/fr\/salle-de-bains-avec-lavabo-en-travertin\/#webpage\",\"url\":\"https:\/\/www.mobilimariani.com\/fr\/salle-de-bains-avec-lavabo-en-travertin\/\",\"name\":\"Salle de bains avec lavabo en travertin.\",\"isPartOf\":{\"@id\":\"https:\/\/www.mobilimariani.com\/#website\"},\"primaryImageOfPage\":{\"@id\":\"https:\/\/www.mobilimariani.com\/fr\/salle-de-bains-avec-lavabo-en-travertin\/#primaryimage\"},\"datePublished\":\"2015-11-24T16:12:08+00:00\",\"dateModified\":\"2018-04-06T08:10:59+00:00\",\"description\":\"Salle de bains avec lavabo en travertin.\",\"breadcrumb\":{\"@id\":\"https:\/\/www.mobilimariani.com\/fr\/salle-de-bains-avec-lavabo-en-travertin\/#breadcrumb\"},\"inLanguage\":\"fr-CH\",\"potentialAction\":[{\"@type\":\"ReadAction\",\"target\":[\"https:\/\/www.mobilimariani.com\/fr\/salle-de-bains-avec-lavabo-en-travertin\/\"]}]},{\"@type\":\"BreadcrumbList\",\"@id\":\"https:\/\/www.mobilimariani.com\/fr\/salle-de-bains-avec-lavabo-en-travertin\/#breadcrumb\",\"itemListElement\":[{\"@type\":\"ListItem\",\"position\":1,\"item\":{\"@type\":\"WebPage\",\"@id\":\"https:\/\/www.mobilimariani.com\/\",\"url\":\"https:\/\/www.mobilimariani.com\/\",\"name\":\"Home\"}},{\"@type\":\"ListItem\",\"position\":2,\"item\":{\"@id\":\"https:\/\/www.mobilimariani.com\/fr\/salle-de-bains-avec-lavabo-en-travertin\/#webpage\"}}]},{\"@type\":\"Article\",\"@id\":\"https:\/\/www.mobilimariani.com\/fr\/salle-de-bains-avec-lavabo-en-travertin\/#article\",\"isPartOf\":{\"@id\":\"https:\/\/www.mobilimariani.com\/fr\/salle-de-bains-avec-lavabo-en-travertin\/#webpage\"},\"author\":{\"@id\":\"https:\/\/www.mobilimariani.com\/#\/schema\/person\/4685d9f51269134e53f988c9122315f4\"},\"headline\":\"Salle de bains avec lavabo en travertin.\",\"datePublished\":\"2015-11-24T16:12:08+00:00\",\"dateModified\":\"2018-04-06T08:10:59+00:00\",\"mainEntityOfPage\":{\"@id\":\"https:\/\/www.mobilimariani.com\/fr\/salle-de-bains-avec-lavabo-en-travertin\/#webpage\"},\"publisher\":{\"@id\":\"https:\/\/www.mobilimariani.com\/#organization\"},\"image\":{\"@id\":\"https:\/\/www.mobilimariani.com\/fr\/salle-de-bains-avec-lavabo-en-travertin\/#primaryimage\"},\"articleSection\":[\"Bain\",\"Conception\"],\"inLanguage\":\"fr-CH\"},{\"@type\":\"Person\",\"@id\":\"https:\/\/www.mobilimariani.com\/#\/schema\/person\/4685d9f51269134e53f988c9122315f4\",\"name\":\"14m4rC008\",\"image\":{\"@type\":\"ImageObject\",\"@id\":\"https:\/\/www.mobilimariani.com\/#personlogo\",\"inLanguage\":\"fr-CH\",\"url\":\"https:\/\/secure.gravatar.com\/avatar\/dfaa6e536fec7030712cf850e9ddef45?s=96&d=mm&r=g\",\"contentUrl\":\"https:\/\/secure.gravatar.com\/avatar\/dfaa6e536fec7030712cf850e9ddef45?s=96&d=mm&r=g\",\"caption\":\"14m4rC008\"}}]}<\/script>\n<!-- \/ Yoast SEO plugin. -->","_links":{"self":[{"href":"https:\/\/www.mobilimariani.com\/fr\/wp-json\/wp\/v2\/posts\/8897"}],"collection":[{"href":"https:\/\/www.mobilimariani.com\/fr\/wp-json\/wp\/v2\/posts"}],"about":[{"href":"https:\/\/www.mobilimariani.com\/fr\/wp-json\/wp\/v2\/types\/post"}],"author":[{"embeddable":true,"href":"https:\/\/www.mobilimariani.com\/fr\/wp-json\/wp\/v2\/users\/1"}],"replies":[{"embeddable":true,"href":"https:\/\/www.mobilimariani.com\/fr\/wp-json\/wp\/v2\/comments?post=8897"}],"version-history":[{"count":3,"href":"https:\/\/www.mobilimariani.com\/fr\/wp-json\/wp\/v2\/posts\/8897\/revisions"}],"predecessor-version":[{"id":16509,"href":"https:\/\/www.mobilimariani.com\/fr\/wp-json\/wp\/v2\/posts\/8897\/revisions\/16509"}],"wp:featuredmedia":[{"embeddable":true,"href":"https:\/\/www.mobilimariani.com\/fr\/wp-json\/wp\/v2\/media\/7023"}],"wp:attachment":[{"href":"https:\/\/www.mobilimariani.com\/fr\/wp-json\/wp\/v2\/media?parent=8897"}],"wp:term":[{"taxonomy":"category","embeddable":true,"href":"https:\/\/www.mobilimariani.com\/fr\/wp-json\/wp\/v2\/categories?post=8897"},{"taxonomy":"post_tag","embeddable":true,"href":"https:\/\/www.mobilimariani.com\/fr\/wp-json\/wp\/v2\/tags?post=8897"}],"curies":[{"name":"wp","href":"https:\/\/api.w.org\/{rel}","templated":true}]}}