{"id":8769,"date":"2015-11-17T18:10:48","date_gmt":"2015-11-17T17:10:48","guid":{"rendered":"https:\/\/www.mobilimariani.com\/?p=8769"},"modified":"2017-04-03T16:28:08","modified_gmt":"2017-04-03T14:28:08","slug":"gessi-just-cuisine","status":"publish","type":"post","link":"https:\/\/www.mobilimariani.com\/fr\/gessi-just-cuisine\/","title":{"rendered":"GESSI JUST CUISINE"},"content":{"rendered":"<p>GESSI JUST CUCINA, la beaut\u00e9 et l&#8217;innovation dans la vie quotidienne.\u00a0Designer Prospero Rasulo.<\/p>\n<p>La gr\u00e2ce et la conception de JUST sont la parfaite expression de la recherche que Gessi fait par rapport \u00e0 l&#8217;esth\u00e9tisme et la fonctionnalit\u00e9 des objets. La\u00a0ligne de produit\u00a0a un profil minimal et \u00e9l\u00e9gant et la gamme comprend des produits poss\u00e9dant\u00a0un syst\u00e8me d&#8217;\u00e9clairage innovant du jet avec lumi\u00e8re\u00a0blanche ou changeante de couleur en fonction de la temp\u00e9rature de l&#8217;eau .<\/p>\n<p>JUST est disponible\u00a0en chrome et Finox .<\/p>\n<p>Le Finox est le r\u00e9sultat de la recherche visant \u00e0 am\u00e9liorer la durabilit\u00e9 esth\u00e9tiques des produits ayant comme finition un effet \u00ab acier bross\u00e9 \u00bb. Le Finox est produit \u00e0 partir d&#8217;un gisement de nickel et avec des additifs sp\u00e9ciaux qui rendent la pi\u00e8ce d&#8217;acier inoxydable, sans aucune peinture protectrice. Ce traitement assure une plus grande r\u00e9sistance aux agents chimiques de nettoyage avec un degr\u00e9 de duret\u00e9 proche du chrome .<\/p>\n<p>Pour d\u00e9couvrir la marque Gessi,\u00a0<a href=\"https:\/\/www.mobilimariani.com\/fr\/concessionnaire-gessi\/\">cliquez ici<\/a><\/p>\n<p>Pour nos clients suisses, il sera d\u00e9duit l&#8217;IVA italienne \u00e0 hauteur de 22%<\/p>\n<p>vous voulez conna\u00eetre notre meilleur prix pour cet article? <a href=\"https:\/\/www.mobilimariani.com\/fr\/contacts\/\">Cliquez ici<\/a> et envoyez-nous la demande<\/p>\n","protected":false},"excerpt":{"rendered":"GESSI JUST CUCINA, la beaut\u00e9 et l&#8217;innovation dans la vie quotidienne.\u00a0Designer Prospero Rasulo. La gr\u00e2ce et la conception de JUST sont la parfaite expression de la recherche que Gessi fait par rapport \u00e0 l&#8217;esth\u00e9tisme et la fonctionnalit\u00e9 des objets. La\u00a0ligne de produit\u00a0a un profil minimal et \u00e9l\u00e9gant et la gamme comprend des produits poss\u00e9dant\u00a0un syst\u00e8me&#8230; <a class=\"view-article\" href=\"https:\/\/www.mobilimariani.com\/fr\/gessi-just-cuisine\/\">Voir l&#8217;article<\/a>","protected":false},"author":1,"featured_media":7823,"comment_status":"closed","ping_status":"closed","sticky":false,"template":"","format":"standard","meta":[],"categories":[1,16],"tags":[],"yoast_head":"<!-- This site is optimized with the Yoast SEO plugin v16.2 - https:\/\/yoast.com\/wordpress\/plugins\/seo\/ -->\n<meta name=\"description\" content=\"GESSI JUST CUISINE\" \/>\n<meta name=\"robots\" content=\"index, follow, max-snippet:-1, max-image-preview:large, max-video-preview:-1\" \/>\n<link rel=\"canonical\" href=\"https:\/\/www.mobilimariani.com\/fr\/gessi-just-cuisine\/\" \/>\n<meta property=\"og:locale\" content=\"fr_FR\" \/>\n<meta property=\"og:type\" content=\"article\" \/>\n<meta property=\"og:title\" content=\"GESSI JUST CUISINE\" \/>\n<meta property=\"og:description\" content=\"GESSI JUST CUISINE\" \/>\n<meta property=\"og:url\" content=\"https:\/\/www.mobilimariani.com\/fr\/gessi-just-cuisine\/\" \/>\n<meta property=\"og:site_name\" content=\"Mobili Mariani\" \/>\n<meta property=\"article:published_time\" content=\"2015-11-17T17:10:48+00:00\" \/>\n<meta property=\"article:modified_time\" content=\"2017-04-03T14:28:08+00:00\" \/>\n<meta property=\"og:image\" content=\"https:\/\/www.mobilimariani.com\/wp-content\/uploads\/2015\/09\/1134.jpg\" \/>\n\t<meta property=\"og:image:width\" content=\"359\" \/>\n\t<meta property=\"og:image:height\" content=\"537\" \/>\n<meta name=\"twitter:label1\" content=\"Est. reading time\">\n\t<meta name=\"twitter:data1\" content=\"1 minute\">\n<script type=\"application\/ld+json\" class=\"yoast-schema-graph\">{\"@context\":\"https:\/\/schema.org\",\"@graph\":[{\"@type\":\"Organization\",\"@id\":\"https:\/\/www.mobilimariani.com\/#organization\",\"name\":\"Mobili Mariani\",\"url\":\"https:\/\/www.mobilimariani.com\/\",\"sameAs\":[],\"logo\":{\"@type\":\"ImageObject\",\"@id\":\"https:\/\/www.mobilimariani.com\/#logo\",\"inLanguage\":\"fr-CH\",\"url\":\"https:\/\/www.mobilimariani.com\/wp-content\/uploads\/2015\/12\/logo.png\",\"contentUrl\":\"https:\/\/www.mobilimariani.com\/wp-content\/uploads\/2015\/12\/logo.png\",\"width\":160,\"height\":110,\"caption\":\"Mobili Mariani\"},\"image\":{\"@id\":\"https:\/\/www.mobilimariani.com\/#logo\"}},{\"@type\":\"WebSite\",\"@id\":\"https:\/\/www.mobilimariani.com\/#website\",\"url\":\"https:\/\/www.mobilimariani.com\/\",\"name\":\"Mobili Mariani\",\"description\":\"Mobili Italia Svizzera\",\"publisher\":{\"@id\":\"https:\/\/www.mobilimariani.com\/#organization\"},\"potentialAction\":[{\"@type\":\"SearchAction\",\"target\":\"https:\/\/www.mobilimariani.com\/?s={search_term_string}\",\"query-input\":\"required name=search_term_string\"}],\"inLanguage\":\"fr-CH\"},{\"@type\":\"ImageObject\",\"@id\":\"https:\/\/www.mobilimariani.com\/fr\/gessi-just-cuisine\/#primaryimage\",\"inLanguage\":\"fr-CH\",\"url\":\"https:\/\/www.mobilimariani.com\/wp-content\/uploads\/2015\/09\/1134.jpg\",\"contentUrl\":\"https:\/\/www.mobilimariani.com\/wp-content\/uploads\/2015\/09\/1134.jpg\",\"width\":359,\"height\":537,\"caption\":\"GESSI JUST CUCINA\"},{\"@type\":\"WebPage\",\"@id\":\"https:\/\/www.mobilimariani.com\/fr\/gessi-just-cuisine\/#webpage\",\"url\":\"https:\/\/www.mobilimariani.com\/fr\/gessi-just-cuisine\/\",\"name\":\"GESSI JUST CUISINE\",\"isPartOf\":{\"@id\":\"https:\/\/www.mobilimariani.com\/#website\"},\"primaryImageOfPage\":{\"@id\":\"https:\/\/www.mobilimariani.com\/fr\/gessi-just-cuisine\/#primaryimage\"},\"datePublished\":\"2015-11-17T17:10:48+00:00\",\"dateModified\":\"2017-04-03T14:28:08+00:00\",\"description\":\"GESSI JUST CUISINE\",\"breadcrumb\":{\"@id\":\"https:\/\/www.mobilimariani.com\/fr\/gessi-just-cuisine\/#breadcrumb\"},\"inLanguage\":\"fr-CH\",\"potentialAction\":[{\"@type\":\"ReadAction\",\"target\":[\"https:\/\/www.mobilimariani.com\/fr\/gessi-just-cuisine\/\"]}]},{\"@type\":\"BreadcrumbList\",\"@id\":\"https:\/\/www.mobilimariani.com\/fr\/gessi-just-cuisine\/#breadcrumb\",\"itemListElement\":[{\"@type\":\"ListItem\",\"position\":1,\"item\":{\"@type\":\"WebPage\",\"@id\":\"https:\/\/www.mobilimariani.com\/\",\"url\":\"https:\/\/www.mobilimariani.com\/\",\"name\":\"Home\"}},{\"@type\":\"ListItem\",\"position\":2,\"item\":{\"@id\":\"https:\/\/www.mobilimariani.com\/fr\/gessi-just-cuisine\/#webpage\"}}]},{\"@type\":\"Article\",\"@id\":\"https:\/\/www.mobilimariani.com\/fr\/gessi-just-cuisine\/#article\",\"isPartOf\":{\"@id\":\"https:\/\/www.mobilimariani.com\/fr\/gessi-just-cuisine\/#webpage\"},\"author\":{\"@id\":\"https:\/\/www.mobilimariani.com\/#\/schema\/person\/4685d9f51269134e53f988c9122315f4\"},\"headline\":\"GESSI JUST CUISINE\",\"datePublished\":\"2015-11-17T17:10:48+00:00\",\"dateModified\":\"2017-04-03T14:28:08+00:00\",\"mainEntityOfPage\":{\"@id\":\"https:\/\/www.mobilimariani.com\/fr\/gessi-just-cuisine\/#webpage\"},\"publisher\":{\"@id\":\"https:\/\/www.mobilimariani.com\/#organization\"},\"image\":{\"@id\":\"https:\/\/www.mobilimariani.com\/fr\/gessi-just-cuisine\/#primaryimage\"},\"articleSection\":[\"Catalogue\",\"Cuisines\"],\"inLanguage\":\"fr-CH\"},{\"@type\":\"Person\",\"@id\":\"https:\/\/www.mobilimariani.com\/#\/schema\/person\/4685d9f51269134e53f988c9122315f4\",\"name\":\"14m4rC008\",\"image\":{\"@type\":\"ImageObject\",\"@id\":\"https:\/\/www.mobilimariani.com\/#personlogo\",\"inLanguage\":\"fr-CH\",\"url\":\"https:\/\/secure.gravatar.com\/avatar\/dfaa6e536fec7030712cf850e9ddef45?s=96&d=mm&r=g\",\"contentUrl\":\"https:\/\/secure.gravatar.com\/avatar\/dfaa6e536fec7030712cf850e9ddef45?s=96&d=mm&r=g\",\"caption\":\"14m4rC008\"}}]}<\/script>\n<!-- \/ Yoast SEO plugin. -->","_links":{"self":[{"href":"https:\/\/www.mobilimariani.com\/fr\/wp-json\/wp\/v2\/posts\/8769"}],"collection":[{"href":"https:\/\/www.mobilimariani.com\/fr\/wp-json\/wp\/v2\/posts"}],"about":[{"href":"https:\/\/www.mobilimariani.com\/fr\/wp-json\/wp\/v2\/types\/post"}],"author":[{"embeddable":true,"href":"https:\/\/www.mobilimariani.com\/fr\/wp-json\/wp\/v2\/users\/1"}],"replies":[{"embeddable":true,"href":"https:\/\/www.mobilimariani.com\/fr\/wp-json\/wp\/v2\/comments?post=8769"}],"version-history":[{"count":1,"href":"https:\/\/www.mobilimariani.com\/fr\/wp-json\/wp\/v2\/posts\/8769\/revisions"}],"predecessor-version":[{"id":8770,"href":"https:\/\/www.mobilimariani.com\/fr\/wp-json\/wp\/v2\/posts\/8769\/revisions\/8770"}],"wp:featuredmedia":[{"embeddable":true,"href":"https:\/\/www.mobilimariani.com\/fr\/wp-json\/wp\/v2\/media\/7823"}],"wp:attachment":[{"href":"https:\/\/www.mobilimariani.com\/fr\/wp-json\/wp\/v2\/media?parent=8769"}],"wp:term":[{"taxonomy":"category","embeddable":true,"href":"https:\/\/www.mobilimariani.com\/fr\/wp-json\/wp\/v2\/categories?post=8769"},{"taxonomy":"post_tag","embeddable":true,"href":"https:\/\/www.mobilimariani.com\/fr\/wp-json\/wp\/v2\/tags?post=8769"}],"curies":[{"name":"wp","href":"https:\/\/api.w.org\/{rel}","templated":true}]}}