{"id":8759,"date":"2015-11-17T15:25:27","date_gmt":"2015-11-17T14:25:27","guid":{"rendered":"https:\/\/www.mobilimariani.com\/?p=8759"},"modified":"2017-04-03T16:21:40","modified_gmt":"2017-04-03T14:21:40","slug":"gessi-minimo-cucina-2","status":"publish","type":"post","link":"https:\/\/www.mobilimariani.com\/fr\/gessi-minimo-cucina\/","title":{"rendered":"GESSI MINIMO CUCINA"},"content":{"rendered":"<p>GESSI MINIMO CUCINA, la gr\u00e2ce minimaliste de l&#8217;\u00e9paisseur minimale.<\/p>\n<p>Minimalisme de caract\u00e8re est l&#8217;inspiration qui a conduit \u00e0 cet extraordinaire robinet de cuisine de snellissimo avec son \u00e9l\u00e9gant , ultra-mince bec .<\/p>\n<p>Minimo\u00a0est r\u00e9alis\u00e9\u00a0dans les versions : chrome et Finox .<\/p>\n<p>Le Finox est le r\u00e9sultat de la recherche sur l&#8217;am\u00e9lioration de la durabilit\u00e9 des esth\u00e9tiques caract\u00e9ristiques de\u00a0la finition des produits et de\u00a0l&#8217;effet &#8220;Acier brosser&#8221;,\u00a0le Finox est produit par un d\u00e9p\u00f4t de nickel avec des additifs sp\u00e9ciaux, qui rendent le m\u00e9tal\u00a0inoxydable sans la traditionnelle couche de peinture protectrice classique. Le traitement garantit une\u00a0plus grande r\u00e9sistance aux agents chimiques de propret\u00e9 avec degr\u00e9 de duret\u00e9 semblable au chrome.<\/p>\n<p>D\u00e9couvrez\u00a0la marque Gessi, <a href=\"https:\/\/www.mobilimariani.com\/fr\/concessionnaire-gessi\/\">cliquez ici<\/a><\/p>\n<p>Pour nos clients suisses, il sera d\u00e9duit l&#8217;IVA italienne \u00e0 hauteur de 22%<\/p>\n<p>vous voulez conna\u00eetre notre meilleur prix pour cet article? <a href=\"https:\/\/www.mobilimariani.com\/fr\/contacts\/\">Cliquez ici<\/a> et envoyez-nous la demande<\/p>\n","protected":false},"excerpt":{"rendered":"GESSI MINIMO CUCINA, la gr\u00e2ce minimaliste de l&#8217;\u00e9paisseur minimale. Minimalisme de caract\u00e8re est l&#8217;inspiration qui a conduit \u00e0 cet extraordinaire robinet de cuisine de snellissimo avec son \u00e9l\u00e9gant , ultra-mince bec . Minimo\u00a0est r\u00e9alis\u00e9\u00a0dans les versions : chrome et Finox . Le Finox est le r\u00e9sultat de la recherche sur l&#8217;am\u00e9lioration de la durabilit\u00e9 des&#8230; <a class=\"view-article\" href=\"https:\/\/www.mobilimariani.com\/fr\/gessi-minimo-cucina\/\">Voir l&#8217;article<\/a>","protected":false},"author":1,"featured_media":7874,"comment_status":"closed","ping_status":"closed","sticky":false,"template":"","format":"standard","meta":[],"categories":[1,16],"tags":[],"yoast_head":"<!-- This site is optimized with the Yoast SEO plugin v16.2 - https:\/\/yoast.com\/wordpress\/plugins\/seo\/ -->\n<meta name=\"description\" content=\"GESSI MINIMO CUCINA\" \/>\n<meta name=\"robots\" content=\"index, follow, max-snippet:-1, max-image-preview:large, max-video-preview:-1\" \/>\n<link rel=\"canonical\" href=\"https:\/\/www.mobilimariani.com\/fr\/gessi-minimo-cucina\/\" \/>\n<meta property=\"og:locale\" content=\"fr_FR\" \/>\n<meta property=\"og:type\" content=\"article\" \/>\n<meta property=\"og:title\" content=\"GESSI MINIMO CUCINA\" \/>\n<meta property=\"og:description\" content=\"GESSI MINIMO CUCINA\" \/>\n<meta property=\"og:url\" content=\"https:\/\/www.mobilimariani.com\/fr\/gessi-minimo-cucina\/\" \/>\n<meta property=\"og:site_name\" content=\"Mobili Mariani\" \/>\n<meta property=\"article:published_time\" content=\"2015-11-17T14:25:27+00:00\" \/>\n<meta property=\"article:modified_time\" content=\"2017-04-03T14:21:40+00:00\" \/>\n<meta property=\"og:image\" content=\"https:\/\/www.mobilimariani.com\/wp-content\/uploads\/2015\/09\/1140.jpg\" \/>\n\t<meta property=\"og:image:width\" content=\"793\" \/>\n\t<meta property=\"og:image:height\" content=\"534\" \/>\n<meta name=\"twitter:label1\" content=\"Est. reading time\">\n\t<meta name=\"twitter:data1\" content=\"1 minute\">\n<script type=\"application\/ld+json\" class=\"yoast-schema-graph\">{\"@context\":\"https:\/\/schema.org\",\"@graph\":[{\"@type\":\"Organization\",\"@id\":\"https:\/\/www.mobilimariani.com\/#organization\",\"name\":\"Mobili Mariani\",\"url\":\"https:\/\/www.mobilimariani.com\/\",\"sameAs\":[],\"logo\":{\"@type\":\"ImageObject\",\"@id\":\"https:\/\/www.mobilimariani.com\/#logo\",\"inLanguage\":\"fr-CH\",\"url\":\"https:\/\/www.mobilimariani.com\/wp-content\/uploads\/2015\/12\/logo.png\",\"contentUrl\":\"https:\/\/www.mobilimariani.com\/wp-content\/uploads\/2015\/12\/logo.png\",\"width\":160,\"height\":110,\"caption\":\"Mobili Mariani\"},\"image\":{\"@id\":\"https:\/\/www.mobilimariani.com\/#logo\"}},{\"@type\":\"WebSite\",\"@id\":\"https:\/\/www.mobilimariani.com\/#website\",\"url\":\"https:\/\/www.mobilimariani.com\/\",\"name\":\"Mobili Mariani\",\"description\":\"Mobili Italia Svizzera\",\"publisher\":{\"@id\":\"https:\/\/www.mobilimariani.com\/#organization\"},\"potentialAction\":[{\"@type\":\"SearchAction\",\"target\":\"https:\/\/www.mobilimariani.com\/?s={search_term_string}\",\"query-input\":\"required name=search_term_string\"}],\"inLanguage\":\"fr-CH\"},{\"@type\":\"ImageObject\",\"@id\":\"https:\/\/www.mobilimariani.com\/fr\/gessi-minimo-cucina\/#primaryimage\",\"inLanguage\":\"fr-CH\",\"url\":\"https:\/\/www.mobilimariani.com\/wp-content\/uploads\/2015\/09\/1140.jpg\",\"contentUrl\":\"https:\/\/www.mobilimariani.com\/wp-content\/uploads\/2015\/09\/1140.jpg\",\"width\":793,\"height\":534,\"caption\":\"GESSI MINIMO CUCINA\"},{\"@type\":\"WebPage\",\"@id\":\"https:\/\/www.mobilimariani.com\/fr\/gessi-minimo-cucina\/#webpage\",\"url\":\"https:\/\/www.mobilimariani.com\/fr\/gessi-minimo-cucina\/\",\"name\":\"GESSI MINIMO CUCINA\",\"isPartOf\":{\"@id\":\"https:\/\/www.mobilimariani.com\/#website\"},\"primaryImageOfPage\":{\"@id\":\"https:\/\/www.mobilimariani.com\/fr\/gessi-minimo-cucina\/#primaryimage\"},\"datePublished\":\"2015-11-17T14:25:27+00:00\",\"dateModified\":\"2017-04-03T14:21:40+00:00\",\"description\":\"GESSI MINIMO CUCINA\",\"breadcrumb\":{\"@id\":\"https:\/\/www.mobilimariani.com\/fr\/gessi-minimo-cucina\/#breadcrumb\"},\"inLanguage\":\"fr-CH\",\"potentialAction\":[{\"@type\":\"ReadAction\",\"target\":[\"https:\/\/www.mobilimariani.com\/fr\/gessi-minimo-cucina\/\"]}]},{\"@type\":\"BreadcrumbList\",\"@id\":\"https:\/\/www.mobilimariani.com\/fr\/gessi-minimo-cucina\/#breadcrumb\",\"itemListElement\":[{\"@type\":\"ListItem\",\"position\":1,\"item\":{\"@type\":\"WebPage\",\"@id\":\"https:\/\/www.mobilimariani.com\/\",\"url\":\"https:\/\/www.mobilimariani.com\/\",\"name\":\"Home\"}},{\"@type\":\"ListItem\",\"position\":2,\"item\":{\"@id\":\"https:\/\/www.mobilimariani.com\/fr\/gessi-minimo-cucina\/#webpage\"}}]},{\"@type\":\"Article\",\"@id\":\"https:\/\/www.mobilimariani.com\/fr\/gessi-minimo-cucina\/#article\",\"isPartOf\":{\"@id\":\"https:\/\/www.mobilimariani.com\/fr\/gessi-minimo-cucina\/#webpage\"},\"author\":{\"@id\":\"https:\/\/www.mobilimariani.com\/#\/schema\/person\/4685d9f51269134e53f988c9122315f4\"},\"headline\":\"GESSI MINIMO CUCINA\",\"datePublished\":\"2015-11-17T14:25:27+00:00\",\"dateModified\":\"2017-04-03T14:21:40+00:00\",\"mainEntityOfPage\":{\"@id\":\"https:\/\/www.mobilimariani.com\/fr\/gessi-minimo-cucina\/#webpage\"},\"publisher\":{\"@id\":\"https:\/\/www.mobilimariani.com\/#organization\"},\"image\":{\"@id\":\"https:\/\/www.mobilimariani.com\/fr\/gessi-minimo-cucina\/#primaryimage\"},\"articleSection\":[\"Catalogue\",\"Cuisines\"],\"inLanguage\":\"fr-CH\"},{\"@type\":\"Person\",\"@id\":\"https:\/\/www.mobilimariani.com\/#\/schema\/person\/4685d9f51269134e53f988c9122315f4\",\"name\":\"14m4rC008\",\"image\":{\"@type\":\"ImageObject\",\"@id\":\"https:\/\/www.mobilimariani.com\/#personlogo\",\"inLanguage\":\"fr-CH\",\"url\":\"https:\/\/secure.gravatar.com\/avatar\/dfaa6e536fec7030712cf850e9ddef45?s=96&d=mm&r=g\",\"contentUrl\":\"https:\/\/secure.gravatar.com\/avatar\/dfaa6e536fec7030712cf850e9ddef45?s=96&d=mm&r=g\",\"caption\":\"14m4rC008\"}}]}<\/script>\n<!-- \/ Yoast SEO plugin. -->","_links":{"self":[{"href":"https:\/\/www.mobilimariani.com\/fr\/wp-json\/wp\/v2\/posts\/8759"}],"collection":[{"href":"https:\/\/www.mobilimariani.com\/fr\/wp-json\/wp\/v2\/posts"}],"about":[{"href":"https:\/\/www.mobilimariani.com\/fr\/wp-json\/wp\/v2\/types\/post"}],"author":[{"embeddable":true,"href":"https:\/\/www.mobilimariani.com\/fr\/wp-json\/wp\/v2\/users\/1"}],"replies":[{"embeddable":true,"href":"https:\/\/www.mobilimariani.com\/fr\/wp-json\/wp\/v2\/comments?post=8759"}],"version-history":[{"count":1,"href":"https:\/\/www.mobilimariani.com\/fr\/wp-json\/wp\/v2\/posts\/8759\/revisions"}],"predecessor-version":[{"id":8760,"href":"https:\/\/www.mobilimariani.com\/fr\/wp-json\/wp\/v2\/posts\/8759\/revisions\/8760"}],"wp:featuredmedia":[{"embeddable":true,"href":"https:\/\/www.mobilimariani.com\/fr\/wp-json\/wp\/v2\/media\/7874"}],"wp:attachment":[{"href":"https:\/\/www.mobilimariani.com\/fr\/wp-json\/wp\/v2\/media?parent=8759"}],"wp:term":[{"taxonomy":"category","embeddable":true,"href":"https:\/\/www.mobilimariani.com\/fr\/wp-json\/wp\/v2\/categories?post=8759"},{"taxonomy":"post_tag","embeddable":true,"href":"https:\/\/www.mobilimariani.com\/fr\/wp-json\/wp\/v2\/tags?post=8759"}],"curies":[{"name":"wp","href":"https:\/\/api.w.org\/{rel}","templated":true}]}}