{"id":8627,"date":"2017-08-21T15:24:31","date_gmt":"2017-08-21T13:24:31","guid":{"rendered":"https:\/\/www.mobilimariani.com\/?p=8627"},"modified":"2017-08-26T17:16:31","modified_gmt":"2017-08-26T15:16:31","slug":"gessi-ispa-cuisine","status":"publish","type":"post","link":"https:\/\/www.mobilimariani.com\/fr\/gessi-ispa-cuisine\/","title":{"rendered":"GESSI ISPA CUISINE"},"content":{"rendered":"<p>GESSI ISPA CUISINE<\/p>\n<p>Le langage d&#8217;Ispa est empathique et communicatif; la simplicit\u00e9 de forme inspire confidence, l&#8217;aspect doux et sculptural, agr\u00e9ablement arrondi, produit un rappel tactile fort et donne de la sophistication\u00a0d\u00e9tendue et de la s\u00e9r\u00e9nit\u00e9 calme d&#8217;un Spa aussi en cuisine.<\/p>\n<p>Gessi permet la\u00a0rencontre du design et de l&#8217;\u00e9thique gr\u00e2ce \u00e0 l&#8217;\u00e9conomie de\u00a0l&#8217;eau, qui,\u00a0aujourd&#8217;hui, est un bien de plus en plus rare\u00a0et pr\u00e9cieux, et d&#8217;\u00e9nergie pour la r\u00e9chauffer.\u00a0Les robinets Ispa montent en effet des\u00a0a\u00e9rateurs\u00a0avanc\u00e9s diminuent la quantit\u00e9 d&#8217;eau \u00e0 travers un syst\u00e8me innovant de\u00a0sortie de robinet, sans diminuer le rendement, le confort, ou alt\u00e9rer la perception du flux. Les avantages\u00a0sont notables : \u00a0* \u00e9conomie\u00a0de la consommation hydrolique de 70% comparer \u00e0\u00a0un robinet normal\u00a0* meilleure protection anti-calcaire: la structure int\u00e9gr\u00e9e en\u00a0nid d&#8217;abeille remplace les filtres m\u00e9talliques traditionnels qui sont pr\u00e9dispos\u00e9s \u00e0 l&#8217;accumulation de calcaire\u00a0* dur\u00e9e prolong\u00e9e *qualit\u00e9 du jet parfaite m\u00eame\u00a0en conditions de flux difficile * forte\u00a0r\u00e9duction du bruit.<\/p>\n<p>Ispa est r\u00e9alis\u00e9 dans les versions chrome et Finox.<\/p>\n<p>Le Finox est le r\u00e9sultat de la recherche sur l&#8217;am\u00e9lioration de la durabilit\u00e9 des esth\u00e9tiques caract\u00e9ristiques de\u00a0la finition des produits et de\u00a0l&#8217;effet &#8220;Acier brosser&#8221;,\u00a0le Finox est produit par un d\u00e9p\u00f4t de nickel avec des additifs sp\u00e9ciaux, qui rendent le m\u00e9tal\u00a0inoxydable sans la traditionnelle couche de peinture protectrice classique. Le traitement garantit une\u00a0plus grande r\u00e9sistance aux agents chimiques de propret\u00e9 avec degr\u00e9 de duret\u00e9 semblable au chrome.<\/p>\n<p>D\u00e9couvrez\u00a0la marque Gessi, <a href=\"https:\/\/www.mobilimariani.com\/fr\/concessionnaire-gessi\/\">cliquez ici<\/a><\/p>\n<p>Pour nos clients suisses, il sera d\u00e9duit l&#8217;IVA italienne \u00e0 hauteur de 22%<\/p>\n<p>vous voulez conna\u00eetre notre meilleur prix pour cet article? <a href=\"https:\/\/www.mobilimariani.com\/fr\/contacts\/\">Cliquez ici<\/a> et envoyez-nous la demande<\/p>\n","protected":false},"excerpt":{"rendered":"GESSI ISPA CUISINE Le langage d&#8217;Ispa est empathique et communicatif; la simplicit\u00e9 de forme inspire confidence, l&#8217;aspect doux et sculptural, agr\u00e9ablement arrondi, produit un rappel tactile fort et donne de la sophistication\u00a0d\u00e9tendue et de la s\u00e9r\u00e9nit\u00e9 calme d&#8217;un Spa aussi en cuisine. Gessi permet la\u00a0rencontre du design et de l&#8217;\u00e9thique gr\u00e2ce \u00e0 l&#8217;\u00e9conomie de\u00a0l&#8217;eau, qui,\u00a0aujourd&#8217;hui,&#8230; <a class=\"view-article\" href=\"https:\/\/www.mobilimariani.com\/fr\/gessi-ispa-cuisine\/\">Voir l&#8217;article<\/a>","protected":false},"author":1,"featured_media":7902,"comment_status":"closed","ping_status":"closed","sticky":false,"template":"","format":"standard","meta":[],"categories":[1,16],"tags":[],"yoast_head":"<!-- This site is optimized with the Yoast SEO plugin v16.2 - https:\/\/yoast.com\/wordpress\/plugins\/seo\/ -->\n<meta name=\"description\" content=\"GESSI ISPA CUISINE\" \/>\n<meta name=\"robots\" content=\"index, follow, max-snippet:-1, max-image-preview:large, max-video-preview:-1\" \/>\n<link rel=\"canonical\" href=\"https:\/\/www.mobilimariani.com\/fr\/gessi-ispa-cuisine\/\" \/>\n<meta property=\"og:locale\" content=\"fr_FR\" \/>\n<meta property=\"og:type\" content=\"article\" \/>\n<meta property=\"og:title\" content=\"GESSI ISPA CUISINE\" \/>\n<meta property=\"og:description\" content=\"GESSI ISPA CUISINE\" \/>\n<meta property=\"og:url\" content=\"https:\/\/www.mobilimariani.com\/fr\/gessi-ispa-cuisine\/\" \/>\n<meta property=\"og:site_name\" content=\"Mobili Mariani\" \/>\n<meta property=\"article:published_time\" content=\"2017-08-21T13:24:31+00:00\" \/>\n<meta property=\"article:modified_time\" content=\"2017-08-26T15:16:31+00:00\" \/>\n<meta property=\"og:image\" content=\"https:\/\/www.mobilimariani.com\/wp-content\/uploads\/2015\/09\/1144.jpg\" \/>\n\t<meta property=\"og:image:width\" content=\"789\" \/>\n\t<meta property=\"og:image:height\" content=\"533\" \/>\n<meta name=\"twitter:label1\" content=\"Est. reading time\">\n\t<meta name=\"twitter:data1\" content=\"2 minutes\">\n<script type=\"application\/ld+json\" class=\"yoast-schema-graph\">{\"@context\":\"https:\/\/schema.org\",\"@graph\":[{\"@type\":\"Organization\",\"@id\":\"https:\/\/www.mobilimariani.com\/#organization\",\"name\":\"Mobili Mariani\",\"url\":\"https:\/\/www.mobilimariani.com\/\",\"sameAs\":[],\"logo\":{\"@type\":\"ImageObject\",\"@id\":\"https:\/\/www.mobilimariani.com\/#logo\",\"inLanguage\":\"fr-CH\",\"url\":\"https:\/\/www.mobilimariani.com\/wp-content\/uploads\/2015\/12\/logo.png\",\"contentUrl\":\"https:\/\/www.mobilimariani.com\/wp-content\/uploads\/2015\/12\/logo.png\",\"width\":160,\"height\":110,\"caption\":\"Mobili Mariani\"},\"image\":{\"@id\":\"https:\/\/www.mobilimariani.com\/#logo\"}},{\"@type\":\"WebSite\",\"@id\":\"https:\/\/www.mobilimariani.com\/#website\",\"url\":\"https:\/\/www.mobilimariani.com\/\",\"name\":\"Mobili Mariani\",\"description\":\"Mobili Italia Svizzera\",\"publisher\":{\"@id\":\"https:\/\/www.mobilimariani.com\/#organization\"},\"potentialAction\":[{\"@type\":\"SearchAction\",\"target\":\"https:\/\/www.mobilimariani.com\/?s={search_term_string}\",\"query-input\":\"required name=search_term_string\"}],\"inLanguage\":\"fr-CH\"},{\"@type\":\"ImageObject\",\"@id\":\"https:\/\/www.mobilimariani.com\/fr\/gessi-ispa-cuisine\/#primaryimage\",\"inLanguage\":\"fr-CH\",\"url\":\"https:\/\/www.mobilimariani.com\/wp-content\/uploads\/2015\/09\/1144.jpg\",\"contentUrl\":\"https:\/\/www.mobilimariani.com\/wp-content\/uploads\/2015\/09\/1144.jpg\",\"width\":789,\"height\":533,\"caption\":\"GESSI ISPA CUCINA\"},{\"@type\":\"WebPage\",\"@id\":\"https:\/\/www.mobilimariani.com\/fr\/gessi-ispa-cuisine\/#webpage\",\"url\":\"https:\/\/www.mobilimariani.com\/fr\/gessi-ispa-cuisine\/\",\"name\":\"GESSI ISPA CUISINE\",\"isPartOf\":{\"@id\":\"https:\/\/www.mobilimariani.com\/#website\"},\"primaryImageOfPage\":{\"@id\":\"https:\/\/www.mobilimariani.com\/fr\/gessi-ispa-cuisine\/#primaryimage\"},\"datePublished\":\"2017-08-21T13:24:31+00:00\",\"dateModified\":\"2017-08-26T15:16:31+00:00\",\"description\":\"GESSI ISPA CUISINE\",\"breadcrumb\":{\"@id\":\"https:\/\/www.mobilimariani.com\/fr\/gessi-ispa-cuisine\/#breadcrumb\"},\"inLanguage\":\"fr-CH\",\"potentialAction\":[{\"@type\":\"ReadAction\",\"target\":[\"https:\/\/www.mobilimariani.com\/fr\/gessi-ispa-cuisine\/\"]}]},{\"@type\":\"BreadcrumbList\",\"@id\":\"https:\/\/www.mobilimariani.com\/fr\/gessi-ispa-cuisine\/#breadcrumb\",\"itemListElement\":[{\"@type\":\"ListItem\",\"position\":1,\"item\":{\"@type\":\"WebPage\",\"@id\":\"https:\/\/www.mobilimariani.com\/\",\"url\":\"https:\/\/www.mobilimariani.com\/\",\"name\":\"Home\"}},{\"@type\":\"ListItem\",\"position\":2,\"item\":{\"@id\":\"https:\/\/www.mobilimariani.com\/fr\/gessi-ispa-cuisine\/#webpage\"}}]},{\"@type\":\"Article\",\"@id\":\"https:\/\/www.mobilimariani.com\/fr\/gessi-ispa-cuisine\/#article\",\"isPartOf\":{\"@id\":\"https:\/\/www.mobilimariani.com\/fr\/gessi-ispa-cuisine\/#webpage\"},\"author\":{\"@id\":\"https:\/\/www.mobilimariani.com\/#\/schema\/person\/4685d9f51269134e53f988c9122315f4\"},\"headline\":\"GESSI ISPA CUISINE\",\"datePublished\":\"2017-08-21T13:24:31+00:00\",\"dateModified\":\"2017-08-26T15:16:31+00:00\",\"mainEntityOfPage\":{\"@id\":\"https:\/\/www.mobilimariani.com\/fr\/gessi-ispa-cuisine\/#webpage\"},\"publisher\":{\"@id\":\"https:\/\/www.mobilimariani.com\/#organization\"},\"image\":{\"@id\":\"https:\/\/www.mobilimariani.com\/fr\/gessi-ispa-cuisine\/#primaryimage\"},\"articleSection\":[\"Catalogue\",\"Cuisines\"],\"inLanguage\":\"fr-CH\"},{\"@type\":\"Person\",\"@id\":\"https:\/\/www.mobilimariani.com\/#\/schema\/person\/4685d9f51269134e53f988c9122315f4\",\"name\":\"14m4rC008\",\"image\":{\"@type\":\"ImageObject\",\"@id\":\"https:\/\/www.mobilimariani.com\/#personlogo\",\"inLanguage\":\"fr-CH\",\"url\":\"https:\/\/secure.gravatar.com\/avatar\/dfaa6e536fec7030712cf850e9ddef45?s=96&d=mm&r=g\",\"contentUrl\":\"https:\/\/secure.gravatar.com\/avatar\/dfaa6e536fec7030712cf850e9ddef45?s=96&d=mm&r=g\",\"caption\":\"14m4rC008\"}}]}<\/script>\n<!-- \/ Yoast SEO plugin. -->","_links":{"self":[{"href":"https:\/\/www.mobilimariani.com\/fr\/wp-json\/wp\/v2\/posts\/8627"}],"collection":[{"href":"https:\/\/www.mobilimariani.com\/fr\/wp-json\/wp\/v2\/posts"}],"about":[{"href":"https:\/\/www.mobilimariani.com\/fr\/wp-json\/wp\/v2\/types\/post"}],"author":[{"embeddable":true,"href":"https:\/\/www.mobilimariani.com\/fr\/wp-json\/wp\/v2\/users\/1"}],"replies":[{"embeddable":true,"href":"https:\/\/www.mobilimariani.com\/fr\/wp-json\/wp\/v2\/comments?post=8627"}],"version-history":[{"count":4,"href":"https:\/\/www.mobilimariani.com\/fr\/wp-json\/wp\/v2\/posts\/8627\/revisions"}],"predecessor-version":[{"id":9863,"href":"https:\/\/www.mobilimariani.com\/fr\/wp-json\/wp\/v2\/posts\/8627\/revisions\/9863"}],"wp:featuredmedia":[{"embeddable":true,"href":"https:\/\/www.mobilimariani.com\/fr\/wp-json\/wp\/v2\/media\/7902"}],"wp:attachment":[{"href":"https:\/\/www.mobilimariani.com\/fr\/wp-json\/wp\/v2\/media?parent=8627"}],"wp:term":[{"taxonomy":"category","embeddable":true,"href":"https:\/\/www.mobilimariani.com\/fr\/wp-json\/wp\/v2\/categories?post=8627"},{"taxonomy":"post_tag","embeddable":true,"href":"https:\/\/www.mobilimariani.com\/fr\/wp-json\/wp\/v2\/tags?post=8627"}],"curies":[{"name":"wp","href":"https:\/\/api.w.org\/{rel}","templated":true}]}}