{"id":8617,"date":"2015-11-08T12:42:49","date_gmt":"2015-11-08T11:42:49","guid":{"rendered":"https:\/\/www.mobilimariani.com\/?p=8617"},"modified":"2016-10-31T02:47:09","modified_gmt":"2016-10-31T01:47:09","slug":"rideau-blum-romina","status":"publish","type":"post","link":"https:\/\/www.mobilimariani.com\/fr\/rideau-blum-romina\/","title":{"rendered":"RIDEAU BLUM ROMINA"},"content":{"rendered":"<p>RIDEAU BLUM ROMINA<\/p>\n<p><span id=\"tran0\">Rideau\u00a0r\u00e9alis\u00e9 en\u00a0toile tendue, une s\u00e9rie de bandes verticales cousues de diff\u00e9rentes mesures cr\u00e9e un effet graphique. Mont\u00e9 sur une voie coulissante actionn\u00e9 par corde qui\u00a0permet l&#8217;ouverture et la fermeture des rideaux.<\/span><\/p>\n<p><span id=\"tran1\">Sur\u00a0ces images, ils sont r\u00e9alis\u00e9s en tissu Trente.<\/span><\/p>\n<p><span id=\"tran2\">Pour d\u00e9couvrir la marque Blum <a href=\"https:\/\/www.mobilimariani.com\/fr\/concessionnaire-blum\/\">clique ici<\/a><\/span><\/p>\n<p>Pour nos clients suisses, il sera d\u00e9duit l&#8217;IVA italienne \u00e0 hauteur de 22%<\/p>\n<p>vous voulez conna\u00eetre notre meilleur prix pour cet article? <a href=\"https:\/\/www.mobilimariani.com\/fr\/contacts\/\">Cliquez ici<\/a> et envoyez-nous la demande<\/p>\n","protected":false},"excerpt":{"rendered":"RIDEAU BLUM ROMINA Rideau\u00a0r\u00e9alis\u00e9 en\u00a0toile tendue, une s\u00e9rie de bandes verticales cousues de diff\u00e9rentes mesures cr\u00e9e un effet graphique. Mont\u00e9 sur une voie coulissante actionn\u00e9 par corde qui\u00a0permet l&#8217;ouverture et la fermeture des rideaux. Sur\u00a0ces images, ils sont r\u00e9alis\u00e9s en tissu Trente. Pour d\u00e9couvrir la marque Blum clique ici Pour nos clients suisses, il sera&#8230; <a class=\"view-article\" href=\"https:\/\/www.mobilimariani.com\/fr\/rideau-blum-romina\/\">Voir l&#8217;article<\/a>","protected":false},"author":1,"featured_media":7956,"comment_status":"closed","ping_status":"closed","sticky":false,"template":"","format":"standard","meta":[],"categories":[18,1,6,2],"tags":[],"yoast_head":"<!-- This site is optimized with the Yoast SEO plugin v16.2 - https:\/\/yoast.com\/wordpress\/plugins\/seo\/ -->\n<meta name=\"description\" content=\"RIDEAU BLUM ROMINA.\" \/>\n<meta name=\"robots\" content=\"index, follow, max-snippet:-1, max-image-preview:large, max-video-preview:-1\" \/>\n<link rel=\"canonical\" href=\"https:\/\/www.mobilimariani.com\/fr\/rideau-blum-romina\/\" \/>\n<meta property=\"og:locale\" content=\"fr_FR\" \/>\n<meta property=\"og:type\" content=\"article\" \/>\n<meta property=\"og:title\" content=\"RIDEAU BLUM ROMINA.\" \/>\n<meta property=\"og:description\" content=\"RIDEAU BLUM ROMINA.\" \/>\n<meta property=\"og:url\" content=\"https:\/\/www.mobilimariani.com\/fr\/rideau-blum-romina\/\" \/>\n<meta property=\"og:site_name\" content=\"Mobili Mariani\" \/>\n<meta property=\"article:published_time\" content=\"2015-11-08T11:42:49+00:00\" \/>\n<meta property=\"article:modified_time\" content=\"2016-10-31T01:47:09+00:00\" \/>\n<meta property=\"og:image\" content=\"https:\/\/www.mobilimariani.com\/wp-content\/uploads\/2015\/09\/1152.jpg\" \/>\n\t<meta property=\"og:image:width\" content=\"359\" \/>\n\t<meta property=\"og:image:height\" content=\"542\" \/>\n<script type=\"application\/ld+json\" class=\"yoast-schema-graph\">{\"@context\":\"https:\/\/schema.org\",\"@graph\":[{\"@type\":\"Organization\",\"@id\":\"https:\/\/www.mobilimariani.com\/#organization\",\"name\":\"Mobili Mariani\",\"url\":\"https:\/\/www.mobilimariani.com\/\",\"sameAs\":[],\"logo\":{\"@type\":\"ImageObject\",\"@id\":\"https:\/\/www.mobilimariani.com\/#logo\",\"inLanguage\":\"fr-CH\",\"url\":\"https:\/\/www.mobilimariani.com\/wp-content\/uploads\/2015\/12\/logo.png\",\"contentUrl\":\"https:\/\/www.mobilimariani.com\/wp-content\/uploads\/2015\/12\/logo.png\",\"width\":160,\"height\":110,\"caption\":\"Mobili Mariani\"},\"image\":{\"@id\":\"https:\/\/www.mobilimariani.com\/#logo\"}},{\"@type\":\"WebSite\",\"@id\":\"https:\/\/www.mobilimariani.com\/#website\",\"url\":\"https:\/\/www.mobilimariani.com\/\",\"name\":\"Mobili Mariani\",\"description\":\"Mobili Italia Svizzera\",\"publisher\":{\"@id\":\"https:\/\/www.mobilimariani.com\/#organization\"},\"potentialAction\":[{\"@type\":\"SearchAction\",\"target\":\"https:\/\/www.mobilimariani.com\/?s={search_term_string}\",\"query-input\":\"required name=search_term_string\"}],\"inLanguage\":\"fr-CH\"},{\"@type\":\"ImageObject\",\"@id\":\"https:\/\/www.mobilimariani.com\/fr\/rideau-blum-romina\/#primaryimage\",\"inLanguage\":\"fr-CH\",\"url\":\"https:\/\/www.mobilimariani.com\/wp-content\/uploads\/2015\/09\/1152.jpg\",\"contentUrl\":\"https:\/\/www.mobilimariani.com\/wp-content\/uploads\/2015\/09\/1152.jpg\",\"width\":359,\"height\":542,\"caption\":\"BLUM ROMINA TENDA\"},{\"@type\":\"WebPage\",\"@id\":\"https:\/\/www.mobilimariani.com\/fr\/rideau-blum-romina\/#webpage\",\"url\":\"https:\/\/www.mobilimariani.com\/fr\/rideau-blum-romina\/\",\"name\":\"RIDEAU BLUM ROMINA.\",\"isPartOf\":{\"@id\":\"https:\/\/www.mobilimariani.com\/#website\"},\"primaryImageOfPage\":{\"@id\":\"https:\/\/www.mobilimariani.com\/fr\/rideau-blum-romina\/#primaryimage\"},\"datePublished\":\"2015-11-08T11:42:49+00:00\",\"dateModified\":\"2016-10-31T01:47:09+00:00\",\"description\":\"RIDEAU BLUM ROMINA.\",\"breadcrumb\":{\"@id\":\"https:\/\/www.mobilimariani.com\/fr\/rideau-blum-romina\/#breadcrumb\"},\"inLanguage\":\"fr-CH\",\"potentialAction\":[{\"@type\":\"ReadAction\",\"target\":[\"https:\/\/www.mobilimariani.com\/fr\/rideau-blum-romina\/\"]}]},{\"@type\":\"BreadcrumbList\",\"@id\":\"https:\/\/www.mobilimariani.com\/fr\/rideau-blum-romina\/#breadcrumb\",\"itemListElement\":[{\"@type\":\"ListItem\",\"position\":1,\"item\":{\"@type\":\"WebPage\",\"@id\":\"https:\/\/www.mobilimariani.com\/\",\"url\":\"https:\/\/www.mobilimariani.com\/\",\"name\":\"Home\"}},{\"@type\":\"ListItem\",\"position\":2,\"item\":{\"@id\":\"https:\/\/www.mobilimariani.com\/fr\/rideau-blum-romina\/#webpage\"}}]},{\"@type\":\"Article\",\"@id\":\"https:\/\/www.mobilimariani.com\/fr\/rideau-blum-romina\/#article\",\"isPartOf\":{\"@id\":\"https:\/\/www.mobilimariani.com\/fr\/rideau-blum-romina\/#webpage\"},\"author\":{\"@id\":\"https:\/\/www.mobilimariani.com\/#\/schema\/person\/4685d9f51269134e53f988c9122315f4\"},\"headline\":\"RIDEAU BLUM ROMINA\",\"datePublished\":\"2015-11-08T11:42:49+00:00\",\"dateModified\":\"2016-10-31T01:47:09+00:00\",\"mainEntityOfPage\":{\"@id\":\"https:\/\/www.mobilimariani.com\/fr\/rideau-blum-romina\/#webpage\"},\"publisher\":{\"@id\":\"https:\/\/www.mobilimariani.com\/#organization\"},\"image\":{\"@id\":\"https:\/\/www.mobilimariani.com\/fr\/rideau-blum-romina\/#primaryimage\"},\"articleSection\":[\"Autre\",\"Catalogue\",\"Salle jour\",\"Zone nuit\"],\"inLanguage\":\"fr-CH\"},{\"@type\":\"Person\",\"@id\":\"https:\/\/www.mobilimariani.com\/#\/schema\/person\/4685d9f51269134e53f988c9122315f4\",\"name\":\"14m4rC008\",\"image\":{\"@type\":\"ImageObject\",\"@id\":\"https:\/\/www.mobilimariani.com\/#personlogo\",\"inLanguage\":\"fr-CH\",\"url\":\"https:\/\/secure.gravatar.com\/avatar\/dfaa6e536fec7030712cf850e9ddef45?s=96&d=mm&r=g\",\"contentUrl\":\"https:\/\/secure.gravatar.com\/avatar\/dfaa6e536fec7030712cf850e9ddef45?s=96&d=mm&r=g\",\"caption\":\"14m4rC008\"}}]}<\/script>\n<!-- \/ Yoast SEO plugin. -->","_links":{"self":[{"href":"https:\/\/www.mobilimariani.com\/fr\/wp-json\/wp\/v2\/posts\/8617"}],"collection":[{"href":"https:\/\/www.mobilimariani.com\/fr\/wp-json\/wp\/v2\/posts"}],"about":[{"href":"https:\/\/www.mobilimariani.com\/fr\/wp-json\/wp\/v2\/types\/post"}],"author":[{"embeddable":true,"href":"https:\/\/www.mobilimariani.com\/fr\/wp-json\/wp\/v2\/users\/1"}],"replies":[{"embeddable":true,"href":"https:\/\/www.mobilimariani.com\/fr\/wp-json\/wp\/v2\/comments?post=8617"}],"version-history":[{"count":2,"href":"https:\/\/www.mobilimariani.com\/fr\/wp-json\/wp\/v2\/posts\/8617\/revisions"}],"predecessor-version":[{"id":10021,"href":"https:\/\/www.mobilimariani.com\/fr\/wp-json\/wp\/v2\/posts\/8617\/revisions\/10021"}],"wp:featuredmedia":[{"embeddable":true,"href":"https:\/\/www.mobilimariani.com\/fr\/wp-json\/wp\/v2\/media\/7956"}],"wp:attachment":[{"href":"https:\/\/www.mobilimariani.com\/fr\/wp-json\/wp\/v2\/media?parent=8617"}],"wp:term":[{"taxonomy":"category","embeddable":true,"href":"https:\/\/www.mobilimariani.com\/fr\/wp-json\/wp\/v2\/categories?post=8617"},{"taxonomy":"post_tag","embeddable":true,"href":"https:\/\/www.mobilimariani.com\/fr\/wp-json\/wp\/v2\/tags?post=8617"}],"curies":[{"name":"wp","href":"https:\/\/api.w.org\/{rel}","templated":true}]}}