{"id":8613,"date":"2015-11-08T12:32:29","date_gmt":"2015-11-08T11:32:29","guid":{"rendered":"https:\/\/www.mobilimariani.com\/?p=8613"},"modified":"2016-02-07T17:14:49","modified_gmt":"2016-02-07T16:14:49","slug":"rideau-blum-roberta-c2","status":"publish","type":"post","link":"https:\/\/www.mobilimariani.com\/fr\/rideau-blum-roberta-c2\/","title":{"rendered":"RIDEAU BLUM ROBERTA C2"},"content":{"rendered":"<p>RIDEAU BLUM ROBERTA C2<\/p>\n<p><span id=\"tran0\">Rideau r\u00e9alis\u00e9 avec une double toile tendue, uni en haut et fini par des clous qui permettent l&#8217;insertion d&#8217;une barre, en cr\u00e9ant des mouvements doux. La toile sup\u00e9rieure peut \u00eatre drap\u00e9e et renforc\u00e9\u00a0par une bande du m\u00eame tissu. Mont\u00e9 sur une barre d&#8217;acier, elle est \u00e9quip\u00e9e par un fouet qui permet l&#8217;ouverture et la fermeture des rideaux.<\/span><\/p>\n<p><span id=\"tran1\">Sur\u00a0ces images, ils sont r\u00e9alis\u00e9s en tissu Florence 2 + Vienne5.<\/span><\/p>\n<p><span id=\"tran2\">Pour d\u00e9couvrir la marque Blum <a href=\"https:\/\/www.mobilimariani.com\/fr\/concessionnaire-blum\/\">clique ici<\/a><\/span><\/p>\n<p>Pour nos clients suisses, il sera d\u00e9duit l&#8217;IVA italienne \u00e0 hauteur de 22%<\/p>\n<p>vous voulez conna\u00eetre notre meilleur prix pour cet article? <a href=\"https:\/\/www.mobilimariani.com\/fr\/contacts\/\">Cliquez ici<\/a> et envoyez-nous la demande<\/p>\n","protected":false},"excerpt":{"rendered":"RIDEAU BLUM ROBERTA C2 Rideau r\u00e9alis\u00e9 avec une double toile tendue, uni en haut et fini par des clous qui permettent l&#8217;insertion d&#8217;une barre, en cr\u00e9ant des mouvements doux. La toile sup\u00e9rieure peut \u00eatre drap\u00e9e et renforc\u00e9\u00a0par une bande du m\u00eame tissu. Mont\u00e9 sur une barre d&#8217;acier, elle est \u00e9quip\u00e9e par un fouet qui permet&#8230; <a class=\"view-article\" href=\"https:\/\/www.mobilimariani.com\/fr\/rideau-blum-roberta-c2\/\">Voir l&#8217;article<\/a>","protected":false},"author":1,"featured_media":7968,"comment_status":"closed","ping_status":"closed","sticky":false,"template":"","format":"standard","meta":[],"categories":[18,1,6,2],"tags":[],"yoast_head":"<!-- This site is optimized with the Yoast SEO plugin v16.2 - https:\/\/yoast.com\/wordpress\/plugins\/seo\/ -->\n<meta name=\"description\" content=\"RIDEAU BLUM ROBERTA C2\" \/>\n<meta name=\"robots\" content=\"index, follow, max-snippet:-1, max-image-preview:large, max-video-preview:-1\" \/>\n<link rel=\"canonical\" href=\"https:\/\/www.mobilimariani.com\/fr\/rideau-blum-roberta-c2\/\" \/>\n<meta property=\"og:locale\" content=\"fr_FR\" \/>\n<meta property=\"og:type\" content=\"article\" \/>\n<meta property=\"og:title\" content=\"RIDEAU BLUM ROBERTA C2\" \/>\n<meta property=\"og:description\" content=\"RIDEAU BLUM ROBERTA C2\" \/>\n<meta property=\"og:url\" content=\"https:\/\/www.mobilimariani.com\/fr\/rideau-blum-roberta-c2\/\" \/>\n<meta property=\"og:site_name\" content=\"Mobili Mariani\" \/>\n<meta property=\"article:published_time\" content=\"2015-11-08T11:32:29+00:00\" \/>\n<meta property=\"article:modified_time\" content=\"2016-02-07T16:14:49+00:00\" \/>\n<meta property=\"og:image\" content=\"https:\/\/www.mobilimariani.com\/wp-content\/uploads\/2015\/09\/1154.jpg\" \/>\n\t<meta property=\"og:image:width\" content=\"357\" \/>\n\t<meta property=\"og:image:height\" content=\"537\" \/>\n<meta name=\"twitter:label1\" content=\"Est. reading time\">\n\t<meta name=\"twitter:data1\" content=\"1 minute\">\n<script type=\"application\/ld+json\" class=\"yoast-schema-graph\">{\"@context\":\"https:\/\/schema.org\",\"@graph\":[{\"@type\":\"Organization\",\"@id\":\"https:\/\/www.mobilimariani.com\/#organization\",\"name\":\"Mobili Mariani\",\"url\":\"https:\/\/www.mobilimariani.com\/\",\"sameAs\":[],\"logo\":{\"@type\":\"ImageObject\",\"@id\":\"https:\/\/www.mobilimariani.com\/#logo\",\"inLanguage\":\"fr-CH\",\"url\":\"https:\/\/www.mobilimariani.com\/wp-content\/uploads\/2015\/12\/logo.png\",\"contentUrl\":\"https:\/\/www.mobilimariani.com\/wp-content\/uploads\/2015\/12\/logo.png\",\"width\":160,\"height\":110,\"caption\":\"Mobili Mariani\"},\"image\":{\"@id\":\"https:\/\/www.mobilimariani.com\/#logo\"}},{\"@type\":\"WebSite\",\"@id\":\"https:\/\/www.mobilimariani.com\/#website\",\"url\":\"https:\/\/www.mobilimariani.com\/\",\"name\":\"Mobili Mariani\",\"description\":\"Mobili Italia Svizzera\",\"publisher\":{\"@id\":\"https:\/\/www.mobilimariani.com\/#organization\"},\"potentialAction\":[{\"@type\":\"SearchAction\",\"target\":\"https:\/\/www.mobilimariani.com\/?s={search_term_string}\",\"query-input\":\"required name=search_term_string\"}],\"inLanguage\":\"fr-CH\"},{\"@type\":\"ImageObject\",\"@id\":\"https:\/\/www.mobilimariani.com\/fr\/rideau-blum-roberta-c2\/#primaryimage\",\"inLanguage\":\"fr-CH\",\"url\":\"https:\/\/www.mobilimariani.com\/wp-content\/uploads\/2015\/09\/1154.jpg\",\"contentUrl\":\"https:\/\/www.mobilimariani.com\/wp-content\/uploads\/2015\/09\/1154.jpg\",\"width\":357,\"height\":537,\"caption\":\"BLUM ROBERTA C2 TENDA\"},{\"@type\":\"WebPage\",\"@id\":\"https:\/\/www.mobilimariani.com\/fr\/rideau-blum-roberta-c2\/#webpage\",\"url\":\"https:\/\/www.mobilimariani.com\/fr\/rideau-blum-roberta-c2\/\",\"name\":\"RIDEAU BLUM ROBERTA C2\",\"isPartOf\":{\"@id\":\"https:\/\/www.mobilimariani.com\/#website\"},\"primaryImageOfPage\":{\"@id\":\"https:\/\/www.mobilimariani.com\/fr\/rideau-blum-roberta-c2\/#primaryimage\"},\"datePublished\":\"2015-11-08T11:32:29+00:00\",\"dateModified\":\"2016-02-07T16:14:49+00:00\",\"description\":\"RIDEAU BLUM ROBERTA C2\",\"breadcrumb\":{\"@id\":\"https:\/\/www.mobilimariani.com\/fr\/rideau-blum-roberta-c2\/#breadcrumb\"},\"inLanguage\":\"fr-CH\",\"potentialAction\":[{\"@type\":\"ReadAction\",\"target\":[\"https:\/\/www.mobilimariani.com\/fr\/rideau-blum-roberta-c2\/\"]}]},{\"@type\":\"BreadcrumbList\",\"@id\":\"https:\/\/www.mobilimariani.com\/fr\/rideau-blum-roberta-c2\/#breadcrumb\",\"itemListElement\":[{\"@type\":\"ListItem\",\"position\":1,\"item\":{\"@type\":\"WebPage\",\"@id\":\"https:\/\/www.mobilimariani.com\/\",\"url\":\"https:\/\/www.mobilimariani.com\/\",\"name\":\"Home\"}},{\"@type\":\"ListItem\",\"position\":2,\"item\":{\"@id\":\"https:\/\/www.mobilimariani.com\/fr\/rideau-blum-roberta-c2\/#webpage\"}}]},{\"@type\":\"Article\",\"@id\":\"https:\/\/www.mobilimariani.com\/fr\/rideau-blum-roberta-c2\/#article\",\"isPartOf\":{\"@id\":\"https:\/\/www.mobilimariani.com\/fr\/rideau-blum-roberta-c2\/#webpage\"},\"author\":{\"@id\":\"https:\/\/www.mobilimariani.com\/#\/schema\/person\/4685d9f51269134e53f988c9122315f4\"},\"headline\":\"RIDEAU BLUM ROBERTA C2\",\"datePublished\":\"2015-11-08T11:32:29+00:00\",\"dateModified\":\"2016-02-07T16:14:49+00:00\",\"mainEntityOfPage\":{\"@id\":\"https:\/\/www.mobilimariani.com\/fr\/rideau-blum-roberta-c2\/#webpage\"},\"publisher\":{\"@id\":\"https:\/\/www.mobilimariani.com\/#organization\"},\"image\":{\"@id\":\"https:\/\/www.mobilimariani.com\/fr\/rideau-blum-roberta-c2\/#primaryimage\"},\"articleSection\":[\"Autre\",\"Catalogue\",\"Salle jour\",\"Zone nuit\"],\"inLanguage\":\"fr-CH\"},{\"@type\":\"Person\",\"@id\":\"https:\/\/www.mobilimariani.com\/#\/schema\/person\/4685d9f51269134e53f988c9122315f4\",\"name\":\"14m4rC008\",\"image\":{\"@type\":\"ImageObject\",\"@id\":\"https:\/\/www.mobilimariani.com\/#personlogo\",\"inLanguage\":\"fr-CH\",\"url\":\"https:\/\/secure.gravatar.com\/avatar\/dfaa6e536fec7030712cf850e9ddef45?s=96&d=mm&r=g\",\"contentUrl\":\"https:\/\/secure.gravatar.com\/avatar\/dfaa6e536fec7030712cf850e9ddef45?s=96&d=mm&r=g\",\"caption\":\"14m4rC008\"}}]}<\/script>\n<!-- \/ Yoast SEO plugin. -->","_links":{"self":[{"href":"https:\/\/www.mobilimariani.com\/fr\/wp-json\/wp\/v2\/posts\/8613"}],"collection":[{"href":"https:\/\/www.mobilimariani.com\/fr\/wp-json\/wp\/v2\/posts"}],"about":[{"href":"https:\/\/www.mobilimariani.com\/fr\/wp-json\/wp\/v2\/types\/post"}],"author":[{"embeddable":true,"href":"https:\/\/www.mobilimariani.com\/fr\/wp-json\/wp\/v2\/users\/1"}],"replies":[{"embeddable":true,"href":"https:\/\/www.mobilimariani.com\/fr\/wp-json\/wp\/v2\/comments?post=8613"}],"version-history":[{"count":2,"href":"https:\/\/www.mobilimariani.com\/fr\/wp-json\/wp\/v2\/posts\/8613\/revisions"}],"predecessor-version":[{"id":10019,"href":"https:\/\/www.mobilimariani.com\/fr\/wp-json\/wp\/v2\/posts\/8613\/revisions\/10019"}],"wp:featuredmedia":[{"embeddable":true,"href":"https:\/\/www.mobilimariani.com\/fr\/wp-json\/wp\/v2\/media\/7968"}],"wp:attachment":[{"href":"https:\/\/www.mobilimariani.com\/fr\/wp-json\/wp\/v2\/media?parent=8613"}],"wp:term":[{"taxonomy":"category","embeddable":true,"href":"https:\/\/www.mobilimariani.com\/fr\/wp-json\/wp\/v2\/categories?post=8613"},{"taxonomy":"post_tag","embeddable":true,"href":"https:\/\/www.mobilimariani.com\/fr\/wp-json\/wp\/v2\/tags?post=8613"}],"curies":[{"name":"wp","href":"https:\/\/api.w.org\/{rel}","templated":true}]}}