{"id":8611,"date":"2015-11-08T12:26:10","date_gmt":"2015-11-08T11:26:10","guid":{"rendered":"https:\/\/www.mobilimariani.com\/?p=8611"},"modified":"2016-10-31T02:21:07","modified_gmt":"2016-10-31T01:21:07","slug":"rideau-blum-roberta-c1","status":"publish","type":"post","link":"https:\/\/www.mobilimariani.com\/fr\/rideau-blum-roberta-c1\/","title":{"rendered":"RIDEAU BLUM ROBERTA C1"},"content":{"rendered":"<p>RIDEAU BLUM ROBERTA C1<\/p>\n<p><span id=\"tran1\">Rideau\u00a0r\u00e9alis\u00e9 avec\u00a0une toile tendue finie en haut de clous qui en permettent l&#8217;insertion dans la barre en cr\u00e9ant des mouvements doux. Mont\u00e9 sur une barre en acier, elle est \u00e9quip\u00e9e par un fouet qui permet l&#8217;ouverture et fermeture des rideaux.<\/span><\/p>\n<p><span id=\"tran2\">Sur\u00a0ces images, ils sont r\u00e9alis\u00e9s en tissu Olbia9.<\/span><\/p>\n<p><span id=\"tran3\">Pour d\u00e9couvrir la marque Blum <a href=\"https:\/\/www.mobilimariani.com\/fr\/concessionnaire-blum\/\">clique ici<\/a><\/span><\/p>\n<p>Pour nos clients suisses, il sera d\u00e9duit l&#8217;IVA italienne \u00e0 hauteur de 22%<\/p>\n<p>vous voulez conna\u00eetre notre meilleur prix pour cet article? <a href=\"https:\/\/www.mobilimariani.com\/fr\/contacts\/\">Cliquez ici<\/a> et envoyez-nous la demande<\/p>\n","protected":false},"excerpt":{"rendered":"RIDEAU BLUM ROBERTA C1 Rideau\u00a0r\u00e9alis\u00e9 avec\u00a0une toile tendue finie en haut de clous qui en permettent l&#8217;insertion dans la barre en cr\u00e9ant des mouvements doux. Mont\u00e9 sur une barre en acier, elle est \u00e9quip\u00e9e par un fouet qui permet l&#8217;ouverture et fermeture des rideaux. Sur\u00a0ces images, ils sont r\u00e9alis\u00e9s en tissu Olbia9. Pour d\u00e9couvrir la&#8230; <a class=\"view-article\" href=\"https:\/\/www.mobilimariani.com\/fr\/rideau-blum-roberta-c1\/\">Voir l&#8217;article<\/a>","protected":false},"author":1,"featured_media":7976,"comment_status":"closed","ping_status":"closed","sticky":false,"template":"","format":"standard","meta":[],"categories":[18,1,6,2],"tags":[],"yoast_head":"<!-- This site is optimized with the Yoast SEO plugin v16.2 - https:\/\/yoast.com\/wordpress\/plugins\/seo\/ -->\n<meta name=\"description\" content=\"RIDEAU BLUM ROBERTA C1\" \/>\n<meta name=\"robots\" content=\"index, follow, max-snippet:-1, max-image-preview:large, max-video-preview:-1\" \/>\n<link rel=\"canonical\" href=\"https:\/\/www.mobilimariani.com\/fr\/rideau-blum-roberta-c1\/\" \/>\n<meta property=\"og:locale\" content=\"fr_FR\" \/>\n<meta property=\"og:type\" content=\"article\" \/>\n<meta property=\"og:title\" content=\"RIDEAU BLUM ROBERTA C1\" \/>\n<meta property=\"og:description\" content=\"RIDEAU BLUM ROBERTA C1\" \/>\n<meta property=\"og:url\" content=\"https:\/\/www.mobilimariani.com\/fr\/rideau-blum-roberta-c1\/\" \/>\n<meta property=\"og:site_name\" content=\"Mobili Mariani\" \/>\n<meta property=\"article:published_time\" content=\"2015-11-08T11:26:10+00:00\" \/>\n<meta property=\"article:modified_time\" content=\"2016-10-31T01:21:07+00:00\" \/>\n<meta property=\"og:image\" content=\"https:\/\/www.mobilimariani.com\/wp-content\/uploads\/2015\/09\/3107.jpg\" \/>\n\t<meta property=\"og:image:width\" content=\"272\" \/>\n\t<meta property=\"og:image:height\" content=\"300\" \/>\n<script type=\"application\/ld+json\" class=\"yoast-schema-graph\">{\"@context\":\"https:\/\/schema.org\",\"@graph\":[{\"@type\":\"Organization\",\"@id\":\"https:\/\/www.mobilimariani.com\/#organization\",\"name\":\"Mobili Mariani\",\"url\":\"https:\/\/www.mobilimariani.com\/\",\"sameAs\":[],\"logo\":{\"@type\":\"ImageObject\",\"@id\":\"https:\/\/www.mobilimariani.com\/#logo\",\"inLanguage\":\"fr-CH\",\"url\":\"https:\/\/www.mobilimariani.com\/wp-content\/uploads\/2015\/12\/logo.png\",\"contentUrl\":\"https:\/\/www.mobilimariani.com\/wp-content\/uploads\/2015\/12\/logo.png\",\"width\":160,\"height\":110,\"caption\":\"Mobili Mariani\"},\"image\":{\"@id\":\"https:\/\/www.mobilimariani.com\/#logo\"}},{\"@type\":\"WebSite\",\"@id\":\"https:\/\/www.mobilimariani.com\/#website\",\"url\":\"https:\/\/www.mobilimariani.com\/\",\"name\":\"Mobili Mariani\",\"description\":\"Mobili Italia Svizzera\",\"publisher\":{\"@id\":\"https:\/\/www.mobilimariani.com\/#organization\"},\"potentialAction\":[{\"@type\":\"SearchAction\",\"target\":\"https:\/\/www.mobilimariani.com\/?s={search_term_string}\",\"query-input\":\"required name=search_term_string\"}],\"inLanguage\":\"fr-CH\"},{\"@type\":\"ImageObject\",\"@id\":\"https:\/\/www.mobilimariani.com\/fr\/rideau-blum-roberta-c1\/#primaryimage\",\"inLanguage\":\"fr-CH\",\"url\":\"https:\/\/www.mobilimariani.com\/wp-content\/uploads\/2015\/09\/3107.jpg\",\"contentUrl\":\"https:\/\/www.mobilimariani.com\/wp-content\/uploads\/2015\/09\/3107.jpg\",\"width\":272,\"height\":300,\"caption\":\"BLUM ROBERTA C1 TENDA\"},{\"@type\":\"WebPage\",\"@id\":\"https:\/\/www.mobilimariani.com\/fr\/rideau-blum-roberta-c1\/#webpage\",\"url\":\"https:\/\/www.mobilimariani.com\/fr\/rideau-blum-roberta-c1\/\",\"name\":\"RIDEAU BLUM ROBERTA C1\",\"isPartOf\":{\"@id\":\"https:\/\/www.mobilimariani.com\/#website\"},\"primaryImageOfPage\":{\"@id\":\"https:\/\/www.mobilimariani.com\/fr\/rideau-blum-roberta-c1\/#primaryimage\"},\"datePublished\":\"2015-11-08T11:26:10+00:00\",\"dateModified\":\"2016-10-31T01:21:07+00:00\",\"description\":\"RIDEAU BLUM ROBERTA C1\",\"breadcrumb\":{\"@id\":\"https:\/\/www.mobilimariani.com\/fr\/rideau-blum-roberta-c1\/#breadcrumb\"},\"inLanguage\":\"fr-CH\",\"potentialAction\":[{\"@type\":\"ReadAction\",\"target\":[\"https:\/\/www.mobilimariani.com\/fr\/rideau-blum-roberta-c1\/\"]}]},{\"@type\":\"BreadcrumbList\",\"@id\":\"https:\/\/www.mobilimariani.com\/fr\/rideau-blum-roberta-c1\/#breadcrumb\",\"itemListElement\":[{\"@type\":\"ListItem\",\"position\":1,\"item\":{\"@type\":\"WebPage\",\"@id\":\"https:\/\/www.mobilimariani.com\/\",\"url\":\"https:\/\/www.mobilimariani.com\/\",\"name\":\"Home\"}},{\"@type\":\"ListItem\",\"position\":2,\"item\":{\"@id\":\"https:\/\/www.mobilimariani.com\/fr\/rideau-blum-roberta-c1\/#webpage\"}}]},{\"@type\":\"Article\",\"@id\":\"https:\/\/www.mobilimariani.com\/fr\/rideau-blum-roberta-c1\/#article\",\"isPartOf\":{\"@id\":\"https:\/\/www.mobilimariani.com\/fr\/rideau-blum-roberta-c1\/#webpage\"},\"author\":{\"@id\":\"https:\/\/www.mobilimariani.com\/#\/schema\/person\/4685d9f51269134e53f988c9122315f4\"},\"headline\":\"RIDEAU BLUM ROBERTA C1\",\"datePublished\":\"2015-11-08T11:26:10+00:00\",\"dateModified\":\"2016-10-31T01:21:07+00:00\",\"mainEntityOfPage\":{\"@id\":\"https:\/\/www.mobilimariani.com\/fr\/rideau-blum-roberta-c1\/#webpage\"},\"publisher\":{\"@id\":\"https:\/\/www.mobilimariani.com\/#organization\"},\"image\":{\"@id\":\"https:\/\/www.mobilimariani.com\/fr\/rideau-blum-roberta-c1\/#primaryimage\"},\"articleSection\":[\"Autre\",\"Catalogue\",\"Salle jour\",\"Zone nuit\"],\"inLanguage\":\"fr-CH\"},{\"@type\":\"Person\",\"@id\":\"https:\/\/www.mobilimariani.com\/#\/schema\/person\/4685d9f51269134e53f988c9122315f4\",\"name\":\"14m4rC008\",\"image\":{\"@type\":\"ImageObject\",\"@id\":\"https:\/\/www.mobilimariani.com\/#personlogo\",\"inLanguage\":\"fr-CH\",\"url\":\"https:\/\/secure.gravatar.com\/avatar\/dfaa6e536fec7030712cf850e9ddef45?s=96&d=mm&r=g\",\"contentUrl\":\"https:\/\/secure.gravatar.com\/avatar\/dfaa6e536fec7030712cf850e9ddef45?s=96&d=mm&r=g\",\"caption\":\"14m4rC008\"}}]}<\/script>\n<!-- \/ Yoast SEO plugin. -->","_links":{"self":[{"href":"https:\/\/www.mobilimariani.com\/fr\/wp-json\/wp\/v2\/posts\/8611"}],"collection":[{"href":"https:\/\/www.mobilimariani.com\/fr\/wp-json\/wp\/v2\/posts"}],"about":[{"href":"https:\/\/www.mobilimariani.com\/fr\/wp-json\/wp\/v2\/types\/post"}],"author":[{"embeddable":true,"href":"https:\/\/www.mobilimariani.com\/fr\/wp-json\/wp\/v2\/users\/1"}],"replies":[{"embeddable":true,"href":"https:\/\/www.mobilimariani.com\/fr\/wp-json\/wp\/v2\/comments?post=8611"}],"version-history":[{"count":2,"href":"https:\/\/www.mobilimariani.com\/fr\/wp-json\/wp\/v2\/posts\/8611\/revisions"}],"predecessor-version":[{"id":10018,"href":"https:\/\/www.mobilimariani.com\/fr\/wp-json\/wp\/v2\/posts\/8611\/revisions\/10018"}],"wp:featuredmedia":[{"embeddable":true,"href":"https:\/\/www.mobilimariani.com\/fr\/wp-json\/wp\/v2\/media\/7976"}],"wp:attachment":[{"href":"https:\/\/www.mobilimariani.com\/fr\/wp-json\/wp\/v2\/media?parent=8611"}],"wp:term":[{"taxonomy":"category","embeddable":true,"href":"https:\/\/www.mobilimariani.com\/fr\/wp-json\/wp\/v2\/categories?post=8611"},{"taxonomy":"post_tag","embeddable":true,"href":"https:\/\/www.mobilimariani.com\/fr\/wp-json\/wp\/v2\/tags?post=8611"}],"curies":[{"name":"wp","href":"https:\/\/api.w.org\/{rel}","templated":true}]}}