{"id":6685,"date":"2021-07-31T17:41:53","date_gmt":"2021-07-31T15:41:53","guid":{"rendered":"https:\/\/www.mobilimariani.com\/?p=6685"},"modified":"2021-07-31T19:03:39","modified_gmt":"2021-07-31T17:03:39","slug":"flou-lit-biss","status":"publish","type":"post","link":"https:\/\/www.mobilimariani.com\/fr\/flou-lit-biss\/","title":{"rendered":"FLOU LIT BISS"},"content":{"rendered":"<p id=\"tw-target-text\" class=\"tw-data-text tw-ta tw-text-small\" dir=\"ltr\" data-placeholder=\"Traduzione\"><span lang=\"fr\">FLOU LIT BISS conception Pinuccio Borgonovo <\/span><\/p>\n<p class=\"tw-data-text tw-ta tw-text-small\" dir=\"ltr\" data-placeholder=\"Traduzione\"><span lang=\"fr\">Biss dessin\u00e9e par Pinuccio Borgonovo est un lit polyvalent, disponible en deux versions: base avec conteneur \u00e0 encombrement r\u00e9duit\u00a0ou base avec ouverture lat\u00e9rale pour recevoir un deuxi\u00e8me lit pliant. Dans le premier cas le lit est \u00e9quip\u00e9 d&#8217;un r\u00e9cipient de base avec ouverture lat\u00e9rale (droite ou \u00e0 gauche en fonction des besoins). Dans le second la base du lit est \u00e9quip\u00e9 d&#8217;une c\u00f4t\u00e9 d&#8217;ouverture (droite ou gauche selon le besoin), pour recevoir un deuxi\u00e8me lit. Celui-ci, sans ogive, est \u00e9quip\u00e9 de roues qui facilitent l&#8217;extraction. Il peut \u00eatre soulev\u00e9 du sol gr\u00e2ce \u00e0 un m\u00e9canisme \u00e0 pistons, ou rester au ras du sol(pas relevable). Biss accueille un sommier \u00e0 lattes r\u00e9glables et des rev\u00eatements en tissu, cuir ou faux cuir amovibles gr\u00e2ce \u00a0au\u00a0velcro, il est disponible dans les versions (accessoiris\u00e9 avec dossier haut, bas ou moul\u00e9 vers la droite ou vers la gauche profil\u00e9e): A avec t\u00eate haute; B avec t\u00eate et repose-pied hauts; C avec une t\u00eate haute et repose-pied bas; D avec\u00a0t\u00eate basse; E avec t\u00eate et repose-pied bas; F sans t\u00eate et repose-pied. <\/span><\/p>\n<p class=\"tw-data-text tw-ta tw-text-small\" dir=\"ltr\" data-placeholder=\"Traduzione\"><span lang=\"fr\">Premier lit avec matelas cm. ou 90 x 200 cm. 100 x 200; deuxi\u00e8me lit avec matelas cm. 85 x 200<\/span><\/p>\n<p class=\"tw-data-text tw-ta tw-text-small\" dir=\"ltr\" data-placeholder=\"Traduzione\">Pour d\u00e9couvrir\u00a0les bases\u00a0des lits,\u00a0<a href=\"https:\/\/www.mobilimariani.com\/fr\/18546-2\/\">cliquez<\/a>\u00a0ici<\/p>\n<p class=\"tw-data-text tw-ta tw-text-small\" dir=\"ltr\" data-placeholder=\"Traduzione\">Pour conna\u00eetre les\u00a0<span id=\"OT432079633\">rev\u00eatements\u00a0<\/span>\u00a0en tissu\u00a0<a href=\"https:\/\/www.mobilimariani.com\/fr\/flou-les-revetements\/\">cliquez ici\u00a0<\/a>pour les rev\u00eatements en faux cuir\u00a0<a href=\"https:\/\/www.mobilimariani.com\/fr\/flou-revetements-le-faux-cuir\/\">ici<\/a>\u00a0pour les\u00a0rev\u00eatements en cuir\u00a0<a href=\"https:\/\/www.mobilimariani.com\/fr\/18635-2\/\">ici<\/a><\/p>\n<p>Pour d\u00e9couvrir la marque Flou\u00a0<a href=\"https:\/\/www.mobilimariani.com\/fr\/concessionnaire-flou\/\">cliquer ici<\/a><\/p>\n<p>Pour d\u00e9couvrir le catalogue de tous nos lits\u00a0<a href=\"https:\/\/www.mobilimariani.com\/fr\/search\/lit\">cliquez ici<\/a><\/p>\n<p>Vous voulez conna\u00eetre notre meilleur prix pour cet article?\u00a0<a href=\"https:\/\/www.mobilimariani.com\/fr\/contacts\/\">Cliquez ici<\/a>\u00a0et envoyez-nous la demande indiquant le lieu d\u2019exp\u00e9dition<\/p>\n<p>Pour nos clients suisses, la TVA italienne sera d\u00e9duite.<\/p>\n<p>&nbsp;<\/p>\n","protected":false},"excerpt":{"rendered":"FLOU LIT BISS conception Pinuccio Borgonovo Biss dessin\u00e9e par Pinuccio Borgonovo est un lit polyvalent, disponible en deux versions: base avec conteneur \u00e0 encombrement r\u00e9duit\u00a0ou base avec ouverture lat\u00e9rale pour recevoir un deuxi\u00e8me lit pliant. Dans le premier cas le lit est \u00e9quip\u00e9 d&#8217;un r\u00e9cipient de base avec ouverture lat\u00e9rale (droite ou \u00e0 gauche en&#8230; <a class=\"view-article\" href=\"https:\/\/www.mobilimariani.com\/fr\/flou-lit-biss\/\">Voir l&#8217;article<\/a>","protected":false},"author":1,"featured_media":3191,"comment_status":"closed","ping_status":"closed","sticky":false,"template":"","format":"standard","meta":[],"categories":[36,1,39],"tags":[2150,2176,2147,1362],"yoast_head":"<!-- This site is optimized with the Yoast SEO plugin v16.2 - https:\/\/yoast.com\/wordpress\/plugins\/seo\/ -->\n<meta name=\"description\" content=\"FLOU LIT BISS conception Pinuccio Borgonovo Biss dessin\u00e9e par Pinuccio Borgonovo est un lit polyvalent, disponible en deux versions: base avec conteneur \u00e0\" \/>\n<meta name=\"robots\" content=\"index, follow, max-snippet:-1, max-image-preview:large, max-video-preview:-1\" \/>\n<link rel=\"canonical\" href=\"https:\/\/www.mobilimariani.com\/fr\/flou-lit-biss\/\" \/>\n<meta property=\"og:locale\" content=\"fr_FR\" \/>\n<meta property=\"og:type\" content=\"article\" \/>\n<meta property=\"og:title\" content=\"FLOU LIT BISS | Mobili Mariani\" \/>\n<meta property=\"og:description\" content=\"FLOU LIT BISS conception Pinuccio Borgonovo Biss dessin\u00e9e par Pinuccio Borgonovo est un lit polyvalent, disponible en deux versions: base avec conteneur \u00e0\" \/>\n<meta property=\"og:url\" content=\"https:\/\/www.mobilimariani.com\/fr\/flou-lit-biss\/\" \/>\n<meta property=\"og:site_name\" content=\"Mobili Mariani\" \/>\n<meta property=\"article:published_time\" content=\"2021-07-31T15:41:53+00:00\" \/>\n<meta property=\"article:modified_time\" content=\"2021-07-31T17:03:39+00:00\" \/>\n<meta property=\"og:image\" content=\"https:\/\/www.mobilimariani.com\/wp-content\/uploads\/2015\/01\/54.jpg\" \/>\n\t<meta property=\"og:image:width\" content=\"486\" \/>\n\t<meta property=\"og:image:height\" content=\"335\" \/>\n<meta name=\"twitter:label1\" content=\"Est. reading time\">\n\t<meta name=\"twitter:data1\" content=\"2 minutes\">\n<script type=\"application\/ld+json\" class=\"yoast-schema-graph\">{\"@context\":\"https:\/\/schema.org\",\"@graph\":[{\"@type\":\"Organization\",\"@id\":\"https:\/\/www.mobilimariani.com\/#organization\",\"name\":\"Mobili Mariani\",\"url\":\"https:\/\/www.mobilimariani.com\/\",\"sameAs\":[],\"logo\":{\"@type\":\"ImageObject\",\"@id\":\"https:\/\/www.mobilimariani.com\/#logo\",\"inLanguage\":\"fr-CH\",\"url\":\"https:\/\/www.mobilimariani.com\/wp-content\/uploads\/2015\/12\/logo.png\",\"contentUrl\":\"https:\/\/www.mobilimariani.com\/wp-content\/uploads\/2015\/12\/logo.png\",\"width\":160,\"height\":110,\"caption\":\"Mobili Mariani\"},\"image\":{\"@id\":\"https:\/\/www.mobilimariani.com\/#logo\"}},{\"@type\":\"WebSite\",\"@id\":\"https:\/\/www.mobilimariani.com\/#website\",\"url\":\"https:\/\/www.mobilimariani.com\/\",\"name\":\"Mobili Mariani\",\"description\":\"Mobili Italia Svizzera\",\"publisher\":{\"@id\":\"https:\/\/www.mobilimariani.com\/#organization\"},\"potentialAction\":[{\"@type\":\"SearchAction\",\"target\":\"https:\/\/www.mobilimariani.com\/?s={search_term_string}\",\"query-input\":\"required name=search_term_string\"}],\"inLanguage\":\"fr-CH\"},{\"@type\":\"ImageObject\",\"@id\":\"https:\/\/www.mobilimariani.com\/fr\/flou-lit-biss\/#primaryimage\",\"inLanguage\":\"fr-CH\",\"url\":\"https:\/\/www.mobilimariani.com\/wp-content\/uploads\/2015\/01\/54.jpg\",\"contentUrl\":\"https:\/\/www.mobilimariani.com\/wp-content\/uploads\/2015\/01\/54.jpg\",\"width\":486,\"height\":335,\"caption\":\"FLOU LETTO BISS\"},{\"@type\":\"WebPage\",\"@id\":\"https:\/\/www.mobilimariani.com\/fr\/flou-lit-biss\/#webpage\",\"url\":\"https:\/\/www.mobilimariani.com\/fr\/flou-lit-biss\/\",\"name\":\"FLOU LIT BISS | Mobili Mariani\",\"isPartOf\":{\"@id\":\"https:\/\/www.mobilimariani.com\/#website\"},\"primaryImageOfPage\":{\"@id\":\"https:\/\/www.mobilimariani.com\/fr\/flou-lit-biss\/#primaryimage\"},\"datePublished\":\"2021-07-31T15:41:53+00:00\",\"dateModified\":\"2021-07-31T17:03:39+00:00\",\"description\":\"FLOU LIT BISS conception Pinuccio Borgonovo Biss dessin\\u00e9e par Pinuccio Borgonovo est un lit polyvalent, disponible en deux versions: base avec conteneur \\u00e0\",\"breadcrumb\":{\"@id\":\"https:\/\/www.mobilimariani.com\/fr\/flou-lit-biss\/#breadcrumb\"},\"inLanguage\":\"fr-CH\",\"potentialAction\":[{\"@type\":\"ReadAction\",\"target\":[\"https:\/\/www.mobilimariani.com\/fr\/flou-lit-biss\/\"]}]},{\"@type\":\"BreadcrumbList\",\"@id\":\"https:\/\/www.mobilimariani.com\/fr\/flou-lit-biss\/#breadcrumb\",\"itemListElement\":[{\"@type\":\"ListItem\",\"position\":1,\"item\":{\"@type\":\"WebPage\",\"@id\":\"https:\/\/www.mobilimariani.com\/\",\"url\":\"https:\/\/www.mobilimariani.com\/\",\"name\":\"Home\"}},{\"@type\":\"ListItem\",\"position\":2,\"item\":{\"@id\":\"https:\/\/www.mobilimariani.com\/fr\/flou-lit-biss\/#webpage\"}}]},{\"@type\":\"Article\",\"@id\":\"https:\/\/www.mobilimariani.com\/fr\/flou-lit-biss\/#article\",\"isPartOf\":{\"@id\":\"https:\/\/www.mobilimariani.com\/fr\/flou-lit-biss\/#webpage\"},\"author\":{\"@id\":\"https:\/\/www.mobilimariani.com\/#\/schema\/person\/4685d9f51269134e53f988c9122315f4\"},\"headline\":\"FLOU LIT BISS\",\"datePublished\":\"2021-07-31T15:41:53+00:00\",\"dateModified\":\"2021-07-31T17:03:39+00:00\",\"mainEntityOfPage\":{\"@id\":\"https:\/\/www.mobilimariani.com\/fr\/flou-lit-biss\/#webpage\"},\"publisher\":{\"@id\":\"https:\/\/www.mobilimariani.com\/#organization\"},\"image\":{\"@id\":\"https:\/\/www.mobilimariani.com\/fr\/flou-lit-biss\/#primaryimage\"},\"keywords\":[\"canap\\u00e9s lits italian design\",\"chambre pour les gar\\u00e7ons\",\"lits design italien\",\"sommier\"],\"articleSection\":[\"Chambres d&rsquo;enfants\",\"Catalogue\",\"Mariani casual\"],\"inLanguage\":\"fr-CH\"},{\"@type\":\"Person\",\"@id\":\"https:\/\/www.mobilimariani.com\/#\/schema\/person\/4685d9f51269134e53f988c9122315f4\",\"name\":\"14m4rC008\",\"image\":{\"@type\":\"ImageObject\",\"@id\":\"https:\/\/www.mobilimariani.com\/#personlogo\",\"inLanguage\":\"fr-CH\",\"url\":\"https:\/\/secure.gravatar.com\/avatar\/dfaa6e536fec7030712cf850e9ddef45?s=96&d=mm&r=g\",\"contentUrl\":\"https:\/\/secure.gravatar.com\/avatar\/dfaa6e536fec7030712cf850e9ddef45?s=96&d=mm&r=g\",\"caption\":\"14m4rC008\"}}]}<\/script>\n<!-- \/ Yoast SEO plugin. -->","_links":{"self":[{"href":"https:\/\/www.mobilimariani.com\/fr\/wp-json\/wp\/v2\/posts\/6685"}],"collection":[{"href":"https:\/\/www.mobilimariani.com\/fr\/wp-json\/wp\/v2\/posts"}],"about":[{"href":"https:\/\/www.mobilimariani.com\/fr\/wp-json\/wp\/v2\/types\/post"}],"author":[{"embeddable":true,"href":"https:\/\/www.mobilimariani.com\/fr\/wp-json\/wp\/v2\/users\/1"}],"replies":[{"embeddable":true,"href":"https:\/\/www.mobilimariani.com\/fr\/wp-json\/wp\/v2\/comments?post=6685"}],"version-history":[{"count":8,"href":"https:\/\/www.mobilimariani.com\/fr\/wp-json\/wp\/v2\/posts\/6685\/revisions"}],"predecessor-version":[{"id":27427,"href":"https:\/\/www.mobilimariani.com\/fr\/wp-json\/wp\/v2\/posts\/6685\/revisions\/27427"}],"wp:featuredmedia":[{"embeddable":true,"href":"https:\/\/www.mobilimariani.com\/fr\/wp-json\/wp\/v2\/media\/3191"}],"wp:attachment":[{"href":"https:\/\/www.mobilimariani.com\/fr\/wp-json\/wp\/v2\/media?parent=6685"}],"wp:term":[{"taxonomy":"category","embeddable":true,"href":"https:\/\/www.mobilimariani.com\/fr\/wp-json\/wp\/v2\/categories?post=6685"},{"taxonomy":"post_tag","embeddable":true,"href":"https:\/\/www.mobilimariani.com\/fr\/wp-json\/wp\/v2\/tags?post=6685"}],"curies":[{"name":"wp","href":"https:\/\/api.w.org\/{rel}","templated":true}]}}