{"id":6625,"date":"2017-08-25T17:04:43","date_gmt":"2017-08-25T15:04:43","guid":{"rendered":"https:\/\/www.mobilimariani.com\/?p=6625"},"modified":"2020-07-23T12:05:21","modified_gmt":"2020-07-23T10:05:21","slug":"bibliotheque-lema-selecta","status":"publish","type":"post","link":"https:\/\/www.mobilimariani.com\/fr\/bibliotheque-lema-selecta\/","title":{"rendered":"Biblioth\u00e8que Lema Selecta"},"content":{"rendered":"<p>Biblioth\u00e8que Lema Selecta<\/p>\n<p>Une avanc\u00e9e, capable de d\u00e9velopper dans l&#8217;espace avec la rigueur d&#8217;une g\u00e9om\u00e9trie parfaite et la cr\u00e9ativit\u00e9 d&#8217;une structure libre. Selecta vit dans la maison avec \u00e9l\u00e9gance, le naturel, l&#8217;intelligence. La modularit\u00e9 de ses \u00e9l\u00e9ments permet compositions adapt\u00e9es. La richesse et la qualit\u00e9 de finition en font le choix id\u00e9al pour les environnements sophistiqu\u00e9s, classique, contemporain.<\/p>\n<p>Selecta est l&#8217;\u00e9volution du premier Italien \u00e0 assumer syst\u00e8me de transport, con\u00e7u par Lema en 1978 qui continue \u00e0 ajourner pour plus de trois d\u00e9cennies avec de nouvelles finitions et des \u00e9l\u00e9ments qui adaptent aux diff\u00e9rents besoins que les consommateurs ont d\u00e9velopp\u00e9 au fil des ans. Sa principale caract\u00e9ristique est la polyvalence maximale: les diverses composantes subissent tout type de demande et tous les types d&#8217;espaces. Les possibilit\u00e9s de composition de Selecta sont pratiquement infinies et les \u00e9tag\u00e8res peuvent \u00eatre ajout\u00e9es \u00e0 la veille et des conteneurs pour une utilisation vari\u00e9e et compl\u00e8te.<\/p>\n<p>40 couleurs Lemacolortrend, charbon de bois de ch\u00eane ou de tabac \u00e9tendues \u00e0 toutes les composantes du programme, brillant pour quelques d\u00e9tails.<\/p>\n<p>Le verre peut \u00eatre transparent, givr\u00e9, r\u00e9fl\u00e9chissante ou laque color\u00e9e.<\/p>\n<p>Pour d\u00e9couvrir la marque Lema,<a href=\"https:\/\/www.mobilimariani.com\/fr\/concessionaire-lema\/\"> cliquez ici<\/a><\/p>\n<p>Vous voulez conna\u00eetre notre meilleur prix pour cet article?\u00a0<a href=\"https:\/\/www.mobilimariani.com\/fr\/contacts\/\">Cliquez ici<\/a> et envoyez-nous la demande<\/p>\n<p><strong>Pour nos clients suisses, il sera d\u00e9duit l&#8217;I.V.A. italienne \u00e0 hauteur de 22%.<\/strong><\/p>\n","protected":false},"excerpt":{"rendered":"Biblioth\u00e8que Lema Selecta Une avanc\u00e9e, capable de d\u00e9velopper dans l&#8217;espace avec la rigueur d&#8217;une g\u00e9om\u00e9trie parfaite et la cr\u00e9ativit\u00e9 d&#8217;une structure libre. Selecta vit dans la maison avec \u00e9l\u00e9gance, le naturel, l&#8217;intelligence. La modularit\u00e9 de ses \u00e9l\u00e9ments permet compositions adapt\u00e9es. La richesse et la qualit\u00e9 de finition en font le choix id\u00e9al pour les environnements&#8230; <a class=\"view-article\" href=\"https:\/\/www.mobilimariani.com\/fr\/bibliotheque-lema-selecta\/\">Voir l&#8217;article<\/a>","protected":false},"author":1,"featured_media":1752,"comment_status":"closed","ping_status":"closed","sticky":false,"template":"","format":"standard","meta":[],"categories":[1,6],"tags":[10],"yoast_head":"<!-- This site is optimized with the Yoast SEO plugin v16.2 - https:\/\/yoast.com\/wordpress\/plugins\/seo\/ -->\n<meta name=\"description\" content=\"Biblioth\u00e8que Lema Selecta\" \/>\n<meta name=\"robots\" content=\"index, follow, max-snippet:-1, max-image-preview:large, max-video-preview:-1\" \/>\n<link rel=\"canonical\" href=\"https:\/\/www.mobilimariani.com\/fr\/bibliotheque-lema-selecta\/\" \/>\n<meta property=\"og:locale\" content=\"fr_FR\" \/>\n<meta property=\"og:type\" content=\"article\" \/>\n<meta property=\"og:title\" content=\"Biblioth\u00e8que Lema Selecta | Mobili Mariani\" \/>\n<meta property=\"og:description\" content=\"Biblioth\u00e8que Lema Selecta\" \/>\n<meta property=\"og:url\" content=\"https:\/\/www.mobilimariani.com\/fr\/bibliotheque-lema-selecta\/\" \/>\n<meta property=\"og:site_name\" content=\"Mobili Mariani\" \/>\n<meta property=\"article:published_time\" content=\"2017-08-25T15:04:43+00:00\" \/>\n<meta property=\"article:modified_time\" content=\"2020-07-23T10:05:21+00:00\" \/>\n<meta property=\"og:image\" content=\"https:\/\/www.mobilimariani.com\/wp-content\/uploads\/2015\/03\/libreria-selecta-3.jpg\" \/>\n\t<meta property=\"og:image:width\" content=\"405\" \/>\n\t<meta property=\"og:image:height\" content=\"422\" \/>\n<meta name=\"twitter:label1\" content=\"Est. reading time\">\n\t<meta name=\"twitter:data1\" content=\"1 minute\">\n<script type=\"application\/ld+json\" class=\"yoast-schema-graph\">{\"@context\":\"https:\/\/schema.org\",\"@graph\":[{\"@type\":\"Organization\",\"@id\":\"https:\/\/www.mobilimariani.com\/#organization\",\"name\":\"Mobili Mariani\",\"url\":\"https:\/\/www.mobilimariani.com\/\",\"sameAs\":[],\"logo\":{\"@type\":\"ImageObject\",\"@id\":\"https:\/\/www.mobilimariani.com\/#logo\",\"inLanguage\":\"fr-CH\",\"url\":\"https:\/\/www.mobilimariani.com\/wp-content\/uploads\/2015\/12\/logo.png\",\"contentUrl\":\"https:\/\/www.mobilimariani.com\/wp-content\/uploads\/2015\/12\/logo.png\",\"width\":160,\"height\":110,\"caption\":\"Mobili Mariani\"},\"image\":{\"@id\":\"https:\/\/www.mobilimariani.com\/#logo\"}},{\"@type\":\"WebSite\",\"@id\":\"https:\/\/www.mobilimariani.com\/#website\",\"url\":\"https:\/\/www.mobilimariani.com\/\",\"name\":\"Mobili Mariani\",\"description\":\"Mobili Italia Svizzera\",\"publisher\":{\"@id\":\"https:\/\/www.mobilimariani.com\/#organization\"},\"potentialAction\":[{\"@type\":\"SearchAction\",\"target\":\"https:\/\/www.mobilimariani.com\/?s={search_term_string}\",\"query-input\":\"required name=search_term_string\"}],\"inLanguage\":\"fr-CH\"},{\"@type\":\"ImageObject\",\"@id\":\"https:\/\/www.mobilimariani.com\/fr\/bibliotheque-lema-selecta\/#primaryimage\",\"inLanguage\":\"fr-CH\",\"url\":\"https:\/\/www.mobilimariani.com\/wp-content\/uploads\/2015\/03\/libreria-selecta-3.jpg\",\"contentUrl\":\"https:\/\/www.mobilimariani.com\/wp-content\/uploads\/2015\/03\/libreria-selecta-3.jpg\",\"width\":405,\"height\":422,\"caption\":\"LEMA SELECTA LIBRERIA\"},{\"@type\":\"WebPage\",\"@id\":\"https:\/\/www.mobilimariani.com\/fr\/bibliotheque-lema-selecta\/#webpage\",\"url\":\"https:\/\/www.mobilimariani.com\/fr\/bibliotheque-lema-selecta\/\",\"name\":\"Biblioth\\u00e8que Lema Selecta | Mobili Mariani\",\"isPartOf\":{\"@id\":\"https:\/\/www.mobilimariani.com\/#website\"},\"primaryImageOfPage\":{\"@id\":\"https:\/\/www.mobilimariani.com\/fr\/bibliotheque-lema-selecta\/#primaryimage\"},\"datePublished\":\"2017-08-25T15:04:43+00:00\",\"dateModified\":\"2020-07-23T10:05:21+00:00\",\"description\":\"Biblioth\\u00e8que Lema Selecta\",\"breadcrumb\":{\"@id\":\"https:\/\/www.mobilimariani.com\/fr\/bibliotheque-lema-selecta\/#breadcrumb\"},\"inLanguage\":\"fr-CH\",\"potentialAction\":[{\"@type\":\"ReadAction\",\"target\":[\"https:\/\/www.mobilimariani.com\/fr\/bibliotheque-lema-selecta\/\"]}]},{\"@type\":\"BreadcrumbList\",\"@id\":\"https:\/\/www.mobilimariani.com\/fr\/bibliotheque-lema-selecta\/#breadcrumb\",\"itemListElement\":[{\"@type\":\"ListItem\",\"position\":1,\"item\":{\"@type\":\"WebPage\",\"@id\":\"https:\/\/www.mobilimariani.com\/\",\"url\":\"https:\/\/www.mobilimariani.com\/\",\"name\":\"Home\"}},{\"@type\":\"ListItem\",\"position\":2,\"item\":{\"@id\":\"https:\/\/www.mobilimariani.com\/fr\/bibliotheque-lema-selecta\/#webpage\"}}]},{\"@type\":\"Article\",\"@id\":\"https:\/\/www.mobilimariani.com\/fr\/bibliotheque-lema-selecta\/#article\",\"isPartOf\":{\"@id\":\"https:\/\/www.mobilimariani.com\/fr\/bibliotheque-lema-selecta\/#webpage\"},\"author\":{\"@id\":\"https:\/\/www.mobilimariani.com\/#\/schema\/person\/4685d9f51269134e53f988c9122315f4\"},\"headline\":\"Biblioth\\u00e8que Lema Selecta\",\"datePublished\":\"2017-08-25T15:04:43+00:00\",\"dateModified\":\"2020-07-23T10:05:21+00:00\",\"mainEntityOfPage\":{\"@id\":\"https:\/\/www.mobilimariani.com\/fr\/bibliotheque-lema-selecta\/#webpage\"},\"publisher\":{\"@id\":\"https:\/\/www.mobilimariani.com\/#organization\"},\"image\":{\"@id\":\"https:\/\/www.mobilimariani.com\/fr\/bibliotheque-lema-selecta\/#primaryimage\"},\"keywords\":[\"Lema\"],\"articleSection\":[\"Catalogue\",\"Salle jour\"],\"inLanguage\":\"fr-CH\"},{\"@type\":\"Person\",\"@id\":\"https:\/\/www.mobilimariani.com\/#\/schema\/person\/4685d9f51269134e53f988c9122315f4\",\"name\":\"14m4rC008\",\"image\":{\"@type\":\"ImageObject\",\"@id\":\"https:\/\/www.mobilimariani.com\/#personlogo\",\"inLanguage\":\"fr-CH\",\"url\":\"https:\/\/secure.gravatar.com\/avatar\/dfaa6e536fec7030712cf850e9ddef45?s=96&d=mm&r=g\",\"contentUrl\":\"https:\/\/secure.gravatar.com\/avatar\/dfaa6e536fec7030712cf850e9ddef45?s=96&d=mm&r=g\",\"caption\":\"14m4rC008\"}}]}<\/script>\n<!-- \/ Yoast SEO plugin. -->","_links":{"self":[{"href":"https:\/\/www.mobilimariani.com\/fr\/wp-json\/wp\/v2\/posts\/6625"}],"collection":[{"href":"https:\/\/www.mobilimariani.com\/fr\/wp-json\/wp\/v2\/posts"}],"about":[{"href":"https:\/\/www.mobilimariani.com\/fr\/wp-json\/wp\/v2\/types\/post"}],"author":[{"embeddable":true,"href":"https:\/\/www.mobilimariani.com\/fr\/wp-json\/wp\/v2\/users\/1"}],"replies":[{"embeddable":true,"href":"https:\/\/www.mobilimariani.com\/fr\/wp-json\/wp\/v2\/comments?post=6625"}],"version-history":[{"count":4,"href":"https:\/\/www.mobilimariani.com\/fr\/wp-json\/wp\/v2\/posts\/6625\/revisions"}],"predecessor-version":[{"id":9898,"href":"https:\/\/www.mobilimariani.com\/fr\/wp-json\/wp\/v2\/posts\/6625\/revisions\/9898"}],"wp:featuredmedia":[{"embeddable":true,"href":"https:\/\/www.mobilimariani.com\/fr\/wp-json\/wp\/v2\/media\/1752"}],"wp:attachment":[{"href":"https:\/\/www.mobilimariani.com\/fr\/wp-json\/wp\/v2\/media?parent=6625"}],"wp:term":[{"taxonomy":"category","embeddable":true,"href":"https:\/\/www.mobilimariani.com\/fr\/wp-json\/wp\/v2\/categories?post=6625"},{"taxonomy":"post_tag","embeddable":true,"href":"https:\/\/www.mobilimariani.com\/fr\/wp-json\/wp\/v2\/tags?post=6625"}],"curies":[{"name":"wp","href":"https:\/\/api.w.org\/{rel}","templated":true}]}}