{"id":5180,"date":"2015-06-20T16:53:36","date_gmt":"2015-06-20T14:53:36","guid":{"rendered":"https:\/\/www.mobilimariani.com\/?p=5180"},"modified":"2020-02-21T10:38:54","modified_gmt":"2020-02-21T09:38:54","slug":"zanotta-fauteuil-sacco","status":"publish","type":"post","link":"https:\/\/www.mobilimariani.com\/fr\/zanotta-fauteuil-sacco\/","title":{"rendered":"ZANOTTA FAUTEUIL SACCO"},"content":{"rendered":"<p>ZANOTTA FAUTEUIL SACCO\u00a0280, SACCO MEDIUM, SACCO SMALL<\/p>\n<p>DESIGN de GATTI, PAOLINI, TEODORO &#8211; 1968<\/p>\n<p>Fauteuil anatomique.<\/p>\n<p>Housse contenant billes de polystyr\u00e8ne \u00e0 haute r\u00e9sistance. Choix entre les mod\u00e8les Volo, Tela Egitto, Pied de poule, Sole, Vip (\u00e0 usage externe), et Pelle. Les versions en pied de poule et Tela Egitto sont d\u00e9houssables. \u00a0La version Vol\u00a0est disponible avec deux d\u00e9co&#8217; imprim\u00e9s avec technique num\u00e9rique: d\u00e9cor Big Eyes et d\u00e9cor Solid pour le Small, d\u00e9cor Solid et d\u00e9cor Up pour les mod\u00e8les Medium et Sacco.\u00a0Le tissu Vip est aussi destin\u00e9 \u00e0 usage externe, ignifuge, antibact\u00e9rien avec traitement\u00a0Silverguard\u00ae et antitaches avec traitement\u00a0Permablock 3\u00ae<\/p>\n<p>Expos\u00e9e dans les mus\u00e9es les plus prestigieux du monde, parmi lesquels: Le Mus\u00e9e d&#8217;Art Moderne de New York, Mus\u00e9e d&#8217;Isra\u00ebl \u00e0 J\u00e9rusalem, Um\u00e9leckoprumsyslov\u00e9 Muzeum de Praha.<\/p>\n<p>Prix: S\u00e9lection du Compasso d&#8217;Oro 1970, Prix BIO 5 \u00e0 Ljubljana 1973.<\/p>\n<p>Mesures cm. 80 x 80 x 68 h<\/p>\n<p>Mesures cm. 68 x 68 x 53 h<\/p>\n<p>Mesures cm. 54 x 54 x 59 h<\/p>\n<p>Dimensions cm. 54 x 54 x 59 h<\/p>\n<p>MARIANI CASUAL: meilleur rapport qualit\u00e9-prix en version Vip<\/p>\n<p>Pour d\u00e9couvrir rev\u00eatement et les finitions <a href=\"https:\/\/www.mobilimariani.com\/zanotta-rivestimenti-finiture\/?lang=fr\">cliquez ici<\/a><\/p>\n<p>Pour d\u00e9couvrir la marque Zanotta <a href=\"https:\/\/www.mobilimariani.com\/fr\/concessionnaire-zanotta\/\">cliquez ici<\/a><\/p>\n<p>Vous voulez conna\u00eetre notre meilleur prix pour cet article?\u00a0<a href=\"https:\/\/www.mobilimariani.com\/fr\/contacts\/\">Cliquez ici<\/a>\u00a0et envoyez-nous la demande<\/p>\n<p>Signale le lieu de livraison et si le montage est n\u00e9c\u00e9ssaire.<\/p>\n<p>Nous livrons dans toute l\u2019Europe<\/p>\n<p>&nbsp;<\/p>\n<p>&nbsp;<\/p>\n","protected":false},"excerpt":{"rendered":"ZANOTTA FAUTEUIL SACCO\u00a0280, SACCO MEDIUM, SACCO SMALL DESIGN de GATTI, PAOLINI, TEODORO &#8211; 1968 Fauteuil anatomique. Housse contenant billes de polystyr\u00e8ne \u00e0 haute r\u00e9sistance. Choix entre les mod\u00e8les Volo, Tela Egitto, Pied de poule, Sole, Vip (\u00e0 usage externe), et Pelle. Les versions en pied de poule et Tela Egitto sont d\u00e9houssables. \u00a0La version Vol\u00a0est&#8230; <a class=\"view-article\" href=\"https:\/\/www.mobilimariani.com\/fr\/zanotta-fauteuil-sacco\/\">Voir l&#8217;article<\/a>","protected":false},"author":1,"featured_media":4718,"comment_status":"closed","ping_status":"closed","sticky":false,"template":"","format":"standard","meta":[],"categories":[18,36,1,37,32,6,2],"tags":[],"yoast_head":"<!-- This site is optimized with the Yoast SEO plugin v16.2 - https:\/\/yoast.com\/wordpress\/plugins\/seo\/ -->\n<meta name=\"description\" content=\"ZANOTTA FAUTEUIL SACCO\u00a0280, SACCO MEDIUM, SACCO SMALL DESIGN de GATTI, PAOLINI, TEODORO - 1968 Fauteuil anatomique. Housse contenant billes de polystyr\u00e8ne\" \/>\n<meta name=\"robots\" content=\"index, follow, max-snippet:-1, max-image-preview:large, max-video-preview:-1\" \/>\n<link rel=\"canonical\" href=\"https:\/\/www.mobilimariani.com\/fr\/zanotta-fauteuil-sacco\/\" \/>\n<meta property=\"og:locale\" content=\"fr_FR\" \/>\n<meta property=\"og:type\" content=\"article\" \/>\n<meta property=\"og:title\" content=\"ZANOTTA FAUTEUIL SACCO | Mobili Mariani\" \/>\n<meta property=\"og:description\" content=\"ZANOTTA FAUTEUIL SACCO\u00a0280, SACCO MEDIUM, SACCO SMALL DESIGN de GATTI, PAOLINI, TEODORO - 1968 Fauteuil anatomique. Housse contenant billes de polystyr\u00e8ne\" \/>\n<meta property=\"og:url\" content=\"https:\/\/www.mobilimariani.com\/fr\/zanotta-fauteuil-sacco\/\" \/>\n<meta property=\"og:site_name\" content=\"Mobili Mariani\" \/>\n<meta property=\"article:published_time\" content=\"2015-06-20T14:53:36+00:00\" \/>\n<meta property=\"article:modified_time\" content=\"2020-02-21T09:38:54+00:00\" \/>\n<meta property=\"og:image\" content=\"https:\/\/www.mobilimariani.com\/wp-content\/uploads\/2015\/06\/38.jpg\" \/>\n\t<meta property=\"og:image:width\" content=\"395\" \/>\n\t<meta property=\"og:image:height\" content=\"525\" \/>\n<meta name=\"twitter:label1\" content=\"Est. reading time\">\n\t<meta name=\"twitter:data1\" content=\"1 minute\">\n<script type=\"application\/ld+json\" class=\"yoast-schema-graph\">{\"@context\":\"https:\/\/schema.org\",\"@graph\":[{\"@type\":\"Organization\",\"@id\":\"https:\/\/www.mobilimariani.com\/#organization\",\"name\":\"Mobili Mariani\",\"url\":\"https:\/\/www.mobilimariani.com\/\",\"sameAs\":[],\"logo\":{\"@type\":\"ImageObject\",\"@id\":\"https:\/\/www.mobilimariani.com\/#logo\",\"inLanguage\":\"fr-CH\",\"url\":\"https:\/\/www.mobilimariani.com\/wp-content\/uploads\/2015\/12\/logo.png\",\"contentUrl\":\"https:\/\/www.mobilimariani.com\/wp-content\/uploads\/2015\/12\/logo.png\",\"width\":160,\"height\":110,\"caption\":\"Mobili Mariani\"},\"image\":{\"@id\":\"https:\/\/www.mobilimariani.com\/#logo\"}},{\"@type\":\"WebSite\",\"@id\":\"https:\/\/www.mobilimariani.com\/#website\",\"url\":\"https:\/\/www.mobilimariani.com\/\",\"name\":\"Mobili Mariani\",\"description\":\"Mobili Italia Svizzera\",\"publisher\":{\"@id\":\"https:\/\/www.mobilimariani.com\/#organization\"},\"potentialAction\":[{\"@type\":\"SearchAction\",\"target\":\"https:\/\/www.mobilimariani.com\/?s={search_term_string}\",\"query-input\":\"required name=search_term_string\"}],\"inLanguage\":\"fr-CH\"},{\"@type\":\"ImageObject\",\"@id\":\"https:\/\/www.mobilimariani.com\/fr\/zanotta-fauteuil-sacco\/#primaryimage\",\"inLanguage\":\"fr-CH\",\"url\":\"https:\/\/www.mobilimariani.com\/wp-content\/uploads\/2015\/06\/38.jpg\",\"contentUrl\":\"https:\/\/www.mobilimariani.com\/wp-content\/uploads\/2015\/06\/38.jpg\",\"width\":395,\"height\":525,\"caption\":\"ZANOTTA POLTRONA SACCO\"},{\"@type\":\"WebPage\",\"@id\":\"https:\/\/www.mobilimariani.com\/fr\/zanotta-fauteuil-sacco\/#webpage\",\"url\":\"https:\/\/www.mobilimariani.com\/fr\/zanotta-fauteuil-sacco\/\",\"name\":\"ZANOTTA FAUTEUIL SACCO | Mobili Mariani\",\"isPartOf\":{\"@id\":\"https:\/\/www.mobilimariani.com\/#website\"},\"primaryImageOfPage\":{\"@id\":\"https:\/\/www.mobilimariani.com\/fr\/zanotta-fauteuil-sacco\/#primaryimage\"},\"datePublished\":\"2015-06-20T14:53:36+00:00\",\"dateModified\":\"2020-02-21T09:38:54+00:00\",\"description\":\"ZANOTTA FAUTEUIL SACCO\\u00a0280, SACCO MEDIUM, SACCO SMALL DESIGN de GATTI, PAOLINI, TEODORO - 1968 Fauteuil anatomique. Housse contenant billes de polystyr\\u00e8ne\",\"breadcrumb\":{\"@id\":\"https:\/\/www.mobilimariani.com\/fr\/zanotta-fauteuil-sacco\/#breadcrumb\"},\"inLanguage\":\"fr-CH\",\"potentialAction\":[{\"@type\":\"ReadAction\",\"target\":[\"https:\/\/www.mobilimariani.com\/fr\/zanotta-fauteuil-sacco\/\"]}]},{\"@type\":\"BreadcrumbList\",\"@id\":\"https:\/\/www.mobilimariani.com\/fr\/zanotta-fauteuil-sacco\/#breadcrumb\",\"itemListElement\":[{\"@type\":\"ListItem\",\"position\":1,\"item\":{\"@type\":\"WebPage\",\"@id\":\"https:\/\/www.mobilimariani.com\/\",\"url\":\"https:\/\/www.mobilimariani.com\/\",\"name\":\"Home\"}},{\"@type\":\"ListItem\",\"position\":2,\"item\":{\"@id\":\"https:\/\/www.mobilimariani.com\/fr\/zanotta-fauteuil-sacco\/#webpage\"}}]},{\"@type\":\"Article\",\"@id\":\"https:\/\/www.mobilimariani.com\/fr\/zanotta-fauteuil-sacco\/#article\",\"isPartOf\":{\"@id\":\"https:\/\/www.mobilimariani.com\/fr\/zanotta-fauteuil-sacco\/#webpage\"},\"author\":{\"@id\":\"https:\/\/www.mobilimariani.com\/#\/schema\/person\/4685d9f51269134e53f988c9122315f4\"},\"headline\":\"ZANOTTA FAUTEUIL SACCO\",\"datePublished\":\"2015-06-20T14:53:36+00:00\",\"dateModified\":\"2020-02-21T09:38:54+00:00\",\"mainEntityOfPage\":{\"@id\":\"https:\/\/www.mobilimariani.com\/fr\/zanotta-fauteuil-sacco\/#webpage\"},\"publisher\":{\"@id\":\"https:\/\/www.mobilimariani.com\/#organization\"},\"image\":{\"@id\":\"https:\/\/www.mobilimariani.com\/fr\/zanotta-fauteuil-sacco\/#primaryimage\"},\"articleSection\":[\"Autre\",\"Chambres d&rsquo;enfants\",\"Catalogue\",\"Contract\",\"Fauteuils\",\"Salle jour\",\"Zone nuit\"],\"inLanguage\":\"fr-CH\"},{\"@type\":\"Person\",\"@id\":\"https:\/\/www.mobilimariani.com\/#\/schema\/person\/4685d9f51269134e53f988c9122315f4\",\"name\":\"14m4rC008\",\"image\":{\"@type\":\"ImageObject\",\"@id\":\"https:\/\/www.mobilimariani.com\/#personlogo\",\"inLanguage\":\"fr-CH\",\"url\":\"https:\/\/secure.gravatar.com\/avatar\/dfaa6e536fec7030712cf850e9ddef45?s=96&d=mm&r=g\",\"contentUrl\":\"https:\/\/secure.gravatar.com\/avatar\/dfaa6e536fec7030712cf850e9ddef45?s=96&d=mm&r=g\",\"caption\":\"14m4rC008\"}}]}<\/script>\n<!-- \/ Yoast SEO plugin. -->","_links":{"self":[{"href":"https:\/\/www.mobilimariani.com\/fr\/wp-json\/wp\/v2\/posts\/5180"}],"collection":[{"href":"https:\/\/www.mobilimariani.com\/fr\/wp-json\/wp\/v2\/posts"}],"about":[{"href":"https:\/\/www.mobilimariani.com\/fr\/wp-json\/wp\/v2\/types\/post"}],"author":[{"embeddable":true,"href":"https:\/\/www.mobilimariani.com\/fr\/wp-json\/wp\/v2\/users\/1"}],"replies":[{"embeddable":true,"href":"https:\/\/www.mobilimariani.com\/fr\/wp-json\/wp\/v2\/comments?post=5180"}],"version-history":[{"count":8,"href":"https:\/\/www.mobilimariani.com\/fr\/wp-json\/wp\/v2\/posts\/5180\/revisions"}],"predecessor-version":[{"id":19418,"href":"https:\/\/www.mobilimariani.com\/fr\/wp-json\/wp\/v2\/posts\/5180\/revisions\/19418"}],"wp:featuredmedia":[{"embeddable":true,"href":"https:\/\/www.mobilimariani.com\/fr\/wp-json\/wp\/v2\/media\/4718"}],"wp:attachment":[{"href":"https:\/\/www.mobilimariani.com\/fr\/wp-json\/wp\/v2\/media?parent=5180"}],"wp:term":[{"taxonomy":"category","embeddable":true,"href":"https:\/\/www.mobilimariani.com\/fr\/wp-json\/wp\/v2\/categories?post=5180"},{"taxonomy":"post_tag","embeddable":true,"href":"https:\/\/www.mobilimariani.com\/fr\/wp-json\/wp\/v2\/tags?post=5180"}],"curies":[{"name":"wp","href":"https:\/\/api.w.org\/{rel}","templated":true}]}}