{"id":5055,"date":"2015-06-18T13:58:24","date_gmt":"2015-06-18T11:58:24","guid":{"rendered":"https:\/\/www.mobilimariani.com\/?p=5055"},"modified":"2017-02-10T16:44:21","modified_gmt":"2017-02-10T15:44:21","slug":"clei-doc-canape-superpose","status":"publish","type":"post","link":"https:\/\/www.mobilimariani.com\/fr\/clei-doc-canape-superpose\/","title":{"rendered":"CLEI DOC CANAPE SUPERPOSE"},"content":{"rendered":"<p>CLEI DOC CANAPE SUPERPOSE<\/p>\n<p>Clei Doc canap\u00e9-lit superpos\u00e9 design de Giulio Manzoni.<\/p>\n<p>Canap\u00e9 d\u00e9houssable avec\u00a0un simple geste se transforme dans un lit superpos\u00e9. Echelle int\u00e9gr\u00e9e dans la structure qui sert de support pour monter et barri\u00e8re de s\u00e9curit\u00e9.<\/p>\n<p>Canap\u00e9 ferm\u00e9 cm. 206 x 90 x 95h<\/p>\n<p>Lit superpos\u00e9 cm. 206 x 90 x 139h<\/p>\n<p>Espace utile entre les deux lits cm. 67<\/p>\n<p>Barri\u00e8re cm. 147<\/p>\n<p>Hauteur \u00e9chelle cm. 120<\/p>\n<p>Matelas bas<br \/>\ncm. 193 x 80<\/p>\n<p>Matelas haut<br \/>\ncm. 191 x 69<\/p>\n<p>Pour d\u00e9couvrir la marque Clei<a href=\"https:\/\/www.mobilimariani.com\/fr\/concessionnaire-clei\/\"> cliquer ici<\/a><\/p>\n<p>Vous voulez conna\u00eetre notre meilleur prix pour cet article?\u00a0<a href=\"https:\/\/www.mobilimariani.com\/fr\/contacts\/\">Cliquez ici<\/a> et envoyez-nous la demande<\/p>\n<p><strong>Pour nos clients suisses, il sera d\u00e9duit l&#8217;I.V.A. italienne \u00e0 hauteur de 22%.<\/strong><\/p>\n","protected":false},"excerpt":{"rendered":"CLEI DOC CANAPE SUPERPOSE Clei Doc canap\u00e9-lit superpos\u00e9 design de Giulio Manzoni. Canap\u00e9 d\u00e9houssable avec\u00a0un simple geste se transforme dans un lit superpos\u00e9. Echelle int\u00e9gr\u00e9e dans la structure qui sert de support pour monter et barri\u00e8re de s\u00e9curit\u00e9. Canap\u00e9 ferm\u00e9 cm. 206 x 90 x 95h Lit superpos\u00e9 cm. 206 x 90 x 139h Espace&#8230; <a class=\"view-article\" href=\"https:\/\/www.mobilimariani.com\/fr\/clei-doc-canape-superpose\/\">Voir l&#8217;article<\/a>","protected":false},"author":1,"featured_media":2142,"comment_status":"closed","ping_status":"closed","sticky":false,"template":"","format":"standard","meta":[],"categories":[1,7,6],"tags":[],"yoast_head":"<!-- This site is optimized with the Yoast SEO plugin v16.2 - https:\/\/yoast.com\/wordpress\/plugins\/seo\/ -->\n<meta name=\"description\" content=\"CLEI DOC CANAPE SUPERPOSE Clei Doc canap\u00e9-lit superpos\u00e9 design de Giulio Manzoni. Canap\u00e9 d\u00e9houssable avec\u00a0un simple geste se transforme dans un lit\" \/>\n<meta name=\"robots\" content=\"index, follow, max-snippet:-1, max-image-preview:large, max-video-preview:-1\" \/>\n<link rel=\"canonical\" href=\"https:\/\/www.mobilimariani.com\/fr\/clei-doc-canape-superpose\/\" \/>\n<meta property=\"og:locale\" content=\"fr_FR\" \/>\n<meta property=\"og:type\" content=\"article\" \/>\n<meta property=\"og:title\" content=\"CLEI DOC CANAPE SUPERPOSE | Mobili Mariani\" \/>\n<meta property=\"og:description\" content=\"CLEI DOC CANAPE SUPERPOSE Clei Doc canap\u00e9-lit superpos\u00e9 design de Giulio Manzoni. Canap\u00e9 d\u00e9houssable avec\u00a0un simple geste se transforme dans un lit\" \/>\n<meta property=\"og:url\" content=\"https:\/\/www.mobilimariani.com\/fr\/clei-doc-canape-superpose\/\" \/>\n<meta property=\"og:site_name\" content=\"Mobili Mariani\" \/>\n<meta property=\"article:published_time\" content=\"2015-06-18T11:58:24+00:00\" \/>\n<meta property=\"article:modified_time\" content=\"2017-02-10T15:44:21+00:00\" \/>\n<meta property=\"og:image\" content=\"https:\/\/www.mobilimariani.com\/wp-content\/uploads\/2015\/03\/Appunti052.jpg\" \/>\n\t<meta property=\"og:image:width\" content=\"701\" \/>\n\t<meta property=\"og:image:height\" content=\"476\" \/>\n<meta name=\"twitter:label1\" content=\"Est. reading time\">\n\t<meta name=\"twitter:data1\" content=\"1 minute\">\n<script type=\"application\/ld+json\" class=\"yoast-schema-graph\">{\"@context\":\"https:\/\/schema.org\",\"@graph\":[{\"@type\":\"Organization\",\"@id\":\"https:\/\/www.mobilimariani.com\/#organization\",\"name\":\"Mobili Mariani\",\"url\":\"https:\/\/www.mobilimariani.com\/\",\"sameAs\":[],\"logo\":{\"@type\":\"ImageObject\",\"@id\":\"https:\/\/www.mobilimariani.com\/#logo\",\"inLanguage\":\"fr-CH\",\"url\":\"https:\/\/www.mobilimariani.com\/wp-content\/uploads\/2015\/12\/logo.png\",\"contentUrl\":\"https:\/\/www.mobilimariani.com\/wp-content\/uploads\/2015\/12\/logo.png\",\"width\":160,\"height\":110,\"caption\":\"Mobili Mariani\"},\"image\":{\"@id\":\"https:\/\/www.mobilimariani.com\/#logo\"}},{\"@type\":\"WebSite\",\"@id\":\"https:\/\/www.mobilimariani.com\/#website\",\"url\":\"https:\/\/www.mobilimariani.com\/\",\"name\":\"Mobili Mariani\",\"description\":\"Mobili Italia Svizzera\",\"publisher\":{\"@id\":\"https:\/\/www.mobilimariani.com\/#organization\"},\"potentialAction\":[{\"@type\":\"SearchAction\",\"target\":\"https:\/\/www.mobilimariani.com\/?s={search_term_string}\",\"query-input\":\"required name=search_term_string\"}],\"inLanguage\":\"fr-CH\"},{\"@type\":\"ImageObject\",\"@id\":\"https:\/\/www.mobilimariani.com\/fr\/clei-doc-canape-superpose\/#primaryimage\",\"inLanguage\":\"fr-CH\",\"url\":\"https:\/\/www.mobilimariani.com\/wp-content\/uploads\/2015\/03\/Appunti052.jpg\",\"contentUrl\":\"https:\/\/www.mobilimariani.com\/wp-content\/uploads\/2015\/03\/Appunti052.jpg\",\"width\":701,\"height\":476,\"caption\":\"CLEI DOC DIVANO A CASTELLO\"},{\"@type\":\"WebPage\",\"@id\":\"https:\/\/www.mobilimariani.com\/fr\/clei-doc-canape-superpose\/#webpage\",\"url\":\"https:\/\/www.mobilimariani.com\/fr\/clei-doc-canape-superpose\/\",\"name\":\"CLEI DOC CANAPE SUPERPOSE | Mobili Mariani\",\"isPartOf\":{\"@id\":\"https:\/\/www.mobilimariani.com\/#website\"},\"primaryImageOfPage\":{\"@id\":\"https:\/\/www.mobilimariani.com\/fr\/clei-doc-canape-superpose\/#primaryimage\"},\"datePublished\":\"2015-06-18T11:58:24+00:00\",\"dateModified\":\"2017-02-10T15:44:21+00:00\",\"description\":\"CLEI DOC CANAPE SUPERPOSE Clei Doc canap\\u00e9-lit superpos\\u00e9 design de Giulio Manzoni. Canap\\u00e9 d\\u00e9houssable avec\\u00a0un simple geste se transforme dans un lit\",\"breadcrumb\":{\"@id\":\"https:\/\/www.mobilimariani.com\/fr\/clei-doc-canape-superpose\/#breadcrumb\"},\"inLanguage\":\"fr-CH\",\"potentialAction\":[{\"@type\":\"ReadAction\",\"target\":[\"https:\/\/www.mobilimariani.com\/fr\/clei-doc-canape-superpose\/\"]}]},{\"@type\":\"BreadcrumbList\",\"@id\":\"https:\/\/www.mobilimariani.com\/fr\/clei-doc-canape-superpose\/#breadcrumb\",\"itemListElement\":[{\"@type\":\"ListItem\",\"position\":1,\"item\":{\"@type\":\"WebPage\",\"@id\":\"https:\/\/www.mobilimariani.com\/\",\"url\":\"https:\/\/www.mobilimariani.com\/\",\"name\":\"Home\"}},{\"@type\":\"ListItem\",\"position\":2,\"item\":{\"@id\":\"https:\/\/www.mobilimariani.com\/fr\/clei-doc-canape-superpose\/#webpage\"}}]},{\"@type\":\"Article\",\"@id\":\"https:\/\/www.mobilimariani.com\/fr\/clei-doc-canape-superpose\/#article\",\"isPartOf\":{\"@id\":\"https:\/\/www.mobilimariani.com\/fr\/clei-doc-canape-superpose\/#webpage\"},\"author\":{\"@id\":\"https:\/\/www.mobilimariani.com\/#\/schema\/person\/4685d9f51269134e53f988c9122315f4\"},\"headline\":\"CLEI DOC CANAPE SUPERPOSE\",\"datePublished\":\"2015-06-18T11:58:24+00:00\",\"dateModified\":\"2017-02-10T15:44:21+00:00\",\"mainEntityOfPage\":{\"@id\":\"https:\/\/www.mobilimariani.com\/fr\/clei-doc-canape-superpose\/#webpage\"},\"publisher\":{\"@id\":\"https:\/\/www.mobilimariani.com\/#organization\"},\"image\":{\"@id\":\"https:\/\/www.mobilimariani.com\/fr\/clei-doc-canape-superpose\/#primaryimage\"},\"articleSection\":[\"Catalogue\",\"Sofa\",\"Salle jour\"],\"inLanguage\":\"fr-CH\"},{\"@type\":\"Person\",\"@id\":\"https:\/\/www.mobilimariani.com\/#\/schema\/person\/4685d9f51269134e53f988c9122315f4\",\"name\":\"14m4rC008\",\"image\":{\"@type\":\"ImageObject\",\"@id\":\"https:\/\/www.mobilimariani.com\/#personlogo\",\"inLanguage\":\"fr-CH\",\"url\":\"https:\/\/secure.gravatar.com\/avatar\/dfaa6e536fec7030712cf850e9ddef45?s=96&d=mm&r=g\",\"contentUrl\":\"https:\/\/secure.gravatar.com\/avatar\/dfaa6e536fec7030712cf850e9ddef45?s=96&d=mm&r=g\",\"caption\":\"14m4rC008\"}}]}<\/script>\n<!-- \/ Yoast SEO plugin. -->","_links":{"self":[{"href":"https:\/\/www.mobilimariani.com\/fr\/wp-json\/wp\/v2\/posts\/5055"}],"collection":[{"href":"https:\/\/www.mobilimariani.com\/fr\/wp-json\/wp\/v2\/posts"}],"about":[{"href":"https:\/\/www.mobilimariani.com\/fr\/wp-json\/wp\/v2\/types\/post"}],"author":[{"embeddable":true,"href":"https:\/\/www.mobilimariani.com\/fr\/wp-json\/wp\/v2\/users\/1"}],"replies":[{"embeddable":true,"href":"https:\/\/www.mobilimariani.com\/fr\/wp-json\/wp\/v2\/comments?post=5055"}],"version-history":[{"count":4,"href":"https:\/\/www.mobilimariani.com\/fr\/wp-json\/wp\/v2\/posts\/5055\/revisions"}],"predecessor-version":[{"id":8723,"href":"https:\/\/www.mobilimariani.com\/fr\/wp-json\/wp\/v2\/posts\/5055\/revisions\/8723"}],"wp:featuredmedia":[{"embeddable":true,"href":"https:\/\/www.mobilimariani.com\/fr\/wp-json\/wp\/v2\/media\/2142"}],"wp:attachment":[{"href":"https:\/\/www.mobilimariani.com\/fr\/wp-json\/wp\/v2\/media?parent=5055"}],"wp:term":[{"taxonomy":"category","embeddable":true,"href":"https:\/\/www.mobilimariani.com\/fr\/wp-json\/wp\/v2\/categories?post=5055"},{"taxonomy":"post_tag","embeddable":true,"href":"https:\/\/www.mobilimariani.com\/fr\/wp-json\/wp\/v2\/tags?post=5055"}],"curies":[{"name":"wp","href":"https:\/\/api.w.org\/{rel}","templated":true}]}}