{"id":4986,"date":"2015-06-17T16:56:26","date_gmt":"2015-06-17T14:56:26","guid":{"rendered":"https:\/\/www.mobilimariani.com\/?p=4986"},"modified":"2017-07-29T18:31:07","modified_gmt":"2017-07-29T16:31:07","slug":"clei-lgm-lit","status":"publish","type":"post","link":"https:\/\/www.mobilimariani.com\/fr\/clei-lgm-lit\/","title":{"rendered":"CLEI LGM LIT"},"content":{"rendered":"<p>CLEI LGM LIT<\/p>\n<p>Armoire personnalisable avec double fonction, version\u00a0jour,placard avec diff\u00e9rents \u00e9l\u00e9ments esth\u00e9tiques \/ fonctionnels;<\/p>\n<p>et version nuit,un lit toujours pr\u00eat,accompagn\u00e9 d&#8217;une\u00a0table de nuit lat\u00e9ral. Gr\u00e2ce \u00e0 son syst\u00e8me de rotation,vous pouvez choisir la version \u00e0 votre convenance.<\/p>\n<p>Pour d\u00e9couvrir la marque Clei <a href=\"https:\/\/www.mobilimariani.com\/fr\/concessionnaire-clei\/\">cliquer ici<\/a><\/p>\n<p>Vous voulez conna\u00eetre notre meilleur prix pour cet article?\u00a0<a href=\"https:\/\/www.mobilimariani.com\/fr\/contacts\/\">Cliquez ici<\/a> et envoyez-nous la demande<\/p>\n<p><strong>Pour nos clients suisses, il sera d\u00e9duit l&#8217;I.V.A. italienne \u00e0 hauteur de 22%.<\/strong><\/p>\n<p>&nbsp;<\/p>\n","protected":false},"excerpt":{"rendered":"CLEI LGM LIT Armoire personnalisable avec double fonction, version\u00a0jour,placard avec diff\u00e9rents \u00e9l\u00e9ments esth\u00e9tiques \/ fonctionnels; et version nuit,un lit toujours pr\u00eat,accompagn\u00e9 d&#8217;une\u00a0table de nuit lat\u00e9ral. Gr\u00e2ce \u00e0 son syst\u00e8me de rotation,vous pouvez choisir la version \u00e0 votre convenance. Pour d\u00e9couvrir la marque Clei cliquer ici Vous voulez conna\u00eetre notre meilleur prix pour cet article?\u00a0Cliquez ici&#8230; <a class=\"view-article\" href=\"https:\/\/www.mobilimariani.com\/fr\/clei-lgm-lit\/\">Voir l&#8217;article<\/a>","protected":false},"author":1,"featured_media":4459,"comment_status":"closed","ping_status":"closed","sticky":false,"template":"","format":"standard","meta":[],"categories":[1,6],"tags":[],"yoast_head":"<!-- This site is optimized with the Yoast SEO plugin v16.2 - https:\/\/yoast.com\/wordpress\/plugins\/seo\/ -->\n<meta name=\"description\" content=\"CLEI LGM LIT Armoire personnalisable avec double fonction, version\u00a0jour,placard avec diff\u00e9rents \u00e9l\u00e9ments esth\u00e9tiques \/ fonctionnels; et version nuit,un\" \/>\n<meta name=\"robots\" content=\"index, follow, max-snippet:-1, max-image-preview:large, max-video-preview:-1\" \/>\n<link rel=\"canonical\" href=\"https:\/\/www.mobilimariani.com\/fr\/clei-lgm-lit\/\" \/>\n<meta property=\"og:locale\" content=\"fr_FR\" \/>\n<meta property=\"og:type\" content=\"article\" \/>\n<meta property=\"og:title\" content=\"CLEI LGM LIT | Mobili Mariani\" \/>\n<meta property=\"og:description\" content=\"CLEI LGM LIT Armoire personnalisable avec double fonction, version\u00a0jour,placard avec diff\u00e9rents \u00e9l\u00e9ments esth\u00e9tiques \/ fonctionnels; et version nuit,un\" \/>\n<meta property=\"og:url\" content=\"https:\/\/www.mobilimariani.com\/fr\/clei-lgm-lit\/\" \/>\n<meta property=\"og:site_name\" content=\"Mobili Mariani\" \/>\n<meta property=\"article:published_time\" content=\"2015-06-17T14:56:26+00:00\" \/>\n<meta property=\"article:modified_time\" content=\"2017-07-29T16:31:07+00:00\" \/>\n<meta property=\"og:image\" content=\"https:\/\/www.mobilimariani.com\/wp-content\/uploads\/2014\/12\/lgm1.jpg\" \/>\n\t<meta property=\"og:image:width\" content=\"452\" \/>\n\t<meta property=\"og:image:height\" content=\"336\" \/>\n<script type=\"application\/ld+json\" class=\"yoast-schema-graph\">{\"@context\":\"https:\/\/schema.org\",\"@graph\":[{\"@type\":\"Organization\",\"@id\":\"https:\/\/www.mobilimariani.com\/#organization\",\"name\":\"Mobili Mariani\",\"url\":\"https:\/\/www.mobilimariani.com\/\",\"sameAs\":[],\"logo\":{\"@type\":\"ImageObject\",\"@id\":\"https:\/\/www.mobilimariani.com\/#logo\",\"inLanguage\":\"fr-CH\",\"url\":\"https:\/\/www.mobilimariani.com\/wp-content\/uploads\/2015\/12\/logo.png\",\"contentUrl\":\"https:\/\/www.mobilimariani.com\/wp-content\/uploads\/2015\/12\/logo.png\",\"width\":160,\"height\":110,\"caption\":\"Mobili Mariani\"},\"image\":{\"@id\":\"https:\/\/www.mobilimariani.com\/#logo\"}},{\"@type\":\"WebSite\",\"@id\":\"https:\/\/www.mobilimariani.com\/#website\",\"url\":\"https:\/\/www.mobilimariani.com\/\",\"name\":\"Mobili Mariani\",\"description\":\"Mobili Italia Svizzera\",\"publisher\":{\"@id\":\"https:\/\/www.mobilimariani.com\/#organization\"},\"potentialAction\":[{\"@type\":\"SearchAction\",\"target\":\"https:\/\/www.mobilimariani.com\/?s={search_term_string}\",\"query-input\":\"required name=search_term_string\"}],\"inLanguage\":\"fr-CH\"},{\"@type\":\"ImageObject\",\"@id\":\"https:\/\/www.mobilimariani.com\/fr\/clei-lgm-lit\/#primaryimage\",\"inLanguage\":\"fr-CH\",\"url\":\"https:\/\/www.mobilimariani.com\/wp-content\/uploads\/2014\/12\/lgm1.jpg\",\"contentUrl\":\"https:\/\/www.mobilimariani.com\/wp-content\/uploads\/2014\/12\/lgm1.jpg\",\"width\":452,\"height\":336,\"caption\":\"CLEI LGM LETTO\"},{\"@type\":\"WebPage\",\"@id\":\"https:\/\/www.mobilimariani.com\/fr\/clei-lgm-lit\/#webpage\",\"url\":\"https:\/\/www.mobilimariani.com\/fr\/clei-lgm-lit\/\",\"name\":\"CLEI LGM LIT | Mobili Mariani\",\"isPartOf\":{\"@id\":\"https:\/\/www.mobilimariani.com\/#website\"},\"primaryImageOfPage\":{\"@id\":\"https:\/\/www.mobilimariani.com\/fr\/clei-lgm-lit\/#primaryimage\"},\"datePublished\":\"2015-06-17T14:56:26+00:00\",\"dateModified\":\"2017-07-29T16:31:07+00:00\",\"description\":\"CLEI LGM LIT Armoire personnalisable avec double fonction, version\\u00a0jour,placard avec diff\\u00e9rents \\u00e9l\\u00e9ments esth\\u00e9tiques \/ fonctionnels; et version nuit,un\",\"breadcrumb\":{\"@id\":\"https:\/\/www.mobilimariani.com\/fr\/clei-lgm-lit\/#breadcrumb\"},\"inLanguage\":\"fr-CH\",\"potentialAction\":[{\"@type\":\"ReadAction\",\"target\":[\"https:\/\/www.mobilimariani.com\/fr\/clei-lgm-lit\/\"]}]},{\"@type\":\"BreadcrumbList\",\"@id\":\"https:\/\/www.mobilimariani.com\/fr\/clei-lgm-lit\/#breadcrumb\",\"itemListElement\":[{\"@type\":\"ListItem\",\"position\":1,\"item\":{\"@type\":\"WebPage\",\"@id\":\"https:\/\/www.mobilimariani.com\/\",\"url\":\"https:\/\/www.mobilimariani.com\/\",\"name\":\"Home\"}},{\"@type\":\"ListItem\",\"position\":2,\"item\":{\"@id\":\"https:\/\/www.mobilimariani.com\/fr\/clei-lgm-lit\/#webpage\"}}]},{\"@type\":\"Article\",\"@id\":\"https:\/\/www.mobilimariani.com\/fr\/clei-lgm-lit\/#article\",\"isPartOf\":{\"@id\":\"https:\/\/www.mobilimariani.com\/fr\/clei-lgm-lit\/#webpage\"},\"author\":{\"@id\":\"https:\/\/www.mobilimariani.com\/#\/schema\/person\/4685d9f51269134e53f988c9122315f4\"},\"headline\":\"CLEI LGM LIT\",\"datePublished\":\"2015-06-17T14:56:26+00:00\",\"dateModified\":\"2017-07-29T16:31:07+00:00\",\"mainEntityOfPage\":{\"@id\":\"https:\/\/www.mobilimariani.com\/fr\/clei-lgm-lit\/#webpage\"},\"publisher\":{\"@id\":\"https:\/\/www.mobilimariani.com\/#organization\"},\"image\":{\"@id\":\"https:\/\/www.mobilimariani.com\/fr\/clei-lgm-lit\/#primaryimage\"},\"articleSection\":[\"Catalogue\",\"Salle jour\"],\"inLanguage\":\"fr-CH\"},{\"@type\":\"Person\",\"@id\":\"https:\/\/www.mobilimariani.com\/#\/schema\/person\/4685d9f51269134e53f988c9122315f4\",\"name\":\"14m4rC008\",\"image\":{\"@type\":\"ImageObject\",\"@id\":\"https:\/\/www.mobilimariani.com\/#personlogo\",\"inLanguage\":\"fr-CH\",\"url\":\"https:\/\/secure.gravatar.com\/avatar\/dfaa6e536fec7030712cf850e9ddef45?s=96&d=mm&r=g\",\"contentUrl\":\"https:\/\/secure.gravatar.com\/avatar\/dfaa6e536fec7030712cf850e9ddef45?s=96&d=mm&r=g\",\"caption\":\"14m4rC008\"}}]}<\/script>\n<!-- \/ Yoast SEO plugin. -->","_links":{"self":[{"href":"https:\/\/www.mobilimariani.com\/fr\/wp-json\/wp\/v2\/posts\/4986"}],"collection":[{"href":"https:\/\/www.mobilimariani.com\/fr\/wp-json\/wp\/v2\/posts"}],"about":[{"href":"https:\/\/www.mobilimariani.com\/fr\/wp-json\/wp\/v2\/types\/post"}],"author":[{"embeddable":true,"href":"https:\/\/www.mobilimariani.com\/fr\/wp-json\/wp\/v2\/users\/1"}],"replies":[{"embeddable":true,"href":"https:\/\/www.mobilimariani.com\/fr\/wp-json\/wp\/v2\/comments?post=4986"}],"version-history":[{"count":4,"href":"https:\/\/www.mobilimariani.com\/fr\/wp-json\/wp\/v2\/posts\/4986\/revisions"}],"predecessor-version":[{"id":8725,"href":"https:\/\/www.mobilimariani.com\/fr\/wp-json\/wp\/v2\/posts\/4986\/revisions\/8725"}],"wp:featuredmedia":[{"embeddable":true,"href":"https:\/\/www.mobilimariani.com\/fr\/wp-json\/wp\/v2\/media\/4459"}],"wp:attachment":[{"href":"https:\/\/www.mobilimariani.com\/fr\/wp-json\/wp\/v2\/media?parent=4986"}],"wp:term":[{"taxonomy":"category","embeddable":true,"href":"https:\/\/www.mobilimariani.com\/fr\/wp-json\/wp\/v2\/categories?post=4986"},{"taxonomy":"post_tag","embeddable":true,"href":"https:\/\/www.mobilimariani.com\/fr\/wp-json\/wp\/v2\/tags?post=4986"}],"curies":[{"name":"wp","href":"https:\/\/api.w.org\/{rel}","templated":true}]}}