{"id":4971,"date":"2017-01-20T11:53:58","date_gmt":"2017-01-20T10:53:58","guid":{"rendered":"https:\/\/www.mobilimariani.com\/?p=4971"},"modified":"2017-07-30T18:19:27","modified_gmt":"2017-07-30T16:19:27","slug":"de-rosso-lits-simples","status":"publish","type":"post","link":"https:\/\/www.mobilimariani.com\/fr\/de-rosso-lits-simples\/","title":{"rendered":"DE ROSSO LITS SIMPLES"},"content":{"rendered":"<p>DE ROSSO LITS SIMPLES<\/p>\n<p>Avec un large choix de tissus\u00a0et pas seulement<\/p>\n<p>Modeles:<\/p>\n<p>Mod\u00e8le JAZZ\u00a0avec lattes int\u00e9gr\u00e9es doubl\u00e9s en tissu ou en cuir. Disponible dans les tailles \u00a099\/129\/149\/169\/179cm. de largeur. T\u00eate de lit \u00a072x5cm. sp. Pieds \u00a0cm. 23. Aussi disponible sans t\u00eate.<\/p>\n<p>Mod\u00e8le QUADRAT\u00a0doubl\u00e9 en\u00a0tissu ou en cuir,d\u00e9houssable. Livr\u00e9 avec ou sans\u00a0panneau d&#8217;appui. Disponible dans les tailles cm. 97\/127\/147\/167\/177 de largeur. T\u00eate h. cm. 78&#215;7 sp. Pieds\u00a0tractions\u00a0cm.6. Aussi disponible sans t\u00eate de lit.<\/p>\n<p>Mod\u00e8le SILVER doubl\u00e9 en tissu ou en cuir. Livr\u00e9 avec ou sans panneau d&#8217;appui. Disponible dans les tailles cm. 97\/127\/147\/167\/177 de largeur. T\u00eate de lit \u00a078 ou 88x5cm. sp. Pieds\u00a0tractions \u00a025 cm. dans la version lit. Disponible en canap\u00e9-lit avec deuxi\u00e8me lit.<\/p>\n<p>Pour d\u00e9couvrir la marque De Rosso, <a href=\"https:\/\/www.mobilimariani.com\/fr\/concessionnaire-de-rosso\/\">cliquez ici<\/a><\/p>\n<p>Vous voulez conna\u00eetre notre meilleur prix pour cet article?\u00a0<a href=\"https:\/\/www.mobilimariani.com\/fr\/contacts\/\">Cliquez ici <\/a>et envoyez-nous la demande<\/p>\n<p><strong>Pour nos clients suisses, il sera d\u00e9duit l&#8217;I.V.A. italienne \u00e0 hauteur de 22%.<\/strong><\/p>\n","protected":false},"excerpt":{"rendered":"DE ROSSO LITS SIMPLES Avec un large choix de tissus\u00a0et pas seulement Modeles: Mod\u00e8le JAZZ\u00a0avec lattes int\u00e9gr\u00e9es doubl\u00e9s en tissu ou en cuir. Disponible dans les tailles \u00a099\/129\/149\/169\/179cm. de largeur. T\u00eate de lit \u00a072x5cm. sp. Pieds \u00a0cm. 23. Aussi disponible sans t\u00eate. Mod\u00e8le QUADRAT\u00a0doubl\u00e9 en\u00a0tissu ou en cuir,d\u00e9houssable. Livr\u00e9 avec ou sans\u00a0panneau d&#8217;appui. Disponible dans&#8230; <a class=\"view-article\" href=\"https:\/\/www.mobilimariani.com\/fr\/de-rosso-lits-simples\/\">Voir l&#8217;article<\/a>","protected":false},"author":1,"featured_media":4305,"comment_status":"closed","ping_status":"closed","sticky":false,"template":"","format":"standard","meta":[],"categories":[36,1,5],"tags":[],"yoast_head":"<!-- This site is optimized with the Yoast SEO plugin v16.2 - https:\/\/yoast.com\/wordpress\/plugins\/seo\/ -->\n<meta name=\"description\" content=\"De Rosso letti Jazz, Quadrat, Silver con rivestimento sfoderabile. Grazie all&#039;ampia scelta di tessuti si adattano agli adulti od ai ragazzi.\" \/>\n<meta name=\"robots\" content=\"index, follow, max-snippet:-1, max-image-preview:large, max-video-preview:-1\" \/>\n<link rel=\"canonical\" href=\"https:\/\/www.mobilimariani.com\/fr\/de-rosso-lits-simples\/\" \/>\n<meta property=\"og:locale\" content=\"fr_FR\" \/>\n<meta property=\"og:type\" content=\"article\" \/>\n<meta property=\"og:title\" content=\"DE ROSSO LITS SIMPLES | Mobili Mariani\" \/>\n<meta property=\"og:description\" content=\"De Rosso letti Jazz, Quadrat, Silver con rivestimento sfoderabile. Grazie all&#039;ampia scelta di tessuti si adattano agli adulti od ai ragazzi.\" \/>\n<meta property=\"og:url\" content=\"https:\/\/www.mobilimariani.com\/fr\/de-rosso-lits-simples\/\" \/>\n<meta property=\"og:site_name\" content=\"Mobili Mariani\" \/>\n<meta property=\"article:published_time\" content=\"2017-01-20T10:53:58+00:00\" \/>\n<meta property=\"article:modified_time\" content=\"2017-07-30T16:19:27+00:00\" \/>\n<meta property=\"og:image\" content=\"https:\/\/www.mobilimariani.com\/wp-content\/uploads\/2015\/02\/25.02-letto-11.jpg\" \/>\n\t<meta property=\"og:image:width\" content=\"550\" \/>\n\t<meta property=\"og:image:height\" content=\"269\" \/>\n<meta name=\"twitter:label1\" content=\"Est. reading time\">\n\t<meta name=\"twitter:data1\" content=\"1 minute\">\n<script type=\"application\/ld+json\" class=\"yoast-schema-graph\">{\"@context\":\"https:\/\/schema.org\",\"@graph\":[{\"@type\":\"Organization\",\"@id\":\"https:\/\/www.mobilimariani.com\/#organization\",\"name\":\"Mobili Mariani\",\"url\":\"https:\/\/www.mobilimariani.com\/\",\"sameAs\":[],\"logo\":{\"@type\":\"ImageObject\",\"@id\":\"https:\/\/www.mobilimariani.com\/#logo\",\"inLanguage\":\"fr-CH\",\"url\":\"https:\/\/www.mobilimariani.com\/wp-content\/uploads\/2015\/12\/logo.png\",\"contentUrl\":\"https:\/\/www.mobilimariani.com\/wp-content\/uploads\/2015\/12\/logo.png\",\"width\":160,\"height\":110,\"caption\":\"Mobili Mariani\"},\"image\":{\"@id\":\"https:\/\/www.mobilimariani.com\/#logo\"}},{\"@type\":\"WebSite\",\"@id\":\"https:\/\/www.mobilimariani.com\/#website\",\"url\":\"https:\/\/www.mobilimariani.com\/\",\"name\":\"Mobili Mariani\",\"description\":\"Mobili Italia Svizzera\",\"publisher\":{\"@id\":\"https:\/\/www.mobilimariani.com\/#organization\"},\"potentialAction\":[{\"@type\":\"SearchAction\",\"target\":\"https:\/\/www.mobilimariani.com\/?s={search_term_string}\",\"query-input\":\"required name=search_term_string\"}],\"inLanguage\":\"fr-CH\"},{\"@type\":\"ImageObject\",\"@id\":\"https:\/\/www.mobilimariani.com\/fr\/de-rosso-lits-simples\/#primaryimage\",\"inLanguage\":\"fr-CH\",\"url\":\"https:\/\/www.mobilimariani.com\/wp-content\/uploads\/2015\/02\/25.02-letto-11.jpg\",\"contentUrl\":\"https:\/\/www.mobilimariani.com\/wp-content\/uploads\/2015\/02\/25.02-letto-11.jpg\",\"width\":550,\"height\":269,\"caption\":\"DE ROSSO LETTI JAZZ, QUADRAT, SILVER\"},{\"@type\":\"WebPage\",\"@id\":\"https:\/\/www.mobilimariani.com\/fr\/de-rosso-lits-simples\/#webpage\",\"url\":\"https:\/\/www.mobilimariani.com\/fr\/de-rosso-lits-simples\/\",\"name\":\"DE ROSSO LITS SIMPLES | Mobili Mariani\",\"isPartOf\":{\"@id\":\"https:\/\/www.mobilimariani.com\/#website\"},\"primaryImageOfPage\":{\"@id\":\"https:\/\/www.mobilimariani.com\/fr\/de-rosso-lits-simples\/#primaryimage\"},\"datePublished\":\"2017-01-20T10:53:58+00:00\",\"dateModified\":\"2017-07-30T16:19:27+00:00\",\"description\":\"De Rosso letti Jazz, Quadrat, Silver con rivestimento sfoderabile. Grazie all'ampia scelta di tessuti si adattano agli adulti od ai ragazzi.\",\"breadcrumb\":{\"@id\":\"https:\/\/www.mobilimariani.com\/fr\/de-rosso-lits-simples\/#breadcrumb\"},\"inLanguage\":\"fr-CH\",\"potentialAction\":[{\"@type\":\"ReadAction\",\"target\":[\"https:\/\/www.mobilimariani.com\/fr\/de-rosso-lits-simples\/\"]}]},{\"@type\":\"BreadcrumbList\",\"@id\":\"https:\/\/www.mobilimariani.com\/fr\/de-rosso-lits-simples\/#breadcrumb\",\"itemListElement\":[{\"@type\":\"ListItem\",\"position\":1,\"item\":{\"@type\":\"WebPage\",\"@id\":\"https:\/\/www.mobilimariani.com\/\",\"url\":\"https:\/\/www.mobilimariani.com\/\",\"name\":\"Home\"}},{\"@type\":\"ListItem\",\"position\":2,\"item\":{\"@id\":\"https:\/\/www.mobilimariani.com\/fr\/de-rosso-lits-simples\/#webpage\"}}]},{\"@type\":\"Article\",\"@id\":\"https:\/\/www.mobilimariani.com\/fr\/de-rosso-lits-simples\/#article\",\"isPartOf\":{\"@id\":\"https:\/\/www.mobilimariani.com\/fr\/de-rosso-lits-simples\/#webpage\"},\"author\":{\"@id\":\"https:\/\/www.mobilimariani.com\/#\/schema\/person\/4685d9f51269134e53f988c9122315f4\"},\"headline\":\"DE ROSSO LITS SIMPLES\",\"datePublished\":\"2017-01-20T10:53:58+00:00\",\"dateModified\":\"2017-07-30T16:19:27+00:00\",\"mainEntityOfPage\":{\"@id\":\"https:\/\/www.mobilimariani.com\/fr\/de-rosso-lits-simples\/#webpage\"},\"publisher\":{\"@id\":\"https:\/\/www.mobilimariani.com\/#organization\"},\"image\":{\"@id\":\"https:\/\/www.mobilimariani.com\/fr\/de-rosso-lits-simples\/#primaryimage\"},\"articleSection\":[\"Chambres d&rsquo;enfants\",\"Catalogue\",\"Lits\"],\"inLanguage\":\"fr-CH\"},{\"@type\":\"Person\",\"@id\":\"https:\/\/www.mobilimariani.com\/#\/schema\/person\/4685d9f51269134e53f988c9122315f4\",\"name\":\"14m4rC008\",\"image\":{\"@type\":\"ImageObject\",\"@id\":\"https:\/\/www.mobilimariani.com\/#personlogo\",\"inLanguage\":\"fr-CH\",\"url\":\"https:\/\/secure.gravatar.com\/avatar\/dfaa6e536fec7030712cf850e9ddef45?s=96&d=mm&r=g\",\"contentUrl\":\"https:\/\/secure.gravatar.com\/avatar\/dfaa6e536fec7030712cf850e9ddef45?s=96&d=mm&r=g\",\"caption\":\"14m4rC008\"}}]}<\/script>\n<!-- \/ Yoast SEO plugin. -->","_links":{"self":[{"href":"https:\/\/www.mobilimariani.com\/fr\/wp-json\/wp\/v2\/posts\/4971"}],"collection":[{"href":"https:\/\/www.mobilimariani.com\/fr\/wp-json\/wp\/v2\/posts"}],"about":[{"href":"https:\/\/www.mobilimariani.com\/fr\/wp-json\/wp\/v2\/types\/post"}],"author":[{"embeddable":true,"href":"https:\/\/www.mobilimariani.com\/fr\/wp-json\/wp\/v2\/users\/1"}],"replies":[{"embeddable":true,"href":"https:\/\/www.mobilimariani.com\/fr\/wp-json\/wp\/v2\/comments?post=4971"}],"version-history":[{"count":4,"href":"https:\/\/www.mobilimariani.com\/fr\/wp-json\/wp\/v2\/posts\/4971\/revisions"}],"predecessor-version":[{"id":16992,"href":"https:\/\/www.mobilimariani.com\/fr\/wp-json\/wp\/v2\/posts\/4971\/revisions\/16992"}],"wp:featuredmedia":[{"embeddable":true,"href":"https:\/\/www.mobilimariani.com\/fr\/wp-json\/wp\/v2\/media\/4305"}],"wp:attachment":[{"href":"https:\/\/www.mobilimariani.com\/fr\/wp-json\/wp\/v2\/media?parent=4971"}],"wp:term":[{"taxonomy":"category","embeddable":true,"href":"https:\/\/www.mobilimariani.com\/fr\/wp-json\/wp\/v2\/categories?post=4971"},{"taxonomy":"post_tag","embeddable":true,"href":"https:\/\/www.mobilimariani.com\/fr\/wp-json\/wp\/v2\/tags?post=4971"}],"curies":[{"name":"wp","href":"https:\/\/api.w.org\/{rel}","templated":true}]}}