{"id":4867,"date":"2017-01-20T14:50:46","date_gmt":"2017-01-20T13:50:46","guid":{"rendered":"https:\/\/www.mobilimariani.com\/?p=4867"},"modified":"2017-07-30T18:21:19","modified_gmt":"2017-07-30T16:21:19","slug":"de-rosso-alfabeto-nuit","status":"publish","type":"post","link":"https:\/\/www.mobilimariani.com\/fr\/de-rosso-alfabeto-nuit\/","title":{"rendered":"DE ROSSO ALFABETO NUIT"},"content":{"rendered":"<p>DE ROSSO ALFABETO NUIT<\/p>\n<p>Alfabeto \u00e9limine les probl\u00e8mes de formes et tailles qui se produisent souvent dans l&#8217;environnement domestique. Rend les\u00a0espaces difficiles ,utilisables en utilisant des\u00a0normes standard et, si n\u00e9cessaire, des modifications\u00a0sur mesure.<\/p>\n<p>Le potentiel cr\u00e9atif est pratiquement illimit\u00e9e,avec projets ayant des caract\u00e9ristiques sp\u00e9cifiques de taille, et avec des r\u00e9sultats esth\u00e9tiques toujours aux standards De Rosso.<\/p>\n<p>Pour d\u00e9couvrir la marque De Rosso,<a href=\"https:\/\/www.mobilimariani.com\/fr\/concessionnaire-de-rosso\/\"> cliquez ici<\/a><\/p>\n<p>Vous voulez conna\u00eetre notre meilleur prix pour cet article?\u00a0<a href=\"https:\/\/www.mobilimariani.com\/fr\/contacts\/\">Cliquez ici <\/a>et envoyez-nous la demande<\/p>\n<p><strong>Pour nos clients suisses, il sera d\u00e9duit l&#8217;I.V.A. italienne \u00e0 hauteur de 22%.<\/strong><\/p>\n<p>&nbsp;<\/p>\n","protected":false},"excerpt":{"rendered":"DE ROSSO ALFABETO NUIT Alfabeto \u00e9limine les probl\u00e8mes de formes et tailles qui se produisent souvent dans l&#8217;environnement domestique. Rend les\u00a0espaces difficiles ,utilisables en utilisant des\u00a0normes standard et, si n\u00e9cessaire, des modifications\u00a0sur mesure. Le potentiel cr\u00e9atif est pratiquement illimit\u00e9e,avec projets ayant des caract\u00e9ristiques sp\u00e9cifiques de taille, et avec des r\u00e9sultats esth\u00e9tiques toujours aux standards De&#8230; <a class=\"view-article\" href=\"https:\/\/www.mobilimariani.com\/fr\/de-rosso-alfabeto-nuit\/\">Voir l&#8217;article<\/a>","protected":false},"author":1,"featured_media":4080,"comment_status":"closed","ping_status":"closed","sticky":false,"template":"","format":"standard","meta":[],"categories":[3,36,1,2],"tags":[1180],"yoast_head":"<!-- This site is optimized with the Yoast SEO plugin v16.2 - https:\/\/yoast.com\/wordpress\/plugins\/seo\/ -->\n<meta name=\"description\" content=\"DE ROSSO ALFABETO NUIT Alfabeto \u00e9limine les probl\u00e8mes de formes et tailles qui se produisent souvent dans l&#039;environnement domestique. Rend les\u00a0espaces\" \/>\n<meta name=\"robots\" content=\"index, follow, max-snippet:-1, max-image-preview:large, max-video-preview:-1\" \/>\n<link rel=\"canonical\" href=\"https:\/\/www.mobilimariani.com\/fr\/de-rosso-alfabeto-nuit\/\" \/>\n<meta property=\"og:locale\" content=\"fr_FR\" \/>\n<meta property=\"og:type\" content=\"article\" \/>\n<meta property=\"og:title\" content=\"DE ROSSO ALFABETO NUIT | Mobili Mariani\" \/>\n<meta property=\"og:description\" content=\"DE ROSSO ALFABETO NUIT Alfabeto \u00e9limine les probl\u00e8mes de formes et tailles qui se produisent souvent dans l&#039;environnement domestique. Rend les\u00a0espaces\" \/>\n<meta property=\"og:url\" content=\"https:\/\/www.mobilimariani.com\/fr\/de-rosso-alfabeto-nuit\/\" \/>\n<meta property=\"og:site_name\" content=\"Mobili Mariani\" \/>\n<meta property=\"article:published_time\" content=\"2017-01-20T13:50:46+00:00\" \/>\n<meta property=\"article:modified_time\" content=\"2017-07-30T16:21:19+00:00\" \/>\n<meta property=\"og:image\" content=\"https:\/\/www.mobilimariani.com\/wp-content\/uploads\/2015\/01\/100.jpg\" \/>\n\t<meta property=\"og:image:width\" content=\"417\" \/>\n\t<meta property=\"og:image:height\" content=\"464\" \/>\n<meta name=\"twitter:label1\" content=\"Est. reading time\">\n\t<meta name=\"twitter:data1\" content=\"1 minute\">\n<script type=\"application\/ld+json\" class=\"yoast-schema-graph\">{\"@context\":\"https:\/\/schema.org\",\"@graph\":[{\"@type\":\"Organization\",\"@id\":\"https:\/\/www.mobilimariani.com\/#organization\",\"name\":\"Mobili Mariani\",\"url\":\"https:\/\/www.mobilimariani.com\/\",\"sameAs\":[],\"logo\":{\"@type\":\"ImageObject\",\"@id\":\"https:\/\/www.mobilimariani.com\/#logo\",\"inLanguage\":\"fr-CH\",\"url\":\"https:\/\/www.mobilimariani.com\/wp-content\/uploads\/2015\/12\/logo.png\",\"contentUrl\":\"https:\/\/www.mobilimariani.com\/wp-content\/uploads\/2015\/12\/logo.png\",\"width\":160,\"height\":110,\"caption\":\"Mobili Mariani\"},\"image\":{\"@id\":\"https:\/\/www.mobilimariani.com\/#logo\"}},{\"@type\":\"WebSite\",\"@id\":\"https:\/\/www.mobilimariani.com\/#website\",\"url\":\"https:\/\/www.mobilimariani.com\/\",\"name\":\"Mobili Mariani\",\"description\":\"Mobili Italia Svizzera\",\"publisher\":{\"@id\":\"https:\/\/www.mobilimariani.com\/#organization\"},\"potentialAction\":[{\"@type\":\"SearchAction\",\"target\":\"https:\/\/www.mobilimariani.com\/?s={search_term_string}\",\"query-input\":\"required name=search_term_string\"}],\"inLanguage\":\"fr-CH\"},{\"@type\":\"ImageObject\",\"@id\":\"https:\/\/www.mobilimariani.com\/fr\/de-rosso-alfabeto-nuit\/#primaryimage\",\"inLanguage\":\"fr-CH\",\"url\":\"https:\/\/www.mobilimariani.com\/wp-content\/uploads\/2015\/01\/100.jpg\",\"contentUrl\":\"https:\/\/www.mobilimariani.com\/wp-content\/uploads\/2015\/01\/100.jpg\",\"width\":417,\"height\":464,\"caption\":\"DE ROSSO ALFABETO NOTTE\"},{\"@type\":\"WebPage\",\"@id\":\"https:\/\/www.mobilimariani.com\/fr\/de-rosso-alfabeto-nuit\/#webpage\",\"url\":\"https:\/\/www.mobilimariani.com\/fr\/de-rosso-alfabeto-nuit\/\",\"name\":\"DE ROSSO ALFABETO NUIT | Mobili Mariani\",\"isPartOf\":{\"@id\":\"https:\/\/www.mobilimariani.com\/#website\"},\"primaryImageOfPage\":{\"@id\":\"https:\/\/www.mobilimariani.com\/fr\/de-rosso-alfabeto-nuit\/#primaryimage\"},\"datePublished\":\"2017-01-20T13:50:46+00:00\",\"dateModified\":\"2017-07-30T16:21:19+00:00\",\"description\":\"DE ROSSO ALFABETO NUIT Alfabeto \\u00e9limine les probl\\u00e8mes de formes et tailles qui se produisent souvent dans l'environnement domestique. Rend les\\u00a0espaces\",\"breadcrumb\":{\"@id\":\"https:\/\/www.mobilimariani.com\/fr\/de-rosso-alfabeto-nuit\/#breadcrumb\"},\"inLanguage\":\"fr-CH\",\"potentialAction\":[{\"@type\":\"ReadAction\",\"target\":[\"https:\/\/www.mobilimariani.com\/fr\/de-rosso-alfabeto-nuit\/\"]}]},{\"@type\":\"BreadcrumbList\",\"@id\":\"https:\/\/www.mobilimariani.com\/fr\/de-rosso-alfabeto-nuit\/#breadcrumb\",\"itemListElement\":[{\"@type\":\"ListItem\",\"position\":1,\"item\":{\"@type\":\"WebPage\",\"@id\":\"https:\/\/www.mobilimariani.com\/\",\"url\":\"https:\/\/www.mobilimariani.com\/\",\"name\":\"Home\"}},{\"@type\":\"ListItem\",\"position\":2,\"item\":{\"@id\":\"https:\/\/www.mobilimariani.com\/fr\/de-rosso-alfabeto-nuit\/#webpage\"}}]},{\"@type\":\"Article\",\"@id\":\"https:\/\/www.mobilimariani.com\/fr\/de-rosso-alfabeto-nuit\/#article\",\"isPartOf\":{\"@id\":\"https:\/\/www.mobilimariani.com\/fr\/de-rosso-alfabeto-nuit\/#webpage\"},\"author\":{\"@id\":\"https:\/\/www.mobilimariani.com\/#\/schema\/person\/4685d9f51269134e53f988c9122315f4\"},\"headline\":\"DE ROSSO ALFABETO NUIT\",\"datePublished\":\"2017-01-20T13:50:46+00:00\",\"dateModified\":\"2017-07-30T16:21:19+00:00\",\"mainEntityOfPage\":{\"@id\":\"https:\/\/www.mobilimariani.com\/fr\/de-rosso-alfabeto-nuit\/#webpage\"},\"publisher\":{\"@id\":\"https:\/\/www.mobilimariani.com\/#organization\"},\"image\":{\"@id\":\"https:\/\/www.mobilimariani.com\/fr\/de-rosso-alfabeto-nuit\/#primaryimage\"},\"keywords\":[\"DE ROSSO\"],\"articleSection\":[\"Armoires\",\"Chambres d&rsquo;enfants\",\"Catalogue\",\"Zone nuit\"],\"inLanguage\":\"fr-CH\"},{\"@type\":\"Person\",\"@id\":\"https:\/\/www.mobilimariani.com\/#\/schema\/person\/4685d9f51269134e53f988c9122315f4\",\"name\":\"14m4rC008\",\"image\":{\"@type\":\"ImageObject\",\"@id\":\"https:\/\/www.mobilimariani.com\/#personlogo\",\"inLanguage\":\"fr-CH\",\"url\":\"https:\/\/secure.gravatar.com\/avatar\/dfaa6e536fec7030712cf850e9ddef45?s=96&d=mm&r=g\",\"contentUrl\":\"https:\/\/secure.gravatar.com\/avatar\/dfaa6e536fec7030712cf850e9ddef45?s=96&d=mm&r=g\",\"caption\":\"14m4rC008\"}}]}<\/script>\n<!-- \/ Yoast SEO plugin. -->","_links":{"self":[{"href":"https:\/\/www.mobilimariani.com\/fr\/wp-json\/wp\/v2\/posts\/4867"}],"collection":[{"href":"https:\/\/www.mobilimariani.com\/fr\/wp-json\/wp\/v2\/posts"}],"about":[{"href":"https:\/\/www.mobilimariani.com\/fr\/wp-json\/wp\/v2\/types\/post"}],"author":[{"embeddable":true,"href":"https:\/\/www.mobilimariani.com\/fr\/wp-json\/wp\/v2\/users\/1"}],"replies":[{"embeddable":true,"href":"https:\/\/www.mobilimariani.com\/fr\/wp-json\/wp\/v2\/comments?post=4867"}],"version-history":[{"count":4,"href":"https:\/\/www.mobilimariani.com\/fr\/wp-json\/wp\/v2\/posts\/4867\/revisions"}],"predecessor-version":[{"id":9807,"href":"https:\/\/www.mobilimariani.com\/fr\/wp-json\/wp\/v2\/posts\/4867\/revisions\/9807"}],"wp:featuredmedia":[{"embeddable":true,"href":"https:\/\/www.mobilimariani.com\/fr\/wp-json\/wp\/v2\/media\/4080"}],"wp:attachment":[{"href":"https:\/\/www.mobilimariani.com\/fr\/wp-json\/wp\/v2\/media?parent=4867"}],"wp:term":[{"taxonomy":"category","embeddable":true,"href":"https:\/\/www.mobilimariani.com\/fr\/wp-json\/wp\/v2\/categories?post=4867"},{"taxonomy":"post_tag","embeddable":true,"href":"https:\/\/www.mobilimariani.com\/fr\/wp-json\/wp\/v2\/tags?post=4867"}],"curies":[{"name":"wp","href":"https:\/\/api.w.org\/{rel}","templated":true}]}}