{"id":4857,"date":"2020-09-15T16:51:11","date_gmt":"2020-09-15T14:51:11","guid":{"rendered":"https:\/\/www.mobilimariani.com\/?p=4857"},"modified":"2020-10-04T19:19:36","modified_gmt":"2020-10-04T17:19:36","slug":"de-rosso-alfabox-2","status":"publish","type":"post","link":"https:\/\/www.mobilimariani.com\/fr\/de-rosso-alfabox\/","title":{"rendered":"DE ROSSO ALFABOX"},"content":{"rendered":"<p>DE ROSSO ALFABOX<\/p>\n<p>Vedettes mobilier original et cr\u00e9atif, sont d\u00e9cor\u00e9es et personnalis\u00e9es au plus haut niveau.<\/p>\n<p>Les placards Alfabox sont tres personalisable peuvent \u00eatre<em>\u00a0<\/em>sur pieds ou roues, ou fix\u00e9 au mur.<\/p>\n<p>Pour d\u00e9couvrir la marque De Rosso, <a href=\"https:\/\/www.mobilimariani.com\/fr\/concessionnaire-de-rosso\/\">cliquez ici<\/a><\/p>\n<p>Pour d\u00e9couvrir le catalogue de toutes nos placards\u00a0<a href=\"https:\/\/www.mobilimariani.com\/fr\/catalogue\/surface\/croyances\/\">cliquez ici<\/a><\/p>\n<p>Vous voulez conna\u00eetre notre meilleur prix pour cet article?\u00a0<a href=\"https:\/\/www.mobilimariani.com\/fr\/contacts\/\">Cliquez ici<\/a> et envoyez-nous la demande<\/p>\n<p>Pour nos clients suisses, il sera d\u00e9duit l\u2019I.V.A. italienne<\/p>\n<p>Signale le lieu de livraison et si le montage est n\u00e9c\u00e9ssaire.<\/p>\n<p>Nous livrons dans toute l\u2019Europe et o\u00f9 que tu sois<\/p>\n<p><strong>\u00a0<\/strong><\/p>\n","protected":false},"excerpt":{"rendered":"DE ROSSO ALFABOX Vedettes mobilier original et cr\u00e9atif, sont d\u00e9cor\u00e9es et personnalis\u00e9es au plus haut niveau. Les placards Alfabox sont tres personalisable peuvent \u00eatre\u00a0sur pieds ou roues, ou fix\u00e9 au mur. Pour d\u00e9couvrir la marque De Rosso, cliquez ici Pour d\u00e9couvrir le catalogue de toutes nos placards\u00a0cliquez ici Vous voulez conna\u00eetre notre meilleur prix pour&#8230; <a class=\"view-article\" href=\"https:\/\/www.mobilimariani.com\/fr\/de-rosso-alfabox\/\">Voir l&#8217;article<\/a>","protected":false},"author":1,"featured_media":4193,"comment_status":"closed","ping_status":"closed","sticky":false,"template":"","format":"standard","meta":[],"categories":[18,1,9,6],"tags":[1180],"yoast_head":"<!-- This site is optimized with the Yoast SEO plugin v16.2 - https:\/\/yoast.com\/wordpress\/plugins\/seo\/ -->\n<meta name=\"description\" content=\"DE ROSSO ALFABOX Vedettes mobilier original et cr\u00e9atif, sont d\u00e9cor\u00e9es et personnalis\u00e9es au plus haut niveau. Les placards Alfabox sont tres personalisable\" \/>\n<meta name=\"robots\" content=\"index, follow, max-snippet:-1, max-image-preview:large, max-video-preview:-1\" \/>\n<link rel=\"canonical\" href=\"https:\/\/www.mobilimariani.com\/fr\/de-rosso-alfabox\/\" \/>\n<meta property=\"og:locale\" content=\"fr_FR\" \/>\n<meta property=\"og:type\" content=\"article\" \/>\n<meta property=\"og:title\" content=\"DE ROSSO ALFABOX | Mobili Mariani\" \/>\n<meta property=\"og:description\" content=\"DE ROSSO ALFABOX Vedettes mobilier original et cr\u00e9atif, sont d\u00e9cor\u00e9es et personnalis\u00e9es au plus haut niveau. Les placards Alfabox sont tres personalisable\" \/>\n<meta property=\"og:url\" content=\"https:\/\/www.mobilimariani.com\/fr\/de-rosso-alfabox\/\" \/>\n<meta property=\"og:site_name\" content=\"Mobili Mariani\" \/>\n<meta property=\"article:published_time\" content=\"2020-09-15T14:51:11+00:00\" \/>\n<meta property=\"article:modified_time\" content=\"2020-10-04T17:19:36+00:00\" \/>\n<meta property=\"og:image\" content=\"https:\/\/www.mobilimariani.com\/wp-content\/uploads\/2015\/06\/100.jpg\" \/>\n\t<meta property=\"og:image:width\" content=\"521\" \/>\n\t<meta property=\"og:image:height\" content=\"449\" \/>\n<meta name=\"twitter:label1\" content=\"Est. reading time\">\n\t<meta name=\"twitter:data1\" content=\"1 minute\">\n<script type=\"application\/ld+json\" class=\"yoast-schema-graph\">{\"@context\":\"https:\/\/schema.org\",\"@graph\":[{\"@type\":\"Organization\",\"@id\":\"https:\/\/www.mobilimariani.com\/#organization\",\"name\":\"Mobili Mariani\",\"url\":\"https:\/\/www.mobilimariani.com\/\",\"sameAs\":[],\"logo\":{\"@type\":\"ImageObject\",\"@id\":\"https:\/\/www.mobilimariani.com\/#logo\",\"inLanguage\":\"fr-CH\",\"url\":\"https:\/\/www.mobilimariani.com\/wp-content\/uploads\/2015\/12\/logo.png\",\"contentUrl\":\"https:\/\/www.mobilimariani.com\/wp-content\/uploads\/2015\/12\/logo.png\",\"width\":160,\"height\":110,\"caption\":\"Mobili Mariani\"},\"image\":{\"@id\":\"https:\/\/www.mobilimariani.com\/#logo\"}},{\"@type\":\"WebSite\",\"@id\":\"https:\/\/www.mobilimariani.com\/#website\",\"url\":\"https:\/\/www.mobilimariani.com\/\",\"name\":\"Mobili Mariani\",\"description\":\"Mobili Italia Svizzera\",\"publisher\":{\"@id\":\"https:\/\/www.mobilimariani.com\/#organization\"},\"potentialAction\":[{\"@type\":\"SearchAction\",\"target\":\"https:\/\/www.mobilimariani.com\/?s={search_term_string}\",\"query-input\":\"required name=search_term_string\"}],\"inLanguage\":\"fr-CH\"},{\"@type\":\"ImageObject\",\"@id\":\"https:\/\/www.mobilimariani.com\/fr\/de-rosso-alfabox\/#primaryimage\",\"inLanguage\":\"fr-CH\",\"url\":\"https:\/\/www.mobilimariani.com\/wp-content\/uploads\/2015\/06\/100.jpg\",\"contentUrl\":\"https:\/\/www.mobilimariani.com\/wp-content\/uploads\/2015\/06\/100.jpg\",\"width\":521,\"height\":449,\"caption\":\"DE ROSSO ALFABOX\"},{\"@type\":\"WebPage\",\"@id\":\"https:\/\/www.mobilimariani.com\/fr\/de-rosso-alfabox\/#webpage\",\"url\":\"https:\/\/www.mobilimariani.com\/fr\/de-rosso-alfabox\/\",\"name\":\"DE ROSSO ALFABOX | Mobili Mariani\",\"isPartOf\":{\"@id\":\"https:\/\/www.mobilimariani.com\/#website\"},\"primaryImageOfPage\":{\"@id\":\"https:\/\/www.mobilimariani.com\/fr\/de-rosso-alfabox\/#primaryimage\"},\"datePublished\":\"2020-09-15T14:51:11+00:00\",\"dateModified\":\"2020-10-04T17:19:36+00:00\",\"description\":\"DE ROSSO ALFABOX Vedettes mobilier original et cr\\u00e9atif, sont d\\u00e9cor\\u00e9es et personnalis\\u00e9es au plus haut niveau. Les placards Alfabox sont tres personalisable\",\"breadcrumb\":{\"@id\":\"https:\/\/www.mobilimariani.com\/fr\/de-rosso-alfabox\/#breadcrumb\"},\"inLanguage\":\"fr-CH\",\"potentialAction\":[{\"@type\":\"ReadAction\",\"target\":[\"https:\/\/www.mobilimariani.com\/fr\/de-rosso-alfabox\/\"]}]},{\"@type\":\"BreadcrumbList\",\"@id\":\"https:\/\/www.mobilimariani.com\/fr\/de-rosso-alfabox\/#breadcrumb\",\"itemListElement\":[{\"@type\":\"ListItem\",\"position\":1,\"item\":{\"@type\":\"WebPage\",\"@id\":\"https:\/\/www.mobilimariani.com\/\",\"url\":\"https:\/\/www.mobilimariani.com\/\",\"name\":\"Home\"}},{\"@type\":\"ListItem\",\"position\":2,\"item\":{\"@id\":\"https:\/\/www.mobilimariani.com\/fr\/de-rosso-alfabox\/#webpage\"}}]},{\"@type\":\"Article\",\"@id\":\"https:\/\/www.mobilimariani.com\/fr\/de-rosso-alfabox\/#article\",\"isPartOf\":{\"@id\":\"https:\/\/www.mobilimariani.com\/fr\/de-rosso-alfabox\/#webpage\"},\"author\":{\"@id\":\"https:\/\/www.mobilimariani.com\/#\/schema\/person\/4685d9f51269134e53f988c9122315f4\"},\"headline\":\"DE ROSSO ALFABOX\",\"datePublished\":\"2020-09-15T14:51:11+00:00\",\"dateModified\":\"2020-10-04T17:19:36+00:00\",\"mainEntityOfPage\":{\"@id\":\"https:\/\/www.mobilimariani.com\/fr\/de-rosso-alfabox\/#webpage\"},\"publisher\":{\"@id\":\"https:\/\/www.mobilimariani.com\/#organization\"},\"image\":{\"@id\":\"https:\/\/www.mobilimariani.com\/fr\/de-rosso-alfabox\/#primaryimage\"},\"keywords\":[\"DE ROSSO\"],\"articleSection\":[\"Autre\",\"Catalogue\",\"Placards\",\"Salle jour\"],\"inLanguage\":\"fr-CH\"},{\"@type\":\"Person\",\"@id\":\"https:\/\/www.mobilimariani.com\/#\/schema\/person\/4685d9f51269134e53f988c9122315f4\",\"name\":\"14m4rC008\",\"image\":{\"@type\":\"ImageObject\",\"@id\":\"https:\/\/www.mobilimariani.com\/#personlogo\",\"inLanguage\":\"fr-CH\",\"url\":\"https:\/\/secure.gravatar.com\/avatar\/dfaa6e536fec7030712cf850e9ddef45?s=96&d=mm&r=g\",\"contentUrl\":\"https:\/\/secure.gravatar.com\/avatar\/dfaa6e536fec7030712cf850e9ddef45?s=96&d=mm&r=g\",\"caption\":\"14m4rC008\"}}]}<\/script>\n<!-- \/ Yoast SEO plugin. -->","_links":{"self":[{"href":"https:\/\/www.mobilimariani.com\/fr\/wp-json\/wp\/v2\/posts\/4857"}],"collection":[{"href":"https:\/\/www.mobilimariani.com\/fr\/wp-json\/wp\/v2\/posts"}],"about":[{"href":"https:\/\/www.mobilimariani.com\/fr\/wp-json\/wp\/v2\/types\/post"}],"author":[{"embeddable":true,"href":"https:\/\/www.mobilimariani.com\/fr\/wp-json\/wp\/v2\/users\/1"}],"replies":[{"embeddable":true,"href":"https:\/\/www.mobilimariani.com\/fr\/wp-json\/wp\/v2\/comments?post=4857"}],"version-history":[{"count":4,"href":"https:\/\/www.mobilimariani.com\/fr\/wp-json\/wp\/v2\/posts\/4857\/revisions"}],"predecessor-version":[{"id":25788,"href":"https:\/\/www.mobilimariani.com\/fr\/wp-json\/wp\/v2\/posts\/4857\/revisions\/25788"}],"wp:featuredmedia":[{"embeddable":true,"href":"https:\/\/www.mobilimariani.com\/fr\/wp-json\/wp\/v2\/media\/4193"}],"wp:attachment":[{"href":"https:\/\/www.mobilimariani.com\/fr\/wp-json\/wp\/v2\/media?parent=4857"}],"wp:term":[{"taxonomy":"category","embeddable":true,"href":"https:\/\/www.mobilimariani.com\/fr\/wp-json\/wp\/v2\/categories?post=4857"},{"taxonomy":"post_tag","embeddable":true,"href":"https:\/\/www.mobilimariani.com\/fr\/wp-json\/wp\/v2\/tags?post=4857"}],"curies":[{"name":"wp","href":"https:\/\/api.w.org\/{rel}","templated":true}]}}